{"id":582601,"date":"2025-02-09T18:21:42","date_gmt":"2025-02-10T00:21:42","guid":{"rendered":"https:\/\/www.zunoticia.com\/noticias-de-hidalgo\/?p=582601"},"modified":"2025-02-09T18:21:44","modified_gmt":"2025-02-10T00:21:44","slug":"ultimo-dia-para-tramitar-la-credencial-de-elector","status":"publish","type":"post","link":"https:\/\/www.zunoticia.com\/noticias-de-hidalgo\/2025\/02\/09\/ultimo-dia-para-tramitar-la-credencial-de-elector\/","title":{"rendered":"\u00daltimo d\u00eda para tramitar la credencial de elector"},"content":{"rendered":"<aside class=\"mashsb-container mashsb-main mashsb-stretched\"><div class=\"mashsb-box\"><div class=\"mashsb-count mash-large\" style=\"float:left\"><div class=\"counts mashsbcount\">0<\/div><span class=\"mashsb-sharetext\">SHARES<\/span><\/div><div class=\"mashsb-buttons\"><a class=\"mashicon-facebook mash-large mash-center mashsb-noshadow\" href=\"https:\/\/www.facebook.com\/sharer.php?u=https%3A%2F%2Fwww.zunoticia.com%2Fnoticias-de-hidalgo%2F2025%2F02%2F09%2Fultimo-dia-para-tramitar-la-credencial-de-elector%2F\" target=\"_top\" rel=\"nofollow\"><span class=\"icon\"><\/span><span class=\"text\">Share<\/span><\/a><a class=\"mashicon-twitter mash-large mash-center mashsb-noshadow\" href=\"https:\/\/twitter.com\/intent\/tweet?text=&amp;url=https:\/\/www.zunoticia.com\/noticias-de-hidalgo\/2025\/02\/09\/ultimo-dia-para-tramitar-la-credencial-de-elector\/\" target=\"_top\" rel=\"nofollow\"><span class=\"icon\"><\/span><span class=\"text\">Tweet<\/span><\/a><div class=\"onoffswitch2 mash-large mashsb-noshadow\" style=\"display:none\"><\/div><\/div>\n            <\/div>\n                <div style=\"clear:both\"><\/div><div class=\"mashsb-toggle-container\"><\/div><\/aside>\n            <!-- Share buttons by mashshare.net - Version: 4.0.47-->\n<p><em>Por Karen Rivera\/Zunoticia<\/em><\/p>\n\n\n\n<p><strong>Huejutla de Reyes, Hgo.-<\/strong> Este 10 de febrero es el \u00faltimo d\u00eda designado para realizar el tr\u00e1mite de la credencial de elector.<\/p>\n\n\n\n<p>El m\u00f3dulo de atenci\u00f3n del Instituto Nacional Electoral (INE) hace una atenta invitaci\u00f3n para que la ciudadan\u00eda acuda a solicitar su tr\u00e1mite por primera vez, cambio de domicilio o reposici\u00f3n.<\/p>\n\n\n\n<p>Las oficinas ubicadas en la Aviaci\u00f3n Civil, sobre el Bulevar Adolfo L\u00f3pez Mateos, cerrar\u00e1 con el tr\u00e1mite de identificaciones oficiales, esto ante el pr\u00f3ximo proceso de elecci\u00f3n del Poder Judicial, el cual se llevar\u00e1 a cabo en el mes de junio del presente a\u00f1o.<\/p>\n\n\n\n<p>Ante este evento, cerrar\u00e1n las ventanillas para los diversos tr\u00e1mites y solo se aplazar\u00e1 hasta el 28 de febrero la reposici\u00f3n de la identificaci\u00f3n oficial.<\/p>\n\n\n\n<p>Los requisitos para este tr\u00e1mite son: Acta de nacimiento original, una identificaci\u00f3n con fotograf\u00eda (pasaporte, credencial escolar, licencia de conducir, cartilla militar), comprobante de domicilio (recibo de agua, luz o tel\u00e9fono, recibo de pago de impuestos, contrato de arrendamiento, etc.) y presentar la solicitud realizada en el INE.<\/p>\n\n\n\n<p>Finalmente, en este d\u00eda se espera una gran asistencia de atenci\u00f3n en el tr\u00e1mite de la identificaci\u00f3n.<\/p>\n\n\n\n<p>Foto: \u00daltimo d\u00eda para tramitar&nbsp;la&nbsp;INE.<\/p>\n","protected":false},"excerpt":{"rendered":"<p>Por Karen Rivera\/Zunoticia Huejutla de Reyes, Hgo.- Este 10 de febrero es el \u00faltimo d\u00eda designado para realizar el tr\u00e1mite de la credencial de elector. El m\u00f3dulo de atenci\u00f3n del Instituto Nacional Electoral (INE) hace una atenta invitaci\u00f3n para que la ciudadan\u00eda acuda a solicitar su tr\u00e1mite por primera vez, cambio de domicilio o reposici\u00f3n.&hellip; <a class=\"more-link\" href=\"https:\/\/www.zunoticia.com\/noticias-de-hidalgo\/2025\/02\/09\/ultimo-dia-para-tramitar-la-credencial-de-elector\/\">Seguir leyendo <span class=\"screen-reader-text\">\u00daltimo d\u00eda para tramitar la credencial de elector<\/span><\/a><\/p>\n","protected":false},"author":12,"featured_media":582602,"comment_status":"open","ping_status":"open","sticky":false,"template":"","format":"standard","meta":{"rop_custom_images_group":[],"rop_custom_messages_group":[],"rop_publish_now":"initial","rop_publish_now_accounts":{"facebook_10159540855086992_322828327761733":""},"rop_publish_now_history":[],"rop_publish_now_status":"pending","footnotes":""},"categories":[181],"tags":[121],"class_list":["post-582601","post","type-post","status-publish","format-standard","has-post-thumbnail","hentry","category-huejutla","tag-huejutla","entry"],"_links":{"self":[{"href":"https:\/\/www.zunoticia.com\/noticias-de-hidalgo\/wp-json\/wp\/v2\/posts\/582601","targetHints":{"allow":["GET"]}}],"collection":[{"href":"https:\/\/www.zunoticia.com\/noticias-de-hidalgo\/wp-json\/wp\/v2\/posts"}],"about":[{"href":"https:\/\/www.zunoticia.com\/noticias-de-hidalgo\/wp-json\/wp\/v2\/types\/post"}],"author":[{"embeddable":true,"href":"https:\/\/www.zunoticia.com\/noticias-de-hidalgo\/wp-json\/wp\/v2\/users\/12"}],"replies":[{"embeddable":true,"href":"https:\/\/www.zunoticia.com\/noticias-de-hidalgo\/wp-json\/wp\/v2\/comments?post=582601"}],"version-history":[{"count":1,"href":"https:\/\/www.zunoticia.com\/noticias-de-hidalgo\/wp-json\/wp\/v2\/posts\/582601\/revisions"}],"predecessor-version":[{"id":582603,"href":"https:\/\/www.zunoticia.com\/noticias-de-hidalgo\/wp-json\/wp\/v2\/posts\/582601\/revisions\/582603"}],"wp:featuredmedia":[{"embeddable":true,"href":"https:\/\/www.zunoticia.com\/noticias-de-hidalgo\/wp-json\/wp\/v2\/media\/582602"}],"wp:attachment":[{"href":"https:\/\/www.zunoticia.com\/noticias-de-hidalgo\/wp-json\/wp\/v2\/media?parent=582601"}],"wp:term":[{"taxonomy":"category","embeddable":true,"href":"https:\/\/www.zunoticia.com\/noticias-de-hidalgo\/wp-json\/wp\/v2\/categories?post=582601"},{"taxonomy":"post_tag","embeddable":true,"href":"https:\/\/www.zunoticia.com\/noticias-de-hidalgo\/wp-json\/wp\/v2\/tags?post=582601"}],"curies":[{"name":"wp","href":"https:\/\/api.w.org\/{rel}","templated":true}]}}