{"id":582617,"date":"2025-02-09T19:10:28","date_gmt":"2025-02-10T01:10:28","guid":{"rendered":"https:\/\/www.zunoticia.com\/noticias-de-hidalgo\/?p=582617"},"modified":"2025-02-09T19:10:31","modified_gmt":"2025-02-10T01:10:31","slug":"avanza-transformacion-del-jardin-de-los-hombres-y-las-mujeres-ilustres","status":"publish","type":"post","link":"https:\/\/www.zunoticia.com\/noticias-de-hidalgo\/2025\/02\/09\/avanza-transformacion-del-jardin-de-los-hombres-y-las-mujeres-ilustres\/","title":{"rendered":"Avanza transformaci\u00f3n del Jard\u00edn de los Hombres y las Mujeres Ilustres"},"content":{"rendered":"<aside class=\"mashsb-container mashsb-main mashsb-stretched\"><div class=\"mashsb-box\"><div class=\"mashsb-count mash-large\" style=\"float:left\"><div class=\"counts mashsbcount\">0<\/div><span class=\"mashsb-sharetext\">SHARES<\/span><\/div><div class=\"mashsb-buttons\"><a class=\"mashicon-facebook mash-large mash-center mashsb-noshadow\" href=\"https:\/\/www.facebook.com\/sharer.php?u=https%3A%2F%2Fwww.zunoticia.com%2Fnoticias-de-hidalgo%2F2025%2F02%2F09%2Favanza-transformacion-del-jardin-de-los-hombres-y-las-mujeres-ilustres%2F\" target=\"_top\" rel=\"nofollow\"><span class=\"icon\"><\/span><span class=\"text\">Share<\/span><\/a><a class=\"mashicon-twitter mash-large mash-center mashsb-noshadow\" href=\"https:\/\/twitter.com\/intent\/tweet?text=&amp;url=https:\/\/www.zunoticia.com\/noticias-de-hidalgo\/2025\/02\/09\/avanza-transformacion-del-jardin-de-los-hombres-y-las-mujeres-ilustres\/\" target=\"_top\" rel=\"nofollow\"><span class=\"icon\"><\/span><span class=\"text\">Tweet<\/span><\/a><div class=\"onoffswitch2 mash-large mashsb-noshadow\" style=\"display:none\"><\/div><\/div>\n            <\/div>\n                <div style=\"clear:both\"><\/div><div class=\"mashsb-toggle-container\"><\/div><\/aside>\n            <!-- Share buttons by mashshare.net - Version: 4.0.47-->\n<ul class=\"wp-block-list\">\n<li>El Gobierno de Hidalgo hizo un llamado a la poblaci\u00f3n para cuidar esta \u00e1rea verde de la capital del estado.<\/li>\n<\/ul>\n\n\n\n<p><a><\/a><a><em>Por Redacci\u00f3n\/Zunoticia<\/em><\/a><\/p>\n\n\n\n<p><strong>Pachuca de Soto, Hgo.-<\/strong> En breve concluir\u00e1n las obras de remodelaci\u00f3n que se llevan a cabo en el Jard\u00edn de los Hombres y las Mujeres Ilustres, dio a conocer Edgar Orlando \u00c1ngeles P\u00e9rez, titular de la Oficial\u00eda Mayor de Hidalgo, quien destac\u00f3 la importancia de esta \u00e1rea verde para la poblaci\u00f3n hidalguense.<\/p>\n\n\n\n<figure class=\"wp-block-image size-full\"><img fetchpriority=\"high\" decoding=\"async\" width=\"1280\" height=\"854\" src=\"https:\/\/www.zunoticia.com\/noticias-de-hidalgo\/wp-content\/uploads\/2025\/02\/eZy-Watermark_09-02-2025_07-04-20-0390p.m.jpg\" alt=\"\" class=\"wp-image-582621\"\/><\/figure>\n\n\n\n<p>\u201cSeguimos trabajando bajo la instrucci\u00f3n del gobernador Julio Menchaca Salazar para contar con espacios p\u00fablicos dignos, m\u00e1s seguros y renovados para nuestra comunidad, como lo marca la Ley de Imagen Urbana para el Estado de Hidalgo\u201d, afirm\u00f3 el oficial mayor.<\/p>\n\n\n\n<figure class=\"wp-block-image size-full\"><img decoding=\"async\" width=\"1280\" height=\"854\" src=\"https:\/\/www.zunoticia.com\/noticias-de-hidalgo\/wp-content\/uploads\/2025\/02\/eZy-Watermark_09-02-2025_07-04-54-7520p.m.jpg\" alt=\"\" class=\"wp-image-582619\"\/><\/figure>\n\n\n\n<p>\u00c1ngeles P\u00e9rez record\u00f3 que este espacio, ubicado en el centro de la capital hidalguense, enfrentaba diversas problem\u00e1ticas que afectaban su seguridad y conservaci\u00f3n. Entre ellas, destac\u00f3 una plaga que deterioraba la flora del lugar, el abandono de la infraestructura y una creciente incidencia delictiva. Se reportaron casos de robo a transe\u00fantes, hostigamiento a mujeres que transitaban desde la estaci\u00f3n del Tuzob\u00fas Presidente Alem\u00e1n hasta Plaza Ju\u00e1rez, as\u00ed como situaciones de acoso por parte de personas en situaci\u00f3n de calle.<\/p>\n\n\n\n<figure class=\"wp-block-image size-full\"><img decoding=\"async\" width=\"1280\" height=\"854\" src=\"https:\/\/www.zunoticia.com\/noticias-de-hidalgo\/wp-content\/uploads\/2025\/02\/eZy-Watermark_09-02-2025_07-05-15-9780p.m.jpg\" alt=\"\" class=\"wp-image-582618\"\/><\/figure>\n\n\n\n<p>Ante esta situaci\u00f3n, se llevaron a cabo actividades de rehabilitaci\u00f3n y acondicionamiento del jard\u00edn, con el objetivo de recuperar su funcionalidad y seguridad. Estas acciones fueron necesarias debido a los constantes hechos de vandalismo y destrucci\u00f3n que afectaban el espacio, comprometiendo su uso y disfrute por parte de la ciudadan\u00eda.<\/p>\n\n\n\n<p>Para atender lo antes mencionado, se sembraron m\u00e1s de 200 \u00e1rboles y m\u00e1s de 10 mil especies vegetales, se realiz\u00f3 la modernizaci\u00f3n de la infraestructura, comenzando por el pavimento, luminarias y la implementaci\u00f3n de un sistema de riego automatizado.<\/p>\n\n\n\n<p>Asimismo, con el prop\u00f3sito de evitar asaltos nocturnos a las personas transe\u00fantes y reducir actos de vandalismo, se implement\u00f3 el cerco perimetral del Jard\u00edn, el cual abrir\u00e1 sus puertas diariamente de 6:00 a 23:00 horas.<\/p>\n\n\n\n<p>\u201cEsta medida forma parte de un esfuerzo conjunto entre el Gobierno de Hidalgo y la ciudadan\u00eda, reafirmando nuestro compromiso con la seguridad y el bienestar de quienes disfrutan de estos espacios\u201d, puntualiz\u00f3 el funcionario estatal.<\/p>\n\n\n\n<p>Finalmente, Orlando \u00c1ngeles hizo un llamado a todas las personas a seguir colaborando con el cuidado del Jard\u00edn de los Hombres y las Mujeres Ilustres, respetando los horarios y reportando cualquier situaci\u00f3n que ponga en riesgo la seguridad de la poblaci\u00f3n y la conservaci\u00f3n del espacio.<\/p>\n","protected":false},"excerpt":{"rendered":"<p>Por Redacci\u00f3n\/Zunoticia Pachuca de Soto, Hgo.- En breve concluir\u00e1n las obras de remodelaci\u00f3n que se llevan a cabo en el Jard\u00edn de los Hombres y las Mujeres Ilustres, dio a conocer Edgar Orlando \u00c1ngeles P\u00e9rez, titular de la Oficial\u00eda Mayor de Hidalgo, quien destac\u00f3 la importancia de esta \u00e1rea verde para la poblaci\u00f3n hidalguense. \u201cSeguimos&hellip; <a class=\"more-link\" href=\"https:\/\/www.zunoticia.com\/noticias-de-hidalgo\/2025\/02\/09\/avanza-transformacion-del-jardin-de-los-hombres-y-las-mujeres-ilustres\/\">Seguir leyendo <span class=\"screen-reader-text\">Avanza transformaci\u00f3n del Jard\u00edn de los Hombres y las Mujeres Ilustres<\/span><\/a><\/p>\n","protected":false},"author":12,"featured_media":582620,"comment_status":"open","ping_status":"open","sticky":false,"template":"","format":"standard","meta":{"rop_custom_images_group":[],"rop_custom_messages_group":[],"rop_publish_now":"initial","rop_publish_now_accounts":{"facebook_10159540855086992_322828327761733":""},"rop_publish_now_history":[],"rop_publish_now_status":"pending","footnotes":""},"categories":[208],"tags":[214],"class_list":["post-582617","post","type-post","status-publish","format-standard","has-post-thumbnail","hentry","category-estado","tag-estado","entry"],"_links":{"self":[{"href":"https:\/\/www.zunoticia.com\/noticias-de-hidalgo\/wp-json\/wp\/v2\/posts\/582617","targetHints":{"allow":["GET"]}}],"collection":[{"href":"https:\/\/www.zunoticia.com\/noticias-de-hidalgo\/wp-json\/wp\/v2\/posts"}],"about":[{"href":"https:\/\/www.zunoticia.com\/noticias-de-hidalgo\/wp-json\/wp\/v2\/types\/post"}],"author":[{"embeddable":true,"href":"https:\/\/www.zunoticia.com\/noticias-de-hidalgo\/wp-json\/wp\/v2\/users\/12"}],"replies":[{"embeddable":true,"href":"https:\/\/www.zunoticia.com\/noticias-de-hidalgo\/wp-json\/wp\/v2\/comments?post=582617"}],"version-history":[{"count":1,"href":"https:\/\/www.zunoticia.com\/noticias-de-hidalgo\/wp-json\/wp\/v2\/posts\/582617\/revisions"}],"predecessor-version":[{"id":582622,"href":"https:\/\/www.zunoticia.com\/noticias-de-hidalgo\/wp-json\/wp\/v2\/posts\/582617\/revisions\/582622"}],"wp:featuredmedia":[{"embeddable":true,"href":"https:\/\/www.zunoticia.com\/noticias-de-hidalgo\/wp-json\/wp\/v2\/media\/582620"}],"wp:attachment":[{"href":"https:\/\/www.zunoticia.com\/noticias-de-hidalgo\/wp-json\/wp\/v2\/media?parent=582617"}],"wp:term":[{"taxonomy":"category","embeddable":true,"href":"https:\/\/www.zunoticia.com\/noticias-de-hidalgo\/wp-json\/wp\/v2\/categories?post=582617"},{"taxonomy":"post_tag","embeddable":true,"href":"https:\/\/www.zunoticia.com\/noticias-de-hidalgo\/wp-json\/wp\/v2\/tags?post=582617"}],"curies":[{"name":"wp","href":"https:\/\/api.w.org\/{rel}","templated":true}]}}