{"id":582787,"date":"2025-02-11T09:31:30","date_gmt":"2025-02-11T15:31:30","guid":{"rendered":"https:\/\/www.zunoticia.com\/noticias-de-hidalgo\/?p=582787"},"modified":"2025-02-11T09:31:32","modified_gmt":"2025-02-11T15:31:32","slug":"conmemoran-natalicio-de-francisco-de-p-mariel","status":"publish","type":"post","link":"https:\/\/www.zunoticia.com\/noticias-de-hidalgo\/2025\/02\/11\/conmemoran-natalicio-de-francisco-de-p-mariel\/","title":{"rendered":"Conmemoran natalicio de Francisco de P. Mariel"},"content":{"rendered":"<aside class=\"mashsb-container mashsb-main mashsb-stretched\"><div class=\"mashsb-box\"><div class=\"mashsb-count mash-large\" style=\"float:left\"><div class=\"counts mashsbcount\">0<\/div><span class=\"mashsb-sharetext\">SHARES<\/span><\/div><div class=\"mashsb-buttons\"><a class=\"mashicon-facebook mash-large mash-center mashsb-noshadow\" href=\"https:\/\/www.facebook.com\/sharer.php?u=https%3A%2F%2Fwww.zunoticia.com%2Fnoticias-de-hidalgo%2F2025%2F02%2F11%2Fconmemoran-natalicio-de-francisco-de-p-mariel%2F\" target=\"_top\" rel=\"nofollow\"><span class=\"icon\"><\/span><span class=\"text\">Share<\/span><\/a><a class=\"mashicon-twitter mash-large mash-center mashsb-noshadow\" href=\"https:\/\/twitter.com\/intent\/tweet?text=&amp;url=https:\/\/www.zunoticia.com\/noticias-de-hidalgo\/2025\/02\/11\/conmemoran-natalicio-de-francisco-de-p-mariel\/\" target=\"_top\" rel=\"nofollow\"><span class=\"icon\"><\/span><span class=\"text\">Tweet<\/span><\/a><div class=\"onoffswitch2 mash-large mashsb-noshadow\" style=\"display:none\"><\/div><\/div>\n            <\/div>\n                <div style=\"clear:both\"><\/div><div class=\"mashsb-toggle-container\"><\/div><\/aside>\n            <!-- Share buttons by mashshare.net - Version: 4.0.47-->\n<p><em>Por Enedino Hern\u00e1ndez Alonso\/Zunoticia<\/em><\/p>\n\n\n\n<p><strong>Huejutla, Hidalgo. &#8211; <\/strong>Con un evento c\u00edvico y honores a la bandera, est\u00e1 ma\u00f1ana del martes 11 de febrero en la explanada del reloj municipal de Huejutla de Reyes se llev\u00f3 a cabo el izamiento de bandera a toda asta con motivo del 138 aniversario del natalicio del general Francisco de P. Mariel y Careta.<\/p>\n\n\n\n<figure class=\"wp-block-image size-full\"><img fetchpriority=\"high\" decoding=\"async\" width=\"1600\" height=\"900\" src=\"https:\/\/www.zunoticia.com\/noticias-de-hidalgo\/wp-content\/uploads\/2025\/02\/Natalicio-de-Francisco-de-P.-Mariel-2.jpeg\" alt=\"\" class=\"wp-image-582789\"\/><\/figure>\n\n\n\n<p>En el evento se cont\u00f3 con la presencia del secretario municipal, Jos\u00e9 Luis Fayad Torres; integrantes de la asamblea municipal, as\u00ed como dem\u00e1s funcionarios municipales de las diversas \u00e1reas de la presidencia de Huejutla.<\/p>\n\n\n\n<p>En el evento c\u00edvico tambi\u00e9n hicieron acto de presencia los alumnos de la escuela primaria Fidel Rodr\u00edguez Morales, y la banda de guerra del Instituto Tecnol\u00f3gico de Huejutla.<\/p>\n\n\n\n<figure class=\"wp-block-image size-full\"><img decoding=\"async\" width=\"1600\" height=\"900\" src=\"https:\/\/www.zunoticia.com\/noticias-de-hidalgo\/wp-content\/uploads\/2025\/02\/Natalicio-de-Francisco-de-P.-Mariel-3.jpeg\" alt=\"\" class=\"wp-image-582790\"\/><\/figure>\n\n\n\n<p>Tras concluir con el izamiento de bandera, las autoridades municipales procedieron a depositar una ofrenda floral ante el monumento a Francisco de P. Mariel ubicado en el centro de esta ciudad de Huejutla.<\/p>\n","protected":false},"excerpt":{"rendered":"<p>Por Enedino Hern\u00e1ndez Alonso\/Zunoticia Huejutla, Hidalgo. &#8211; Con un evento c\u00edvico y honores a la bandera, est\u00e1 ma\u00f1ana del martes 11 de febrero en la explanada del reloj municipal de Huejutla de Reyes se llev\u00f3 a cabo el izamiento de bandera a toda asta con motivo del 138 aniversario del natalicio del general Francisco de&hellip; <a class=\"more-link\" href=\"https:\/\/www.zunoticia.com\/noticias-de-hidalgo\/2025\/02\/11\/conmemoran-natalicio-de-francisco-de-p-mariel\/\">Seguir leyendo <span class=\"screen-reader-text\">Conmemoran natalicio de Francisco de P. Mariel<\/span><\/a><\/p>\n","protected":false},"author":23,"featured_media":582788,"comment_status":"open","ping_status":"open","sticky":false,"template":"","format":"standard","meta":{"rop_custom_images_group":[],"rop_custom_messages_group":[],"rop_publish_now":"initial","rop_publish_now_accounts":{"facebook_10159540855086992_322828327761733":""},"rop_publish_now_history":[],"rop_publish_now_status":"pending","footnotes":""},"categories":[181],"tags":[121],"class_list":["post-582787","post","type-post","status-publish","format-standard","has-post-thumbnail","hentry","category-huejutla","tag-huejutla","entry"],"_links":{"self":[{"href":"https:\/\/www.zunoticia.com\/noticias-de-hidalgo\/wp-json\/wp\/v2\/posts\/582787","targetHints":{"allow":["GET"]}}],"collection":[{"href":"https:\/\/www.zunoticia.com\/noticias-de-hidalgo\/wp-json\/wp\/v2\/posts"}],"about":[{"href":"https:\/\/www.zunoticia.com\/noticias-de-hidalgo\/wp-json\/wp\/v2\/types\/post"}],"author":[{"embeddable":true,"href":"https:\/\/www.zunoticia.com\/noticias-de-hidalgo\/wp-json\/wp\/v2\/users\/23"}],"replies":[{"embeddable":true,"href":"https:\/\/www.zunoticia.com\/noticias-de-hidalgo\/wp-json\/wp\/v2\/comments?post=582787"}],"version-history":[{"count":1,"href":"https:\/\/www.zunoticia.com\/noticias-de-hidalgo\/wp-json\/wp\/v2\/posts\/582787\/revisions"}],"predecessor-version":[{"id":582791,"href":"https:\/\/www.zunoticia.com\/noticias-de-hidalgo\/wp-json\/wp\/v2\/posts\/582787\/revisions\/582791"}],"wp:featuredmedia":[{"embeddable":true,"href":"https:\/\/www.zunoticia.com\/noticias-de-hidalgo\/wp-json\/wp\/v2\/media\/582788"}],"wp:attachment":[{"href":"https:\/\/www.zunoticia.com\/noticias-de-hidalgo\/wp-json\/wp\/v2\/media?parent=582787"}],"wp:term":[{"taxonomy":"category","embeddable":true,"href":"https:\/\/www.zunoticia.com\/noticias-de-hidalgo\/wp-json\/wp\/v2\/categories?post=582787"},{"taxonomy":"post_tag","embeddable":true,"href":"https:\/\/www.zunoticia.com\/noticias-de-hidalgo\/wp-json\/wp\/v2\/tags?post=582787"}],"curies":[{"name":"wp","href":"https:\/\/api.w.org\/{rel}","templated":true}]}}