{"id":582810,"date":"2025-02-11T14:12:09","date_gmt":"2025-02-11T20:12:09","guid":{"rendered":"https:\/\/www.zunoticia.com\/noticias-de-hidalgo\/?p=582810"},"modified":"2025-02-11T14:12:11","modified_gmt":"2025-02-11T20:12:11","slug":"fortalece-ihea-lineamientos-para-el-proceso-de-alfabetizacion","status":"publish","type":"post","link":"https:\/\/www.zunoticia.com\/noticias-de-hidalgo\/2025\/02\/11\/fortalece-ihea-lineamientos-para-el-proceso-de-alfabetizacion\/","title":{"rendered":"Fortalece IHEA lineamientos para el proceso de alfabetizaci\u00f3n"},"content":{"rendered":"<aside class=\"mashsb-container mashsb-main mashsb-stretched\"><div class=\"mashsb-box\"><div class=\"mashsb-count mash-large\" style=\"float:left\"><div class=\"counts mashsbcount\">56<\/div><span class=\"mashsb-sharetext\">SHARES<\/span><\/div><div class=\"mashsb-buttons\"><a class=\"mashicon-facebook mash-large mash-center mashsb-noshadow\" href=\"https:\/\/www.facebook.com\/sharer.php?u=https%3A%2F%2Fwww.zunoticia.com%2Fnoticias-de-hidalgo%2F2025%2F02%2F11%2Ffortalece-ihea-lineamientos-para-el-proceso-de-alfabetizacion%2F\" target=\"_top\" rel=\"nofollow\"><span class=\"icon\"><\/span><span class=\"text\">Share<\/span><\/a><a class=\"mashicon-twitter mash-large mash-center mashsb-noshadow\" href=\"https:\/\/twitter.com\/intent\/tweet?text=&amp;url=https:\/\/www.zunoticia.com\/noticias-de-hidalgo\/2025\/02\/11\/fortalece-ihea-lineamientos-para-el-proceso-de-alfabetizacion\/\" target=\"_top\" rel=\"nofollow\"><span class=\"icon\"><\/span><span class=\"text\">Tweet<\/span><\/a><div class=\"onoffswitch2 mash-large mashsb-noshadow\" style=\"display:none\"><\/div><\/div>\n            <\/div>\n                <div style=\"clear:both\"><\/div><div class=\"mashsb-toggle-container\"><\/div><\/aside>\n            <!-- Share buttons by mashshare.net - Version: 4.0.47-->\n<p><em>Por Enedino Hern\u00e1ndez Alonso\/Zunoticia<\/em><\/p>\n\n\n\n<p><strong>Huejutla, Hgo.-<\/strong> El coordinador de zona del Instituto Hidalguense de Educaci\u00f3n para Adultos (IHEA) 1310 Huejutla, Alberto Bautista Hern\u00e1ndez, confirm\u00f3 que, durante este fin de semana estuvieron en la capital del estado en donde se dieron a conocer los lineamientos correspondientes para fortalecer el proceso de alfabetizaci\u00f3n que se aplicar\u00e1 durante este a\u00f1o.<\/p>\n\n\n\n<p>Indic\u00f3 que, se reunieron en oficinas centrales del IHEA con el director general Pedro Porras P\u00e9rez, en donde se establecieron las metas del INEA para este 2025 con el objetivo de alfabetizar, certificar y contribuir en aumentar la escolaridad de los j\u00f3venes y adultos que se encuentran en rezago educativo.<\/p>\n\n\n\n<p>Se\u00f1al\u00f3 que, se tiene un proyecto de gobierno federal que es impulsado por la doctora Claudia Sheinbaum Pardo y por el secretario de Educaci\u00f3n P\u00fablica, Mario Delgado; la intenci\u00f3n y objetivo primordial es que en el 2026 M\u00e9xico ante la ONU y la UNESCO puedan reconocer y otorgarnos la \u201cbandera blanca\u201d por disminuir el rezago educativo.<\/p>\n\n\n\n<p>Por este motivo, dijo que, acudieron a oficinas centrales en donde se dieron a conocer los objetivos que se tiene que seguir en esta regi\u00f3n de la huasteca, por lo que se busca a las personas que no saben leer y escribir, destacando que la zona comprende cuatro municipios que son Huejutla, San Felipe Orizatl\u00e1n, Jaltoc\u00e1n y Huazalingo.<\/p>\n\n\n\n<p>Subray\u00f3 \u201cla regi\u00f3n huasteca tiene como meta alfabetizar a dos mil personas, ense\u00f1arles a leer y a escribir, es un proyecto que habr\u00e1 de tardar todo el a\u00f1o, sin embargo; nos han dado una pauta de cuatro meses para poder alfabetizar a una persona.<\/p>\n\n\n\n<p>La ventaja es que se tiene a suficiente personal, pues en este 2025 se contrat\u00f3 a m\u00e1s personas para hacer el trabajo, adem\u00e1s se tiene un incentivo para las personas que se van alfabetizar, a quienes se les brindar\u00e1 un apoyo econ\u00f3mico de mil pesos cuando terminen su alfabetizaci\u00f3n\u201d. Alberto Bautista Hern\u00e1ndez, adelant\u00f3 \u201cse espera pr\u00f3ximamente la visita del gobernador del estado para la firma de un convenio con los presidentes municipales para que respalden el proyecto, para que nos ayuden a hacer la difusi\u00f3n en el proyecto de alfabetizaci\u00f3n, para que todos los sectores puedan participar\u201d.<\/p>\n","protected":false},"excerpt":{"rendered":"<p>Por Enedino Hern\u00e1ndez Alonso\/Zunoticia Huejutla, Hgo.- El coordinador de zona del Instituto Hidalguense de Educaci\u00f3n para Adultos (IHEA) 1310 Huejutla, Alberto Bautista Hern\u00e1ndez, confirm\u00f3 que, durante este fin de semana estuvieron en la capital del estado en donde se dieron a conocer los lineamientos correspondientes para fortalecer el proceso de alfabetizaci\u00f3n que se aplicar\u00e1 durante&hellip; <a class=\"more-link\" href=\"https:\/\/www.zunoticia.com\/noticias-de-hidalgo\/2025\/02\/11\/fortalece-ihea-lineamientos-para-el-proceso-de-alfabetizacion\/\">Seguir leyendo <span class=\"screen-reader-text\">Fortalece IHEA lineamientos para el proceso de alfabetizaci\u00f3n<\/span><\/a><\/p>\n","protected":false},"author":20,"featured_media":582811,"comment_status":"open","ping_status":"open","sticky":false,"template":"","format":"standard","meta":{"rop_custom_images_group":[],"rop_custom_messages_group":[],"rop_publish_now":"initial","rop_publish_now_accounts":{"facebook_10159540855086992_322828327761733":""},"rop_publish_now_history":[],"rop_publish_now_status":"pending","footnotes":""},"categories":[181],"tags":[121],"class_list":["post-582810","post","type-post","status-publish","format-standard","has-post-thumbnail","hentry","category-huejutla","tag-huejutla","entry"],"_links":{"self":[{"href":"https:\/\/www.zunoticia.com\/noticias-de-hidalgo\/wp-json\/wp\/v2\/posts\/582810","targetHints":{"allow":["GET"]}}],"collection":[{"href":"https:\/\/www.zunoticia.com\/noticias-de-hidalgo\/wp-json\/wp\/v2\/posts"}],"about":[{"href":"https:\/\/www.zunoticia.com\/noticias-de-hidalgo\/wp-json\/wp\/v2\/types\/post"}],"author":[{"embeddable":true,"href":"https:\/\/www.zunoticia.com\/noticias-de-hidalgo\/wp-json\/wp\/v2\/users\/20"}],"replies":[{"embeddable":true,"href":"https:\/\/www.zunoticia.com\/noticias-de-hidalgo\/wp-json\/wp\/v2\/comments?post=582810"}],"version-history":[{"count":1,"href":"https:\/\/www.zunoticia.com\/noticias-de-hidalgo\/wp-json\/wp\/v2\/posts\/582810\/revisions"}],"predecessor-version":[{"id":582812,"href":"https:\/\/www.zunoticia.com\/noticias-de-hidalgo\/wp-json\/wp\/v2\/posts\/582810\/revisions\/582812"}],"wp:featuredmedia":[{"embeddable":true,"href":"https:\/\/www.zunoticia.com\/noticias-de-hidalgo\/wp-json\/wp\/v2\/media\/582811"}],"wp:attachment":[{"href":"https:\/\/www.zunoticia.com\/noticias-de-hidalgo\/wp-json\/wp\/v2\/media?parent=582810"}],"wp:term":[{"taxonomy":"category","embeddable":true,"href":"https:\/\/www.zunoticia.com\/noticias-de-hidalgo\/wp-json\/wp\/v2\/categories?post=582810"},{"taxonomy":"post_tag","embeddable":true,"href":"https:\/\/www.zunoticia.com\/noticias-de-hidalgo\/wp-json\/wp\/v2\/tags?post=582810"}],"curies":[{"name":"wp","href":"https:\/\/api.w.org\/{rel}","templated":true}]}}