{"id":582813,"date":"2025-02-11T14:49:44","date_gmt":"2025-02-11T20:49:44","guid":{"rendered":"https:\/\/www.zunoticia.com\/noticias-de-hidalgo\/?p=582813"},"modified":"2025-02-11T14:49:46","modified_gmt":"2025-02-11T20:49:46","slug":"piden-solucion-a-los-tramites-de-correccion-administrativa","status":"publish","type":"post","link":"https:\/\/www.zunoticia.com\/noticias-de-hidalgo\/2025\/02\/11\/piden-solucion-a-los-tramites-de-correccion-administrativa\/","title":{"rendered":"Piden soluci\u00f3n a los tr\u00e1mites de correcci\u00f3n administrativa"},"content":{"rendered":"<aside class=\"mashsb-container mashsb-main mashsb-stretched\"><div class=\"mashsb-box\"><div class=\"mashsb-count mash-large\" style=\"float:left\"><div class=\"counts mashsbcount\">0<\/div><span class=\"mashsb-sharetext\">SHARES<\/span><\/div><div class=\"mashsb-buttons\"><a class=\"mashicon-facebook mash-large mash-center mashsb-noshadow\" href=\"https:\/\/www.facebook.com\/sharer.php?u=https%3A%2F%2Fwww.zunoticia.com%2Fnoticias-de-hidalgo%2F2025%2F02%2F11%2Fpiden-solucion-a-los-tramites-de-correccion-administrativa%2F\" target=\"_top\" rel=\"nofollow\"><span class=\"icon\"><\/span><span class=\"text\">Share<\/span><\/a><a class=\"mashicon-twitter mash-large mash-center mashsb-noshadow\" href=\"https:\/\/twitter.com\/intent\/tweet?text=&amp;url=https:\/\/www.zunoticia.com\/noticias-de-hidalgo\/2025\/02\/11\/piden-solucion-a-los-tramites-de-correccion-administrativa\/\" target=\"_top\" rel=\"nofollow\"><span class=\"icon\"><\/span><span class=\"text\">Tweet<\/span><\/a><div class=\"onoffswitch2 mash-large mashsb-noshadow\" style=\"display:none\"><\/div><\/div>\n            <\/div>\n                <div style=\"clear:both\"><\/div><div class=\"mashsb-toggle-container\"><\/div><\/aside>\n            <!-- Share buttons by mashshare.net - Version: 4.0.47-->\n<ul class=\"wp-block-list\">\n<li>&#8220;Es necesaria una campa\u00f1a permanente en la huasteca&#8221;, Lic. Jos\u00e9 Granados, abogado postulante.<\/li>\n<\/ul>\n\n\n\n<p><em>Por Karen Rivera\/ Zunoticia<\/em><\/p>\n\n\n\n<p><strong>Huejutla de Reyes, Hgo<\/strong>.- Como una justicia social y ver por qui\u00e9n menos tienen, para que no pierdan sus programas y apoyos sociales, el abogado postulante, Jos\u00e9 Granados, inform\u00f3 que los casos por tr\u00e1mites de correcci\u00f3n administrativa contin\u00faan en aumento, hechos que asegur\u00f3, vulneran la econom\u00eda de las personas del campo y adultos mayores.<\/p>\n\n\n\n<p>Mencion\u00f3 que, cada temporada de inscripciones o la apertura de ventanillas de PROCAMPO, brindan un plazo de un mes o escaso tiempo para que actualicen las actas de nacimiento, no obstante, tras acudir al Registro Civil se percatan que el acta de nacimiento o la Clave \u00danica de Registro de Poblaci\u00f3n (CURP), tienen un problema con el apellido, letra o alg\u00fan nombre y eso implica un desgaste econ\u00f3mico.<\/p>\n\n\n\n<p>Explic\u00f3, &#8220;Si es correcci\u00f3n administrativa el usuario tiene que acudir a Pachuca, eso implica hacer un gasto mayor a dos mil pesos, tomando en cuenta la distancia y todo lo que tiene que gastar all\u00e1, porque si los mandan a juicio, los precios son muy elevados, encontramos un juicio de 4 mil a 9 mil pesos, la gente de la huasteca es gente que tiene un empleo en el campo, trabaja de manera eventual y no alcanza a cubrir sus gastos y lo estamos orillando a que pierda sus programas, ese apoyo que el gobierno les da, cuando bien se pudiera resolver con campa\u00f1as de correcciones peri\u00f3dicas, para que alcancen a cubrir los municipios&#8221;.<\/p>\n\n\n\n<p>En cuanto a las campa\u00f1as de correcci\u00f3n, opin\u00f3 &#8220;han venido dos o tres veces, pero la gente m\u00e1s alejada del municipio no se entera, dan a conocer la asistencia de esos programas en medios que no llegan a las comunidades, aqu\u00ed se trata de hacer una justicia social, hacer campa\u00f1a para resolver todos los problemas que tengan las actas y que se haga una campa\u00f1a para que revisen la CURP&#8221;.<\/p>\n\n\n\n<p>Nombr\u00f3 el ejemplo de una ciudadana, para quien su CURP est\u00e1 bien, pero el programa la rechaza porque no cuenta con certificaci\u00f3n, &#8220;Tiene que ir a Pachuca y tiene hasta el 20 de febrero para solucionar, si bien le va, la persona due\u00f1a de esta acta es mayor de edad, es hipertensa y no podr\u00e1 asistir a Pachuca y tiene que contratar una persona que vaya en su lugar, aparte de los gastos que genera, le va a tener que cubrir los dos d\u00edas de tr\u00e1mite, esta es una ayuda no con buena intenci\u00f3n porque son problemas de cinco a\u00f1os atr\u00e1s, ya deber\u00eda estar resuelto&#8221;.<\/p>\n\n\n\n<p>Dijo que, para la huasteca se necesita contar con una oficina para resolver los tr\u00e1mites administrativos y correcci\u00f3n de actas, &#8220;Yo propongo, como lo manifest\u00e9 hace un momento, que la USE, la Unidad de Servicios Estatales tenga un personal autorizado por el Registro Estatal para hacer ese correctivo y de esa manera resolver\u00edamos el problema no del municipio, sino de la huasteca en conjunto, y como tratamos que Pachuca y Huejutla est\u00e9n unidos, tenemos aqu\u00ed la forma; s\u00f3lo es cuesti\u00f3n de dise\u00f1ar un proyecto para que ese programa tenga los recursos suficientes para que perdure el tiempo necesario&#8221;.<\/p>\n\n\n\n<p>&#8220;Darle gracias al se\u00f1or gobernador, si pudiera escucharnos porque la huasteca necesita una oficina donde resuelvan los tr\u00e1mites de correcci\u00f3n administrativa, en bien de los que menos tienen y de la huasteca hidalguense&#8221;, puntualiz\u00f3.<\/p>\n\n\n\n<p><\/p>\n","protected":false},"excerpt":{"rendered":"<p>Por Karen Rivera\/ Zunoticia Huejutla de Reyes, Hgo.- Como una justicia social y ver por qui\u00e9n menos tienen, para que no pierdan sus programas y apoyos sociales, el abogado postulante, Jos\u00e9 Granados, inform\u00f3 que los casos por tr\u00e1mites de correcci\u00f3n administrativa contin\u00faan en aumento, hechos que asegur\u00f3, vulneran la econom\u00eda de las personas del campo&hellip; <a class=\"more-link\" href=\"https:\/\/www.zunoticia.com\/noticias-de-hidalgo\/2025\/02\/11\/piden-solucion-a-los-tramites-de-correccion-administrativa\/\">Seguir leyendo <span class=\"screen-reader-text\">Piden soluci\u00f3n a los tr\u00e1mites de correcci\u00f3n administrativa<\/span><\/a><\/p>\n","protected":false},"author":20,"featured_media":582815,"comment_status":"open","ping_status":"open","sticky":false,"template":"","format":"standard","meta":{"rop_custom_images_group":[],"rop_custom_messages_group":[],"rop_publish_now":"initial","rop_publish_now_accounts":{"facebook_10159540855086992_322828327761733":""},"rop_publish_now_history":[],"rop_publish_now_status":"pending","footnotes":""},"categories":[181],"tags":[121],"class_list":["post-582813","post","type-post","status-publish","format-standard","has-post-thumbnail","hentry","category-huejutla","tag-huejutla","entry"],"_links":{"self":[{"href":"https:\/\/www.zunoticia.com\/noticias-de-hidalgo\/wp-json\/wp\/v2\/posts\/582813","targetHints":{"allow":["GET"]}}],"collection":[{"href":"https:\/\/www.zunoticia.com\/noticias-de-hidalgo\/wp-json\/wp\/v2\/posts"}],"about":[{"href":"https:\/\/www.zunoticia.com\/noticias-de-hidalgo\/wp-json\/wp\/v2\/types\/post"}],"author":[{"embeddable":true,"href":"https:\/\/www.zunoticia.com\/noticias-de-hidalgo\/wp-json\/wp\/v2\/users\/20"}],"replies":[{"embeddable":true,"href":"https:\/\/www.zunoticia.com\/noticias-de-hidalgo\/wp-json\/wp\/v2\/comments?post=582813"}],"version-history":[{"count":1,"href":"https:\/\/www.zunoticia.com\/noticias-de-hidalgo\/wp-json\/wp\/v2\/posts\/582813\/revisions"}],"predecessor-version":[{"id":582816,"href":"https:\/\/www.zunoticia.com\/noticias-de-hidalgo\/wp-json\/wp\/v2\/posts\/582813\/revisions\/582816"}],"wp:featuredmedia":[{"embeddable":true,"href":"https:\/\/www.zunoticia.com\/noticias-de-hidalgo\/wp-json\/wp\/v2\/media\/582815"}],"wp:attachment":[{"href":"https:\/\/www.zunoticia.com\/noticias-de-hidalgo\/wp-json\/wp\/v2\/media?parent=582813"}],"wp:term":[{"taxonomy":"category","embeddable":true,"href":"https:\/\/www.zunoticia.com\/noticias-de-hidalgo\/wp-json\/wp\/v2\/categories?post=582813"},{"taxonomy":"post_tag","embeddable":true,"href":"https:\/\/www.zunoticia.com\/noticias-de-hidalgo\/wp-json\/wp\/v2\/tags?post=582813"}],"curies":[{"name":"wp","href":"https:\/\/api.w.org\/{rel}","templated":true}]}}