{"id":582820,"date":"2025-02-11T15:27:53","date_gmt":"2025-02-11T21:27:53","guid":{"rendered":"https:\/\/www.zunoticia.com\/noticias-de-hidalgo\/?p=582820"},"modified":"2025-02-11T15:27:55","modified_gmt":"2025-02-11T21:27:55","slug":"refuerzan-operativos-en-transporte-publico","status":"publish","type":"post","link":"https:\/\/www.zunoticia.com\/noticias-de-hidalgo\/2025\/02\/11\/refuerzan-operativos-en-transporte-publico\/","title":{"rendered":"Refuerzan operativos en transporte p\u00fablico"},"content":{"rendered":"<aside class=\"mashsb-container mashsb-main mashsb-stretched\"><div class=\"mashsb-box\"><div class=\"mashsb-count mash-large\" style=\"float:left\"><div class=\"counts mashsbcount\">2<\/div><span class=\"mashsb-sharetext\">SHARES<\/span><\/div><div class=\"mashsb-buttons\"><a class=\"mashicon-facebook mash-large mash-center mashsb-noshadow\" href=\"https:\/\/www.facebook.com\/sharer.php?u=https%3A%2F%2Fwww.zunoticia.com%2Fnoticias-de-hidalgo%2F2025%2F02%2F11%2Frefuerzan-operativos-en-transporte-publico%2F\" target=\"_top\" rel=\"nofollow\"><span class=\"icon\"><\/span><span class=\"text\">Share<\/span><\/a><a class=\"mashicon-twitter mash-large mash-center mashsb-noshadow\" href=\"https:\/\/twitter.com\/intent\/tweet?text=&amp;url=https:\/\/www.zunoticia.com\/noticias-de-hidalgo\/2025\/02\/11\/refuerzan-operativos-en-transporte-publico\/\" target=\"_top\" rel=\"nofollow\"><span class=\"icon\"><\/span><span class=\"text\">Tweet<\/span><\/a><div class=\"onoffswitch2 mash-large mashsb-noshadow\" style=\"display:none\"><\/div><\/div>\n            <\/div>\n                <div style=\"clear:both\"><\/div><div class=\"mashsb-toggle-container\"><\/div><\/aside>\n            <!-- Share buttons by mashshare.net - Version: 4.0.47-->\n<p><em>Por Gabriela Hern\u00e1ndez\/Zunoticia<\/em><\/p>\n\n\n\n<p><strong>Huejutla, Hgo.- <\/strong>La Secretar\u00eda de Movilidad y Transporte (SEMOT) durante este martes, el personal adscrito a la Coordinaci\u00f3n Regional en Huejutla de Reyes, realiz\u00f3 un operativo en el crucero donde entroncan los bulevares Central y Adolfo L\u00f3pez Mateos, de la ciudad de Huejutla.<\/p>\n\n\n\n<p>Se realizaron labores de vigilancia y supervisi\u00f3n de unidades del transporte p\u00fablico, para evitar aglomeraciones y congestionamientos en las principales \u00e1reas de carga y descarga de pasajeros, as\u00ed como sobrecupo en las unidades.<\/p>\n\n\n\n<p>El personal de la Coordinaci\u00f3n Regional de Transporte en la Sierra y Huasteca bajo el mando del Lic. Omar L\u00f3pez Fern\u00e1ndez, realiz\u00f3 dichas labores con el objetivo de brindar el servicio autorizado conforme a las caracter\u00edsticas correspondientes; adem\u00e1s, se corrobora el \u00f3ptimo estado f\u00edsico de las unidades para la seguridad de las personas usuarias y operadoras.<\/p>\n\n\n\n<p>La SEMOT reitera el exhorto a las personas usuarias para reportar cualquier anomal\u00eda o abuso en el servicio de transporte p\u00fablico, a trav\u00e9s de los n\u00fameros telef\u00f3nicos 800 503 2002, 771 5261 284 y en la direcci\u00f3n de correo electr\u00f3nico quejatransporte@hidalgo.gob.mx.<\/p>\n","protected":false},"excerpt":{"rendered":"<p>Por Gabriela Hern\u00e1ndez\/Zunoticia Huejutla, Hgo.- La Secretar\u00eda de Movilidad y Transporte (SEMOT) durante este martes, el personal adscrito a la Coordinaci\u00f3n Regional en Huejutla de Reyes, realiz\u00f3 un operativo en el crucero donde entroncan los bulevares Central y Adolfo L\u00f3pez Mateos, de la ciudad de Huejutla. Se realizaron labores de vigilancia y supervisi\u00f3n de unidades&hellip; <a class=\"more-link\" href=\"https:\/\/www.zunoticia.com\/noticias-de-hidalgo\/2025\/02\/11\/refuerzan-operativos-en-transporte-publico\/\">Seguir leyendo <span class=\"screen-reader-text\">Refuerzan operativos en transporte p\u00fablico<\/span><\/a><\/p>\n","protected":false},"author":20,"featured_media":582821,"comment_status":"open","ping_status":"open","sticky":false,"template":"","format":"standard","meta":{"rop_custom_images_group":[],"rop_custom_messages_group":[],"rop_publish_now":"initial","rop_publish_now_accounts":{"facebook_10159540855086992_322828327761733":""},"rop_publish_now_history":[],"rop_publish_now_status":"pending","footnotes":""},"categories":[181],"tags":[121],"class_list":["post-582820","post","type-post","status-publish","format-standard","has-post-thumbnail","hentry","category-huejutla","tag-huejutla","entry"],"_links":{"self":[{"href":"https:\/\/www.zunoticia.com\/noticias-de-hidalgo\/wp-json\/wp\/v2\/posts\/582820","targetHints":{"allow":["GET"]}}],"collection":[{"href":"https:\/\/www.zunoticia.com\/noticias-de-hidalgo\/wp-json\/wp\/v2\/posts"}],"about":[{"href":"https:\/\/www.zunoticia.com\/noticias-de-hidalgo\/wp-json\/wp\/v2\/types\/post"}],"author":[{"embeddable":true,"href":"https:\/\/www.zunoticia.com\/noticias-de-hidalgo\/wp-json\/wp\/v2\/users\/20"}],"replies":[{"embeddable":true,"href":"https:\/\/www.zunoticia.com\/noticias-de-hidalgo\/wp-json\/wp\/v2\/comments?post=582820"}],"version-history":[{"count":1,"href":"https:\/\/www.zunoticia.com\/noticias-de-hidalgo\/wp-json\/wp\/v2\/posts\/582820\/revisions"}],"predecessor-version":[{"id":582822,"href":"https:\/\/www.zunoticia.com\/noticias-de-hidalgo\/wp-json\/wp\/v2\/posts\/582820\/revisions\/582822"}],"wp:featuredmedia":[{"embeddable":true,"href":"https:\/\/www.zunoticia.com\/noticias-de-hidalgo\/wp-json\/wp\/v2\/media\/582821"}],"wp:attachment":[{"href":"https:\/\/www.zunoticia.com\/noticias-de-hidalgo\/wp-json\/wp\/v2\/media?parent=582820"}],"wp:term":[{"taxonomy":"category","embeddable":true,"href":"https:\/\/www.zunoticia.com\/noticias-de-hidalgo\/wp-json\/wp\/v2\/categories?post=582820"},{"taxonomy":"post_tag","embeddable":true,"href":"https:\/\/www.zunoticia.com\/noticias-de-hidalgo\/wp-json\/wp\/v2\/tags?post=582820"}],"curies":[{"name":"wp","href":"https:\/\/api.w.org\/{rel}","templated":true}]}}