{"id":582826,"date":"2025-02-11T15:54:50","date_gmt":"2025-02-11T21:54:50","guid":{"rendered":"https:\/\/www.zunoticia.com\/noticias-de-hidalgo\/?p=582826"},"modified":"2025-02-11T15:54:52","modified_gmt":"2025-02-11T21:54:52","slug":"ayuntamiento-publico-programacion-del-carnaval-yahualica-2025","status":"publish","type":"post","link":"https:\/\/www.zunoticia.com\/noticias-de-hidalgo\/2025\/02\/11\/ayuntamiento-publico-programacion-del-carnaval-yahualica-2025\/","title":{"rendered":"Ayuntamiento public\u00f3 programaci\u00f3n del &#8220;Carnaval Yahualica 2025&#8221;"},"content":{"rendered":"<aside class=\"mashsb-container mashsb-main mashsb-stretched\"><div class=\"mashsb-box\"><div class=\"mashsb-count mash-large\" style=\"float:left\"><div class=\"counts mashsbcount\">0<\/div><span class=\"mashsb-sharetext\">SHARES<\/span><\/div><div class=\"mashsb-buttons\"><a class=\"mashicon-facebook mash-large mash-center mashsb-noshadow\" href=\"https:\/\/www.facebook.com\/sharer.php?u=https%3A%2F%2Fwww.zunoticia.com%2Fnoticias-de-hidalgo%2F2025%2F02%2F11%2Fayuntamiento-publico-programacion-del-carnaval-yahualica-2025%2F\" target=\"_top\" rel=\"nofollow\"><span class=\"icon\"><\/span><span class=\"text\">Share<\/span><\/a><a class=\"mashicon-twitter mash-large mash-center mashsb-noshadow\" href=\"https:\/\/twitter.com\/intent\/tweet?text=&amp;url=https:\/\/www.zunoticia.com\/noticias-de-hidalgo\/2025\/02\/11\/ayuntamiento-publico-programacion-del-carnaval-yahualica-2025\/\" target=\"_top\" rel=\"nofollow\"><span class=\"icon\"><\/span><span class=\"text\">Tweet<\/span><\/a><div class=\"onoffswitch2 mash-large mashsb-noshadow\" style=\"display:none\"><\/div><\/div>\n            <\/div>\n                <div style=\"clear:both\"><\/div><div class=\"mashsb-toggle-container\"><\/div><\/aside>\n            <!-- Share buttons by mashshare.net - Version: 4.0.47-->\n<p><em>Por Salvador Altamirano\/Zunoticia<\/em><\/p>\n\n\n\n<p><strong>Yahualica, Hgo.-<\/strong> El Carnaval, propiamente dicho, se origin\u00f3 con la llegada de los espa\u00f1oles en el Siglo XVI, y se mezcl\u00f3 con la tradiciones ind\u00edgenas&nbsp; por lo que tiene ra\u00edces prehisp\u00e1nicas y europeas, predominando las \u00faltimas por la religi\u00f3n cat\u00f3lica.<\/p>\n\n\n\n<p>Esta colorida celebraci\u00f3n, previa a la Cuaresma, tiene profundas ra\u00edces en Yahualica, por lo que el ayuntamiento que preside Francisca Lara Vel\u00e1zquez, a trav\u00e9s del \u00c1rea de Cultura cuyo titular es Jaziel Rodr\u00edguez Palacios, en coordinaci\u00f3n con los capitanes del &#8220;Carnaval 2025&#8221; y las instalaciones educativas del municipio, har\u00e1n posible la festiva tradici\u00f3n.<\/p>\n\n\n\n<p>En el marco del magno evento, que tendr\u00e1 efecto del 02 al 05 de marzo, sobresale un concurso de disfraces, cuya convocatoria y est\u00e1 vigente para el p\u00fablico en general, por lo que los interesados a participar deben de acudir a inscribirse al \u00e1rea de Cultura, la cual se cerrar\u00e1 30 minutos antes del concurso que se llevar\u00e1 a cabo en la explanada de la presidencia municipal el 05 de febrero, a las 19:00 horas.<\/p>\n\n\n\n<p>Especifica la convocatoria que los rasgos a calificar por un jurado entendido en la tradici\u00f3n son: calidad en la confecci\u00f3n (originalidad); uso de materiales (dise\u00f1o) y presentaci\u00f3n en el escenario (dominio), y las premiaciones consistir\u00e1n en $2,000.00; $150.00 y $1,000.00, del primero al tercer lugar.<\/p>\n\n\n\n<p>Asimismo, resaltan en la programaci\u00f3n eventos como el Certamen de Reina del Carnaval COBAEH; tradicional desfile del zacahuil y carros aleg\u00f3ricos, evento de pintas y degustaci\u00f3n del zacahuil, un grandioso baile popular entre otros.<\/p>\n\n\n\n<figure class=\"wp-block-image size-full\"><img fetchpriority=\"high\" decoding=\"async\" width=\"720\" height=\"1016\" src=\"https:\/\/www.zunoticia.com\/noticias-de-hidalgo\/wp-content\/uploads\/2025\/02\/WhatsApp-Image-2025-02-11-at-3.20.20-PM.jpeg\" alt=\"\" class=\"wp-image-582828\"\/><\/figure>\n","protected":false},"excerpt":{"rendered":"<p>Por Salvador Altamirano\/Zunoticia Yahualica, Hgo.- El Carnaval, propiamente dicho, se origin\u00f3 con la llegada de los espa\u00f1oles en el Siglo XVI, y se mezcl\u00f3 con la tradiciones ind\u00edgenas&nbsp; por lo que tiene ra\u00edces prehisp\u00e1nicas y europeas, predominando las \u00faltimas por la religi\u00f3n cat\u00f3lica. Esta colorida celebraci\u00f3n, previa a la Cuaresma, tiene profundas ra\u00edces en Yahualica,&hellip; <a class=\"more-link\" href=\"https:\/\/www.zunoticia.com\/noticias-de-hidalgo\/2025\/02\/11\/ayuntamiento-publico-programacion-del-carnaval-yahualica-2025\/\">Seguir leyendo <span class=\"screen-reader-text\">Ayuntamiento public\u00f3 programaci\u00f3n del &#8220;Carnaval Yahualica 2025&#8221;<\/span><\/a><\/p>\n","protected":false},"author":20,"featured_media":582827,"comment_status":"open","ping_status":"open","sticky":false,"template":"","format":"standard","meta":{"rop_custom_images_group":[],"rop_custom_messages_group":[],"rop_publish_now":"initial","rop_publish_now_accounts":{"facebook_10159540855086992_322828327761733":""},"rop_publish_now_history":[],"rop_publish_now_status":"pending","footnotes":""},"categories":[179,203],"tags":[229,123],"class_list":["post-582826","post","type-post","status-publish","format-standard","has-post-thumbnail","hentry","category-huasteca","category-yahualica","tag-huasteca","tag-yahualica","entry"],"_links":{"self":[{"href":"https:\/\/www.zunoticia.com\/noticias-de-hidalgo\/wp-json\/wp\/v2\/posts\/582826","targetHints":{"allow":["GET"]}}],"collection":[{"href":"https:\/\/www.zunoticia.com\/noticias-de-hidalgo\/wp-json\/wp\/v2\/posts"}],"about":[{"href":"https:\/\/www.zunoticia.com\/noticias-de-hidalgo\/wp-json\/wp\/v2\/types\/post"}],"author":[{"embeddable":true,"href":"https:\/\/www.zunoticia.com\/noticias-de-hidalgo\/wp-json\/wp\/v2\/users\/20"}],"replies":[{"embeddable":true,"href":"https:\/\/www.zunoticia.com\/noticias-de-hidalgo\/wp-json\/wp\/v2\/comments?post=582826"}],"version-history":[{"count":1,"href":"https:\/\/www.zunoticia.com\/noticias-de-hidalgo\/wp-json\/wp\/v2\/posts\/582826\/revisions"}],"predecessor-version":[{"id":582829,"href":"https:\/\/www.zunoticia.com\/noticias-de-hidalgo\/wp-json\/wp\/v2\/posts\/582826\/revisions\/582829"}],"wp:featuredmedia":[{"embeddable":true,"href":"https:\/\/www.zunoticia.com\/noticias-de-hidalgo\/wp-json\/wp\/v2\/media\/582827"}],"wp:attachment":[{"href":"https:\/\/www.zunoticia.com\/noticias-de-hidalgo\/wp-json\/wp\/v2\/media?parent=582826"}],"wp:term":[{"taxonomy":"category","embeddable":true,"href":"https:\/\/www.zunoticia.com\/noticias-de-hidalgo\/wp-json\/wp\/v2\/categories?post=582826"},{"taxonomy":"post_tag","embeddable":true,"href":"https:\/\/www.zunoticia.com\/noticias-de-hidalgo\/wp-json\/wp\/v2\/tags?post=582826"}],"curies":[{"name":"wp","href":"https:\/\/api.w.org\/{rel}","templated":true}]}}