{"id":582857,"date":"2025-02-11T17:55:43","date_gmt":"2025-02-11T23:55:43","guid":{"rendered":"https:\/\/www.zunoticia.com\/noticias-de-hidalgo\/?p=582857"},"modified":"2025-02-11T17:55:45","modified_gmt":"2025-02-11T23:55:45","slug":"hidalgo-fortalece-la-economia-social-con-la-instalacion-del-consejo-consultivo-de-fomento-a-la-economia-social-2","status":"publish","type":"post","link":"https:\/\/www.zunoticia.com\/noticias-de-hidalgo\/2025\/02\/11\/hidalgo-fortalece-la-economia-social-con-la-instalacion-del-consejo-consultivo-de-fomento-a-la-economia-social-2\/","title":{"rendered":"Hidalgo fortalece la econom\u00eda social con la instalaci\u00f3n del Consejo Consultivo de Fomento a la Econom\u00eda Social"},"content":{"rendered":"<aside class=\"mashsb-container mashsb-main mashsb-stretched\"><div class=\"mashsb-box\"><div class=\"mashsb-count mash-large\" style=\"float:left\"><div class=\"counts mashsbcount\">0<\/div><span class=\"mashsb-sharetext\">SHARES<\/span><\/div><div class=\"mashsb-buttons\"><a class=\"mashicon-facebook mash-large mash-center mashsb-noshadow\" href=\"https:\/\/www.facebook.com\/sharer.php?u=https%3A%2F%2Fwww.zunoticia.com%2Fnoticias-de-hidalgo%2F2025%2F02%2F11%2Fhidalgo-fortalece-la-economia-social-con-la-instalacion-del-consejo-consultivo-de-fomento-a-la-economia-social-2%2F\" target=\"_top\" rel=\"nofollow\"><span class=\"icon\"><\/span><span class=\"text\">Share<\/span><\/a><a class=\"mashicon-twitter mash-large mash-center mashsb-noshadow\" href=\"https:\/\/twitter.com\/intent\/tweet?text=&amp;url=https:\/\/www.zunoticia.com\/noticias-de-hidalgo\/2025\/02\/11\/hidalgo-fortalece-la-economia-social-con-la-instalacion-del-consejo-consultivo-de-fomento-a-la-economia-social-2\/\" target=\"_top\" rel=\"nofollow\"><span class=\"icon\"><\/span><span class=\"text\">Tweet<\/span><\/a><div class=\"onoffswitch2 mash-large mashsb-noshadow\" style=\"display:none\"><\/div><\/div>\n            <\/div>\n                <div style=\"clear:both\"><\/div><div class=\"mashsb-toggle-container\"><\/div><\/aside>\n            <!-- Share buttons by mashshare.net - Version: 4.0.47-->\n<ul class=\"wp-block-list\">\n<li>La entidad avanza en la promoci\u00f3n y consolidaci\u00f3n del sector social de la econom\u00eda.<\/li>\n\n\n\n<li>El Consejo re\u00fane a instancias gubernamentales, empresariales y cooperativas para impulsar el desarrollo econ\u00f3mico y social.<\/li>\n<\/ul>\n\n\n\n<p><em>Por Redacci\u00f3n\/Zunoticia<\/em><\/p>\n\n\n\n<p><strong>Pachuca de Soto, Hgo<\/strong>.- Con la instalaci\u00f3n del Consejo Consultivo de Fomento a la Econom\u00eda Social, Hidalgo da un paso firme hacia la promoci\u00f3n y fortalecimiento del sector social de la econom\u00eda, consolid\u00e1ndolo como un sistema eficaz que contribuye al desarrollo econ\u00f3mico y al bienestar de la poblaci\u00f3n.<\/p>\n\n\n\n<p>El secretario de Desarrollo Econ\u00f3mico y presidente del Consejo, Carlos Henkel Escorza, destac\u00f3 la importancia de este sector para la generaci\u00f3n de m\u00e1s empleos, la distribuci\u00f3n equitativa del ingreso per c\u00e1pita y la creaci\u00f3n de patrimonio social.<\/p>\n\n\n\n<p>&#8220;Por primera vez en el estado se trabaja con un enfoque com\u00fan: el bienestar de la gente. Con la digitalizaci\u00f3n de tr\u00e1mites, el sector productivo en Hidalgo crecer\u00e1, y la econom\u00eda social ser\u00e1 un pilar fundamental para la generaci\u00f3n de riqueza&#8221;, afirm\u00f3 Henkel Escorza.<\/p>\n\n\n\n<p>Este Consejo tiene el prop\u00f3sito de dise\u00f1ar e implementar estrategias que impulsen la econom\u00eda social en el estado, promoviendo el crecimiento en todas las regiones de la entidad, tal como lo encomienda el gobernador, Julio Menchaca.<\/p>\n\n\n\n<p>Est\u00e1 integrado por diversas instituciones clave que aportar\u00e1n su experiencia y recursos para fortalecer este modelo econ\u00f3mico. Entre sus miembros destacan el Instituto Nacional de Econom\u00eda Social (INAES), las Secretar\u00edas estatales&nbsp;de Bienestar e Inclusi\u00f3n Social y de Educaci\u00f3n P\u00fablica, y la Unidad de Planeaci\u00f3n y Prospectiva.<\/p>\n\n\n\n<p>Adem\u00e1s, integrantes del Congreso Local, Consejo Coordinador Empresarial de Hidalgo (CCEH), Coparmex Hidalgo, Cooperativa Pascual, Consejo Superior del Cooperativismo en Hidalgo, NODESS Hidalgo, AMMJE Hidalgo, Impulso Rosa y Colegio de Economistas de Hidalgo.<\/p>\n\n\n\n<figure class=\"wp-block-image size-full\"><img fetchpriority=\"high\" decoding=\"async\" width=\"933\" height=\"524\" src=\"https:\/\/www.zunoticia.com\/noticias-de-hidalgo\/wp-content\/uploads\/2025\/02\/Zunoticia-Huejutla-1-88.png\" alt=\"\" class=\"wp-image-582859\"\/><\/figure>\n","protected":false},"excerpt":{"rendered":"<p>Por Redacci\u00f3n\/Zunoticia Pachuca de Soto, Hgo.- Con la instalaci\u00f3n del Consejo Consultivo de Fomento a la Econom\u00eda Social, Hidalgo da un paso firme hacia la promoci\u00f3n y fortalecimiento del sector social de la econom\u00eda, consolid\u00e1ndolo como un sistema eficaz que contribuye al desarrollo econ\u00f3mico y al bienestar de la poblaci\u00f3n. El secretario de Desarrollo Econ\u00f3mico&hellip; <a class=\"more-link\" href=\"https:\/\/www.zunoticia.com\/noticias-de-hidalgo\/2025\/02\/11\/hidalgo-fortalece-la-economia-social-con-la-instalacion-del-consejo-consultivo-de-fomento-a-la-economia-social-2\/\">Seguir leyendo <span class=\"screen-reader-text\">Hidalgo fortalece la econom\u00eda social con la instalaci\u00f3n del Consejo Consultivo de Fomento a la Econom\u00eda Social<\/span><\/a><\/p>\n","protected":false},"author":20,"featured_media":582858,"comment_status":"open","ping_status":"open","sticky":false,"template":"","format":"standard","meta":{"rop_custom_images_group":[],"rop_custom_messages_group":[],"rop_publish_now":"initial","rop_publish_now_accounts":{"facebook_10159540855086992_322828327761733":""},"rop_publish_now_history":[],"rop_publish_now_status":"pending","footnotes":""},"categories":[208],"tags":[214],"class_list":["post-582857","post","type-post","status-publish","format-standard","has-post-thumbnail","hentry","category-estado","tag-estado","entry"],"_links":{"self":[{"href":"https:\/\/www.zunoticia.com\/noticias-de-hidalgo\/wp-json\/wp\/v2\/posts\/582857","targetHints":{"allow":["GET"]}}],"collection":[{"href":"https:\/\/www.zunoticia.com\/noticias-de-hidalgo\/wp-json\/wp\/v2\/posts"}],"about":[{"href":"https:\/\/www.zunoticia.com\/noticias-de-hidalgo\/wp-json\/wp\/v2\/types\/post"}],"author":[{"embeddable":true,"href":"https:\/\/www.zunoticia.com\/noticias-de-hidalgo\/wp-json\/wp\/v2\/users\/20"}],"replies":[{"embeddable":true,"href":"https:\/\/www.zunoticia.com\/noticias-de-hidalgo\/wp-json\/wp\/v2\/comments?post=582857"}],"version-history":[{"count":1,"href":"https:\/\/www.zunoticia.com\/noticias-de-hidalgo\/wp-json\/wp\/v2\/posts\/582857\/revisions"}],"predecessor-version":[{"id":582860,"href":"https:\/\/www.zunoticia.com\/noticias-de-hidalgo\/wp-json\/wp\/v2\/posts\/582857\/revisions\/582860"}],"wp:featuredmedia":[{"embeddable":true,"href":"https:\/\/www.zunoticia.com\/noticias-de-hidalgo\/wp-json\/wp\/v2\/media\/582858"}],"wp:attachment":[{"href":"https:\/\/www.zunoticia.com\/noticias-de-hidalgo\/wp-json\/wp\/v2\/media?parent=582857"}],"wp:term":[{"taxonomy":"category","embeddable":true,"href":"https:\/\/www.zunoticia.com\/noticias-de-hidalgo\/wp-json\/wp\/v2\/categories?post=582857"},{"taxonomy":"post_tag","embeddable":true,"href":"https:\/\/www.zunoticia.com\/noticias-de-hidalgo\/wp-json\/wp\/v2\/tags?post=582857"}],"curies":[{"name":"wp","href":"https:\/\/api.w.org\/{rel}","templated":true}]}}