{"id":582888,"date":"2025-02-11T19:56:29","date_gmt":"2025-02-12T01:56:29","guid":{"rendered":"https:\/\/www.zunoticia.com\/noticias-de-hidalgo\/?p=582888"},"modified":"2025-02-11T19:56:32","modified_gmt":"2025-02-12T01:56:32","slug":"alcalde-toma-protesta-a-nuevos-delegados","status":"publish","type":"post","link":"https:\/\/www.zunoticia.com\/noticias-de-hidalgo\/2025\/02\/11\/alcalde-toma-protesta-a-nuevos-delegados\/","title":{"rendered":"Alcalde toma protesta a nuevos delegados"},"content":{"rendered":"<aside class=\"mashsb-container mashsb-main mashsb-stretched\"><div class=\"mashsb-box\"><div class=\"mashsb-count mash-large\" style=\"float:left\"><div class=\"counts mashsbcount\">0<\/div><span class=\"mashsb-sharetext\">SHARES<\/span><\/div><div class=\"mashsb-buttons\"><a class=\"mashicon-facebook mash-large mash-center mashsb-noshadow\" href=\"https:\/\/www.facebook.com\/sharer.php?u=https%3A%2F%2Fwww.zunoticia.com%2Fnoticias-de-hidalgo%2F2025%2F02%2F11%2Falcalde-toma-protesta-a-nuevos-delegados%2F\" target=\"_top\" rel=\"nofollow\"><span class=\"icon\"><\/span><span class=\"text\">Share<\/span><\/a><a class=\"mashicon-twitter mash-large mash-center mashsb-noshadow\" href=\"https:\/\/twitter.com\/intent\/tweet?text=&amp;url=https:\/\/www.zunoticia.com\/noticias-de-hidalgo\/2025\/02\/11\/alcalde-toma-protesta-a-nuevos-delegados\/\" target=\"_top\" rel=\"nofollow\"><span class=\"icon\"><\/span><span class=\"text\">Tweet<\/span><\/a><div class=\"onoffswitch2 mash-large mashsb-noshadow\" style=\"display:none\"><\/div><\/div>\n            <\/div>\n                <div style=\"clear:both\"><\/div><div class=\"mashsb-toggle-container\"><\/div><\/aside>\n            <!-- Share buttons by mashshare.net - Version: 4.0.47-->\n<p><em>Por \u00c1ngel Osiris Castillo Garc\u00eda\/Zunoticia<\/em><\/p>\n\n\n\n<p><strong>Huejutla, Hgo.-<\/strong> Con la asistencia de delegados de barrios y comunidades del municipio, se llev\u00f3 a cabo la toma de protesta por parte del alcalde Alfredo San Rom\u00e1n Duval, en donde, adem\u00e1s, se realiz\u00f3 la presentaci\u00f3n de cada uno de los funcionarios municipales y se anunci\u00f3 que las obras que se habr\u00e1n de realizar podr\u00edan ser mediante la mano de obra de la comunidad y aportaci\u00f3n del municipio para reducir costos.<\/p>\n\n\n\n<p>Lo anterior se llev\u00f3 a cabo en el auditorio del CBTa de este municipio, en donde se dieron cita las nuevas autoridades que fueron electas de manera reciente, mediante las asambleas comunales, y quienes fungir\u00e1n como representantes del ayuntamiento sirviendo de interlocutores y gestores, adem\u00e1s, acudieron los directores de cada uno de los departamentos del Ayuntamiento y se cont\u00f3 con la presencia de Clara Iveth Guzm\u00e1n, representante del visitador regional de Derechos Humanos, as\u00ed como el Subsecretario de Gobierno, Ignacio Primitivo Nava Navarrete.<\/p>\n\n\n\n<figure class=\"wp-block-image size-full\"><img fetchpriority=\"high\" decoding=\"async\" width=\"1600\" height=\"1200\" src=\"https:\/\/www.zunoticia.com\/noticias-de-hidalgo\/wp-content\/uploads\/2025\/02\/eZy-Watermark_11-02-2025_07-47-59-5450p.m.jpg\" alt=\"\" class=\"wp-image-582891\"\/><\/figure>\n\n\n\n<p>La bienvenida estuvo a cargo del Secretario del Ayuntamiento, Jos\u00e9 Luis Fayad Torres, quien resalt\u00f3 que los nuevos delegados tendr\u00e1n la representaci\u00f3n del Ayuntamiento como \u00f3rganos procuradores de la paz social, mientras que las instancias municipales tienen la obligaci\u00f3n de brindar el apoyo y la ayuda para que puedan cumplir con su encomienda de servir como facilitadores y al t\u00e9rmino de su gesti\u00f3n en este a\u00f1o, tengan la satisfacci\u00f3n de haber podido servir a sus vecinos y familias.<\/p>\n\n\n\n<p>Por su parte, el alcalde Alfredo San Rom\u00e1n pidi\u00f3 a cada uno de los funcionarios de primer nivel que se presentaran uno a uno y dieran a conocer las funciones que realizan cada uno en sus \u00e1reas, lo que permiti\u00f3 que el presidente pudiera ir dando a conocer qu\u00e9 tipo de servicios son los que se pueden realizar, ante lo que los delegados aprovecharon para dar a conocer problem\u00e1ticas que enfrentan, como en el tema de Salud, en donde el delegado de Chililico refiri\u00f3 que un problema que siguen padeciendo es la falta de medicamentos en el Hospital Regional, a lo que el presidente respondi\u00f3 que es un tema del gobierno federal, pero que ya se est\u00e1 atendiendo.<\/p>\n\n\n\n<figure class=\"wp-block-image size-full\"><img decoding=\"async\" width=\"1600\" height=\"900\" src=\"https:\/\/www.zunoticia.com\/noticias-de-hidalgo\/wp-content\/uploads\/2025\/02\/eZy-Watermark_11-02-2025_07-48-19-6390p.m.jpg\" alt=\"\" class=\"wp-image-582892\"\/><\/figure>\n\n\n\n<p>Tras concluir con la presentaci\u00f3n de los funcionarios, el alcalde llev\u00f3 a cabo un mensaje en el que advirti\u00f3 que el eje principal para esta administraci\u00f3n es la educaci\u00f3n, por lo que se habr\u00e1 de reforzar las acciones en este sentido, as\u00ed como el combate a las adicciones, tambi\u00e9n resalt\u00f3 que una opci\u00f3n ser\u00e1 el realizar las obras que no est\u00e9n presupuestadas en colaboraci\u00f3n con la comunidad, poniendo la mano de obra, mientras que el ayuntamiento apoyar\u00e1 con el material necesario,<\/p>\n\n\n\n<p>Finalmente, el alcalde le tom\u00f3 la protesta a los nuevos delegados y delegadas, quienes fueron pasando a recoger sus nombramientos y sus respectivos&nbsp;sellos.<\/p>\n","protected":false},"excerpt":{"rendered":"<p>Por \u00c1ngel Osiris Castillo Garc\u00eda\/Zunoticia Huejutla, Hgo.- Con la asistencia de delegados de barrios y comunidades del municipio, se llev\u00f3 a cabo la toma de protesta por parte del alcalde Alfredo San Rom\u00e1n Duval, en donde, adem\u00e1s, se realiz\u00f3 la presentaci\u00f3n de cada uno de los funcionarios municipales y se anunci\u00f3 que las obras que&hellip; <a class=\"more-link\" href=\"https:\/\/www.zunoticia.com\/noticias-de-hidalgo\/2025\/02\/11\/alcalde-toma-protesta-a-nuevos-delegados\/\">Seguir leyendo <span class=\"screen-reader-text\">Alcalde toma protesta a nuevos delegados<\/span><\/a><\/p>\n","protected":false},"author":12,"featured_media":582890,"comment_status":"open","ping_status":"open","sticky":false,"template":"","format":"standard","meta":{"rop_custom_images_group":[],"rop_custom_messages_group":[],"rop_publish_now":"initial","rop_publish_now_accounts":{"facebook_10159540855086992_322828327761733":""},"rop_publish_now_history":[],"rop_publish_now_status":"pending","footnotes":""},"categories":[181],"tags":[121],"class_list":["post-582888","post","type-post","status-publish","format-standard","has-post-thumbnail","hentry","category-huejutla","tag-huejutla","entry"],"_links":{"self":[{"href":"https:\/\/www.zunoticia.com\/noticias-de-hidalgo\/wp-json\/wp\/v2\/posts\/582888","targetHints":{"allow":["GET"]}}],"collection":[{"href":"https:\/\/www.zunoticia.com\/noticias-de-hidalgo\/wp-json\/wp\/v2\/posts"}],"about":[{"href":"https:\/\/www.zunoticia.com\/noticias-de-hidalgo\/wp-json\/wp\/v2\/types\/post"}],"author":[{"embeddable":true,"href":"https:\/\/www.zunoticia.com\/noticias-de-hidalgo\/wp-json\/wp\/v2\/users\/12"}],"replies":[{"embeddable":true,"href":"https:\/\/www.zunoticia.com\/noticias-de-hidalgo\/wp-json\/wp\/v2\/comments?post=582888"}],"version-history":[{"count":1,"href":"https:\/\/www.zunoticia.com\/noticias-de-hidalgo\/wp-json\/wp\/v2\/posts\/582888\/revisions"}],"predecessor-version":[{"id":582893,"href":"https:\/\/www.zunoticia.com\/noticias-de-hidalgo\/wp-json\/wp\/v2\/posts\/582888\/revisions\/582893"}],"wp:featuredmedia":[{"embeddable":true,"href":"https:\/\/www.zunoticia.com\/noticias-de-hidalgo\/wp-json\/wp\/v2\/media\/582890"}],"wp:attachment":[{"href":"https:\/\/www.zunoticia.com\/noticias-de-hidalgo\/wp-json\/wp\/v2\/media?parent=582888"}],"wp:term":[{"taxonomy":"category","embeddable":true,"href":"https:\/\/www.zunoticia.com\/noticias-de-hidalgo\/wp-json\/wp\/v2\/categories?post=582888"},{"taxonomy":"post_tag","embeddable":true,"href":"https:\/\/www.zunoticia.com\/noticias-de-hidalgo\/wp-json\/wp\/v2\/tags?post=582888"}],"curies":[{"name":"wp","href":"https:\/\/api.w.org\/{rel}","templated":true}]}}