{"id":582889,"date":"2025-02-11T19:57:49","date_gmt":"2025-02-12T01:57:49","guid":{"rendered":"https:\/\/www.zunoticia.com\/noticias-de-hidalgo\/?p=582889"},"modified":"2025-02-11T19:57:51","modified_gmt":"2025-02-12T01:57:51","slug":"vida-independiente-mexico-lanza-campana-para-adquirir-sillas-activas","status":"publish","type":"post","link":"https:\/\/www.zunoticia.com\/noticias-de-hidalgo\/2025\/02\/11\/vida-independiente-mexico-lanza-campana-para-adquirir-sillas-activas\/","title":{"rendered":"Vida Independiente M\u00e9xico lanza campa\u00f1a para adquirir sillas activas"},"content":{"rendered":"<aside class=\"mashsb-container mashsb-main mashsb-stretched\"><div class=\"mashsb-box\"><div class=\"mashsb-count mash-large\" style=\"float:left\"><div class=\"counts mashsbcount\">0<\/div><span class=\"mashsb-sharetext\">SHARES<\/span><\/div><div class=\"mashsb-buttons\"><a class=\"mashicon-facebook mash-large mash-center mashsb-noshadow\" href=\"https:\/\/www.facebook.com\/sharer.php?u=https%3A%2F%2Fwww.zunoticia.com%2Fnoticias-de-hidalgo%2F2025%2F02%2F11%2Fvida-independiente-mexico-lanza-campana-para-adquirir-sillas-activas%2F\" target=\"_top\" rel=\"nofollow\"><span class=\"icon\"><\/span><span class=\"text\">Share<\/span><\/a><a class=\"mashicon-twitter mash-large mash-center mashsb-noshadow\" href=\"https:\/\/twitter.com\/intent\/tweet?text=&amp;url=https:\/\/www.zunoticia.com\/noticias-de-hidalgo\/2025\/02\/11\/vida-independiente-mexico-lanza-campana-para-adquirir-sillas-activas\/\" target=\"_top\" rel=\"nofollow\"><span class=\"icon\"><\/span><span class=\"text\">Tweet<\/span><\/a><div class=\"onoffswitch2 mash-large mashsb-noshadow\" style=\"display:none\"><\/div><\/div>\n            <\/div>\n                <div style=\"clear:both\"><\/div><div class=\"mashsb-toggle-container\"><\/div><\/aside>\n            <!-- Share buttons by mashshare.net - Version: 4.0.47-->\n<p><em>Por Karen Rivera\/Zunoticia<\/em><\/p>\n\n\n\n<p><strong>Huejutla de Reyes, Hgo.-<\/strong> El Representante de Vida Independiente M\u00e9xico, sede Huejutla, Rubicel Hern\u00e1ndez Garc\u00eda, dio a conocer que est\u00e1n lanzando una campa\u00f1a con la finalidad de adquirir sillas activas para los compa\u00f1eros que a\u00fan no cuentan con este apoyo.<\/p>\n\n\n\n<p>Explic\u00f3 &#8220;Hay compa\u00f1eros que no tienen sillas adecuadas, si andan en sillas de ruedas, pero son sillas ortop\u00e9dicas, para nosotros con una lesi\u00f3n medular ocupamos una silla activa y estamos lanzando esta campa\u00f1a, para ver que la ciudadan\u00eda y las autoridades que quieran solidarizarse pudieran aportar alg\u00fan granito de arena para que pudi\u00e9ramos obtener sillas activas&#8221;.<\/p>\n\n\n\n<p>Dijo que, la diferencia entre la silla ortop\u00e9dica y la silla activa, es la independencia que esta \u00faltima aporta, ya que la persona tendr\u00e1 la libertad para poder desplazarse a m\u00e1s kil\u00f3metros, corrige la postura y tambi\u00e9n coadyuva a no depender de una persona.<\/p>\n\n\n\n<p>Explic\u00f3 que, una silla activa previene de lesiones en la piel, como las \u00falceras por presi\u00f3n, que son la segunda causa de muerte en persona con discapacidad motriz.<\/p>\n\n\n\n<p>&#8220;Una silla ortop\u00e9dica tienes que depender de una persona que te ande empujando y eso es lo que no queremos, porque buscamos una independencia a trav\u00e9s de una silla activa&#8221;, cit\u00f3.<\/p>\n\n\n\n<p><\/p>\n","protected":false},"excerpt":{"rendered":"<p>Por Karen Rivera\/Zunoticia Huejutla de Reyes, Hgo.- El Representante de Vida Independiente M\u00e9xico, sede Huejutla, Rubicel Hern\u00e1ndez Garc\u00eda, dio a conocer que est\u00e1n lanzando una campa\u00f1a con la finalidad de adquirir sillas activas para los compa\u00f1eros que a\u00fan no cuentan con este apoyo. Explic\u00f3 &#8220;Hay compa\u00f1eros que no tienen sillas adecuadas, si andan en sillas&hellip; <a class=\"more-link\" href=\"https:\/\/www.zunoticia.com\/noticias-de-hidalgo\/2025\/02\/11\/vida-independiente-mexico-lanza-campana-para-adquirir-sillas-activas\/\">Seguir leyendo <span class=\"screen-reader-text\">Vida Independiente M\u00e9xico lanza campa\u00f1a para adquirir sillas activas<\/span><\/a><\/p>\n","protected":false},"author":12,"featured_media":582894,"comment_status":"open","ping_status":"open","sticky":false,"template":"","format":"standard","meta":{"rop_custom_images_group":[],"rop_custom_messages_group":[],"rop_publish_now":"initial","rop_publish_now_accounts":{"facebook_10159540855086992_322828327761733":""},"rop_publish_now_history":[],"rop_publish_now_status":"pending","footnotes":""},"categories":[181],"tags":[121],"class_list":["post-582889","post","type-post","status-publish","format-standard","has-post-thumbnail","hentry","category-huejutla","tag-huejutla","entry"],"_links":{"self":[{"href":"https:\/\/www.zunoticia.com\/noticias-de-hidalgo\/wp-json\/wp\/v2\/posts\/582889","targetHints":{"allow":["GET"]}}],"collection":[{"href":"https:\/\/www.zunoticia.com\/noticias-de-hidalgo\/wp-json\/wp\/v2\/posts"}],"about":[{"href":"https:\/\/www.zunoticia.com\/noticias-de-hidalgo\/wp-json\/wp\/v2\/types\/post"}],"author":[{"embeddable":true,"href":"https:\/\/www.zunoticia.com\/noticias-de-hidalgo\/wp-json\/wp\/v2\/users\/12"}],"replies":[{"embeddable":true,"href":"https:\/\/www.zunoticia.com\/noticias-de-hidalgo\/wp-json\/wp\/v2\/comments?post=582889"}],"version-history":[{"count":1,"href":"https:\/\/www.zunoticia.com\/noticias-de-hidalgo\/wp-json\/wp\/v2\/posts\/582889\/revisions"}],"predecessor-version":[{"id":582895,"href":"https:\/\/www.zunoticia.com\/noticias-de-hidalgo\/wp-json\/wp\/v2\/posts\/582889\/revisions\/582895"}],"wp:featuredmedia":[{"embeddable":true,"href":"https:\/\/www.zunoticia.com\/noticias-de-hidalgo\/wp-json\/wp\/v2\/media\/582894"}],"wp:attachment":[{"href":"https:\/\/www.zunoticia.com\/noticias-de-hidalgo\/wp-json\/wp\/v2\/media?parent=582889"}],"wp:term":[{"taxonomy":"category","embeddable":true,"href":"https:\/\/www.zunoticia.com\/noticias-de-hidalgo\/wp-json\/wp\/v2\/categories?post=582889"},{"taxonomy":"post_tag","embeddable":true,"href":"https:\/\/www.zunoticia.com\/noticias-de-hidalgo\/wp-json\/wp\/v2\/tags?post=582889"}],"curies":[{"name":"wp","href":"https:\/\/api.w.org\/{rel}","templated":true}]}}