{"id":582901,"date":"2025-02-11T21:49:23","date_gmt":"2025-02-12T03:49:23","guid":{"rendered":"https:\/\/www.zunoticia.com\/noticias-de-hidalgo\/?p=582901"},"modified":"2025-02-11T21:49:25","modified_gmt":"2025-02-12T03:49:25","slug":"smdif-listo-para-las-bodas-colectivas-del-14-de-febrero","status":"publish","type":"post","link":"https:\/\/www.zunoticia.com\/noticias-de-hidalgo\/2025\/02\/11\/smdif-listo-para-las-bodas-colectivas-del-14-de-febrero\/","title":{"rendered":"SMDIF listo para las Bodas Colectivas del 14 de febrero"},"content":{"rendered":"<aside class=\"mashsb-container mashsb-main mashsb-stretched\"><div class=\"mashsb-box\"><div class=\"mashsb-count mash-large\" style=\"float:left\"><div class=\"counts mashsbcount\">0<\/div><span class=\"mashsb-sharetext\">SHARES<\/span><\/div><div class=\"mashsb-buttons\"><a class=\"mashicon-facebook mash-large mash-center mashsb-noshadow\" href=\"https:\/\/www.facebook.com\/sharer.php?u=https%3A%2F%2Fwww.zunoticia.com%2Fnoticias-de-hidalgo%2F2025%2F02%2F11%2Fsmdif-listo-para-las-bodas-colectivas-del-14-de-febrero%2F\" target=\"_top\" rel=\"nofollow\"><span class=\"icon\"><\/span><span class=\"text\">Share<\/span><\/a><a class=\"mashicon-twitter mash-large mash-center mashsb-noshadow\" href=\"https:\/\/twitter.com\/intent\/tweet?text=&amp;url=https:\/\/www.zunoticia.com\/noticias-de-hidalgo\/2025\/02\/11\/smdif-listo-para-las-bodas-colectivas-del-14-de-febrero\/\" target=\"_top\" rel=\"nofollow\"><span class=\"icon\"><\/span><span class=\"text\">Tweet<\/span><\/a><div class=\"onoffswitch2 mash-large mashsb-noshadow\" style=\"display:none\"><\/div><\/div>\n            <\/div>\n                <div style=\"clear:both\"><\/div><div class=\"mashsb-toggle-container\"><\/div><\/aside>\n            <!-- Share buttons by mashshare.net - Version: 4.0.47-->\n<p><em>Por \u00c1ngel Osiris Castillo Garc\u00eda\/Zunoticia<\/em><\/p>\n\n\n\n<p><strong>Tlanchinol, Hgo.-<\/strong> Con la finalidad de incentivar a las parejas a poder formalizar su relaci\u00f3n, el Sistema DIF llevar\u00e1 a cabo la jornada de bodas colectivas este 14 de febrero en la plaza principal, aunque fueron pocos los voluntarios en inscribirse, se dio a conocer que ya quedaron cerradas las inscripciones.<\/p>\n\n\n\n<p>Lo anterior fue dado a conocer por la presidenta del SMDIF, Anabel Mateos S\u00e1nchez, quien dio a conocer que este 14 de febrero se habr\u00e1 de llevar a cabo la jornada de bodas colectivas para lo cual se realiz\u00f3 la convocatoria a parejas del municipio, con la intenci\u00f3n de que puedan darle una certeza jur\u00eddica a su relaci\u00f3n.<\/p>\n\n\n\n<p>Refiri\u00f3 que hasta el cierre de las inscripciones que fue el pasado viernes solamente se ten\u00edan 10 parejas inscritas para contraer matrimonio, aunque la meta para este a\u00f1o era de 20 parejas, por lo que consideraba que era importante que sin importar las edades o los a\u00f1os que tengan como pareja puedan darle esa formalidad legal.<\/p>\n\n\n\n<p>Resalt\u00f3 que este tr\u00e1mite es completamente gratuito para todos los contrayentes que se inscribieron como una forma de apoyar a la ciudadan\u00eda por parte del organismo municipal, con el apoyo del alcalde Gabino Hern\u00e1ndez Vite.<\/p>\n","protected":false},"excerpt":{"rendered":"<p>Por \u00c1ngel Osiris Castillo Garc\u00eda\/Zunoticia Tlanchinol, Hgo.- Con la finalidad de incentivar a las parejas a poder formalizar su relaci\u00f3n, el Sistema DIF llevar\u00e1 a cabo la jornada de bodas colectivas este 14 de febrero en la plaza principal, aunque fueron pocos los voluntarios en inscribirse, se dio a conocer que ya quedaron cerradas las&hellip; <a class=\"more-link\" href=\"https:\/\/www.zunoticia.com\/noticias-de-hidalgo\/2025\/02\/11\/smdif-listo-para-las-bodas-colectivas-del-14-de-febrero\/\">Seguir leyendo <span class=\"screen-reader-text\">SMDIF listo para las Bodas Colectivas del 14 de febrero<\/span><\/a><\/p>\n","protected":false},"author":12,"featured_media":582899,"comment_status":"open","ping_status":"open","sticky":false,"template":"","format":"standard","meta":{"rop_custom_images_group":[],"rop_custom_messages_group":[],"rop_publish_now":"initial","rop_publish_now_accounts":{"facebook_10159540855086992_322828327761733":""},"rop_publish_now_history":[],"rop_publish_now_status":"pending","footnotes":""},"categories":[219,201],"tags":[127],"class_list":["post-582901","post","type-post","status-publish","format-standard","has-post-thumbnail","hentry","category-sierra","category-tlanchinol","tag-tlanchinol","entry"],"_links":{"self":[{"href":"https:\/\/www.zunoticia.com\/noticias-de-hidalgo\/wp-json\/wp\/v2\/posts\/582901","targetHints":{"allow":["GET"]}}],"collection":[{"href":"https:\/\/www.zunoticia.com\/noticias-de-hidalgo\/wp-json\/wp\/v2\/posts"}],"about":[{"href":"https:\/\/www.zunoticia.com\/noticias-de-hidalgo\/wp-json\/wp\/v2\/types\/post"}],"author":[{"embeddable":true,"href":"https:\/\/www.zunoticia.com\/noticias-de-hidalgo\/wp-json\/wp\/v2\/users\/12"}],"replies":[{"embeddable":true,"href":"https:\/\/www.zunoticia.com\/noticias-de-hidalgo\/wp-json\/wp\/v2\/comments?post=582901"}],"version-history":[{"count":1,"href":"https:\/\/www.zunoticia.com\/noticias-de-hidalgo\/wp-json\/wp\/v2\/posts\/582901\/revisions"}],"predecessor-version":[{"id":582902,"href":"https:\/\/www.zunoticia.com\/noticias-de-hidalgo\/wp-json\/wp\/v2\/posts\/582901\/revisions\/582902"}],"wp:featuredmedia":[{"embeddable":true,"href":"https:\/\/www.zunoticia.com\/noticias-de-hidalgo\/wp-json\/wp\/v2\/media\/582899"}],"wp:attachment":[{"href":"https:\/\/www.zunoticia.com\/noticias-de-hidalgo\/wp-json\/wp\/v2\/media?parent=582901"}],"wp:term":[{"taxonomy":"category","embeddable":true,"href":"https:\/\/www.zunoticia.com\/noticias-de-hidalgo\/wp-json\/wp\/v2\/categories?post=582901"},{"taxonomy":"post_tag","embeddable":true,"href":"https:\/\/www.zunoticia.com\/noticias-de-hidalgo\/wp-json\/wp\/v2\/tags?post=582901"}],"curies":[{"name":"wp","href":"https:\/\/api.w.org\/{rel}","templated":true}]}}