{"id":583052,"date":"2025-02-13T11:43:51","date_gmt":"2025-02-13T17:43:51","guid":{"rendered":"https:\/\/www.zunoticia.com\/noticias-de-hidalgo\/?p=583052"},"modified":"2025-02-13T11:43:53","modified_gmt":"2025-02-13T17:43:53","slug":"con-diversas-actividades-la-secundaria-3-celebrara-el-dia-del-estudiante","status":"publish","type":"post","link":"https:\/\/www.zunoticia.com\/noticias-de-hidalgo\/2025\/02\/13\/con-diversas-actividades-la-secundaria-3-celebrara-el-dia-del-estudiante\/","title":{"rendered":"Con diversas actividades la Secundaria 3 celebrar\u00e1 el D\u00eda del Estudiante"},"content":{"rendered":"<aside class=\"mashsb-container mashsb-main mashsb-stretched\"><div class=\"mashsb-box\"><div class=\"mashsb-count mash-large\" style=\"float:left\"><div class=\"counts mashsbcount\">0<\/div><span class=\"mashsb-sharetext\">SHARES<\/span><\/div><div class=\"mashsb-buttons\"><a class=\"mashicon-facebook mash-large mash-center mashsb-noshadow\" href=\"https:\/\/www.facebook.com\/sharer.php?u=https%3A%2F%2Fwww.zunoticia.com%2Fnoticias-de-hidalgo%2F2025%2F02%2F13%2Fcon-diversas-actividades-la-secundaria-3-celebrara-el-dia-del-estudiante%2F\" target=\"_top\" rel=\"nofollow\"><span class=\"icon\"><\/span><span class=\"text\">Share<\/span><\/a><a class=\"mashicon-twitter mash-large mash-center mashsb-noshadow\" href=\"https:\/\/twitter.com\/intent\/tweet?text=&amp;url=https:\/\/www.zunoticia.com\/noticias-de-hidalgo\/2025\/02\/13\/con-diversas-actividades-la-secundaria-3-celebrara-el-dia-del-estudiante\/\" target=\"_top\" rel=\"nofollow\"><span class=\"icon\"><\/span><span class=\"text\">Tweet<\/span><\/a><div class=\"onoffswitch2 mash-large mashsb-noshadow\" style=\"display:none\"><\/div><\/div>\n            <\/div>\n                <div style=\"clear:both\"><\/div><div class=\"mashsb-toggle-container\"><\/div><\/aside>\n            <!-- Share buttons by mashshare.net - Version: 4.0.47-->\n<p><em>Por Enedino Hern\u00e1ndez Alonso\/Zunoticia<\/em><\/p>\n\n\n\n<p><strong>Huejutla, Hgo<\/strong>. &#8211; Con diversas actividades programadas para los d\u00edas jueves 13 y viernes 14 de febrero, alumnos de la Escuela Secundaria General No. 3 de esta ciudad de Huejutla de Reyes, celebran el D\u00eda del Estudiante.<\/p>\n\n\n\n<p>La directora del citado plantel educativo, maestra Graciela Campoy Bautista, confirm\u00f3 que, durante la tarde de este jueves 13 de febrero se realizar\u00eda una \u201ctardeada\u201d a partir de las 17:00 horas, cinco de la tarde.<\/p>\n\n\n\n<p>Durante esta actividad se ha programado llevar a cabo un concurso de baile, en donde tendr\u00e1n la oportunidad de participar en los diversos g\u00e9neros: cumbia, rock, norte\u00f1o, salsa y banda y se premiar\u00e1n a los primeros lugares.<\/p>\n\n\n\n<p>Para el viernes 14 de febrero se realizar\u00e1 un programa en el que se coronar\u00e1 a la Reina, Rey y Mis Simpat\u00eda, tambi\u00e9n se ha programado llevar a cabo un Rally con la participaci\u00f3n de todos los alumnos y el personal de la instituci\u00f3n.<\/p>\n\n\n\n<p>Finalmente, Graciela Campoy Bautista se\u00f1al\u00f3 que, en el Rally se otorgar\u00e1n premios a los equipos que obtengan los primeros lugares, as\u00ed mismo se ofrecer\u00e1 un desayuno para fortalecer la convivencia escolar.<\/p>\n","protected":false},"excerpt":{"rendered":"<p>Por Enedino Hern\u00e1ndez Alonso\/Zunoticia Huejutla, Hgo. &#8211; Con diversas actividades programadas para los d\u00edas jueves 13 y viernes 14 de febrero, alumnos de la Escuela Secundaria General No. 3 de esta ciudad de Huejutla de Reyes, celebran el D\u00eda del Estudiante. La directora del citado plantel educativo, maestra Graciela Campoy Bautista, confirm\u00f3 que, durante la&hellip; <a class=\"more-link\" href=\"https:\/\/www.zunoticia.com\/noticias-de-hidalgo\/2025\/02\/13\/con-diversas-actividades-la-secundaria-3-celebrara-el-dia-del-estudiante\/\">Seguir leyendo <span class=\"screen-reader-text\">Con diversas actividades la Secundaria 3 celebrar\u00e1 el D\u00eda del Estudiante<\/span><\/a><\/p>\n","protected":false},"author":20,"featured_media":583053,"comment_status":"open","ping_status":"open","sticky":false,"template":"","format":"standard","meta":{"rop_custom_images_group":[],"rop_custom_messages_group":[],"rop_publish_now":"initial","rop_publish_now_accounts":{"facebook_10159540855086992_322828327761733":""},"rop_publish_now_history":[],"rop_publish_now_status":"pending","footnotes":""},"categories":[181],"tags":[121],"class_list":["post-583052","post","type-post","status-publish","format-standard","has-post-thumbnail","hentry","category-huejutla","tag-huejutla","entry"],"_links":{"self":[{"href":"https:\/\/www.zunoticia.com\/noticias-de-hidalgo\/wp-json\/wp\/v2\/posts\/583052","targetHints":{"allow":["GET"]}}],"collection":[{"href":"https:\/\/www.zunoticia.com\/noticias-de-hidalgo\/wp-json\/wp\/v2\/posts"}],"about":[{"href":"https:\/\/www.zunoticia.com\/noticias-de-hidalgo\/wp-json\/wp\/v2\/types\/post"}],"author":[{"embeddable":true,"href":"https:\/\/www.zunoticia.com\/noticias-de-hidalgo\/wp-json\/wp\/v2\/users\/20"}],"replies":[{"embeddable":true,"href":"https:\/\/www.zunoticia.com\/noticias-de-hidalgo\/wp-json\/wp\/v2\/comments?post=583052"}],"version-history":[{"count":1,"href":"https:\/\/www.zunoticia.com\/noticias-de-hidalgo\/wp-json\/wp\/v2\/posts\/583052\/revisions"}],"predecessor-version":[{"id":583054,"href":"https:\/\/www.zunoticia.com\/noticias-de-hidalgo\/wp-json\/wp\/v2\/posts\/583052\/revisions\/583054"}],"wp:featuredmedia":[{"embeddable":true,"href":"https:\/\/www.zunoticia.com\/noticias-de-hidalgo\/wp-json\/wp\/v2\/media\/583053"}],"wp:attachment":[{"href":"https:\/\/www.zunoticia.com\/noticias-de-hidalgo\/wp-json\/wp\/v2\/media?parent=583052"}],"wp:term":[{"taxonomy":"category","embeddable":true,"href":"https:\/\/www.zunoticia.com\/noticias-de-hidalgo\/wp-json\/wp\/v2\/categories?post=583052"},{"taxonomy":"post_tag","embeddable":true,"href":"https:\/\/www.zunoticia.com\/noticias-de-hidalgo\/wp-json\/wp\/v2\/tags?post=583052"}],"curies":[{"name":"wp","href":"https:\/\/api.w.org\/{rel}","templated":true}]}}