{"id":583064,"date":"2025-02-13T12:43:43","date_gmt":"2025-02-13T18:43:43","guid":{"rendered":"https:\/\/www.zunoticia.com\/noticias-de-hidalgo\/?p=583064"},"modified":"2025-02-13T12:43:44","modified_gmt":"2025-02-13T18:43:44","slug":"incendio-por-cables-y-ramas-genero-panico","status":"publish","type":"post","link":"https:\/\/www.zunoticia.com\/noticias-de-hidalgo\/2025\/02\/13\/incendio-por-cables-y-ramas-genero-panico\/","title":{"rendered":"Incendio por cables y ramas gener\u00f3 p\u00e1nico"},"content":{"rendered":"<aside class=\"mashsb-container mashsb-main mashsb-stretched\"><div class=\"mashsb-box\"><div class=\"mashsb-count mash-large\" style=\"float:left\"><div class=\"counts mashsbcount\">0<\/div><span class=\"mashsb-sharetext\">SHARES<\/span><\/div><div class=\"mashsb-buttons\"><a class=\"mashicon-facebook mash-large mash-center mashsb-noshadow\" href=\"https:\/\/www.facebook.com\/sharer.php?u=https%3A%2F%2Fwww.zunoticia.com%2Fnoticias-de-hidalgo%2F2025%2F02%2F13%2Fincendio-por-cables-y-ramas-genero-panico%2F\" target=\"_top\" rel=\"nofollow\"><span class=\"icon\"><\/span><span class=\"text\">Share<\/span><\/a><a class=\"mashicon-twitter mash-large mash-center mashsb-noshadow\" href=\"https:\/\/twitter.com\/intent\/tweet?text=&amp;url=https:\/\/www.zunoticia.com\/noticias-de-hidalgo\/2025\/02\/13\/incendio-por-cables-y-ramas-genero-panico\/\" target=\"_top\" rel=\"nofollow\"><span class=\"icon\"><\/span><span class=\"text\">Tweet<\/span><\/a><div class=\"onoffswitch2 mash-large mashsb-noshadow\" style=\"display:none\"><\/div><\/div>\n            <\/div>\n                <div style=\"clear:both\"><\/div><div class=\"mashsb-toggle-container\"><\/div><\/aside>\n            <!-- Share buttons by mashshare.net - Version: 4.0.47-->\n<p><em>Por Roberto Ram\u00edrez \/Zunoticia<\/em><\/p>\n\n\n\n<p><strong>Santa Felipe Orizatl\u00e1n, Hgo.<\/strong> &#8211; Un incendio por cortocircuito de cables con ramas de un \u00e1rbol, que se registr\u00f3 en la Unidad deportiva, gener\u00f3 alarma y puso en riesgo veh\u00edculos automotores, as\u00ed como personas que estaban en ese lugar; al sitio llegaron elementos de Protecci\u00f3n Civil (PC) municipal para intervenir en el hecho.<\/p>\n\n\n\n<p>Lo anterior, se deriv\u00f3 por que las ramas tocaron los cables de alta tensi\u00f3n, se solicit\u00f3 la presencia de los cuerpos de emergencia antes de que el cortocircuito se saliera de control, adem\u00e1s se reventaron los cables, lo que representa serio riesgo a las personas que participan en un evento magisterial.<\/p>\n\n\n\n<p>Por este cortocircuito se produjo humo y llamas emanadas de la parte alta de una de las l\u00edneas el\u00e9ctricas de alta tensi\u00f3n. Personal de PC, que lleg\u00f3 al lugar, de inmediato desaloj\u00f3 el \u00e1rea que se encontraba llena de carros, ya que se lleva un evento magisterial, as\u00ed como salvaguardaron a las personas.<\/p>\n\n\n\n<figure class=\"wp-block-image size-full\"><img fetchpriority=\"high\" decoding=\"async\" width=\"1037\" height=\"1280\" src=\"https:\/\/www.zunoticia.com\/noticias-de-hidalgo\/wp-content\/uploads\/2025\/02\/WhatsApp-Image-2025-02-13-at-12.25.34-PM.jpeg\" alt=\"\" class=\"wp-image-583066\"\/><\/figure>\n","protected":false},"excerpt":{"rendered":"<p>Por Roberto Ram\u00edrez \/Zunoticia Santa Felipe Orizatl\u00e1n, Hgo. &#8211; Un incendio por cortocircuito de cables con ramas de un \u00e1rbol, que se registr\u00f3 en la Unidad deportiva, gener\u00f3 alarma y puso en riesgo veh\u00edculos automotores, as\u00ed como personas que estaban en ese lugar; al sitio llegaron elementos de Protecci\u00f3n Civil (PC) municipal para intervenir en&hellip; <a class=\"more-link\" href=\"https:\/\/www.zunoticia.com\/noticias-de-hidalgo\/2025\/02\/13\/incendio-por-cables-y-ramas-genero-panico\/\">Seguir leyendo <span class=\"screen-reader-text\">Incendio por cables y ramas gener\u00f3 p\u00e1nico<\/span><\/a><\/p>\n","protected":false},"author":20,"featured_media":583065,"comment_status":"open","ping_status":"open","sticky":false,"template":"","format":"standard","meta":{"rop_custom_images_group":[],"rop_custom_messages_group":[],"rop_publish_now":"initial","rop_publish_now_accounts":{"facebook_10159540855086992_322828327761733":""},"rop_publish_now_history":[],"rop_publish_now_status":"pending","footnotes":""},"categories":[178],"tags":[259],"class_list":["post-583064","post","type-post","status-publish","format-standard","has-post-thumbnail","hentry","category-policiaca","tag-policiaca","entry"],"_links":{"self":[{"href":"https:\/\/www.zunoticia.com\/noticias-de-hidalgo\/wp-json\/wp\/v2\/posts\/583064","targetHints":{"allow":["GET"]}}],"collection":[{"href":"https:\/\/www.zunoticia.com\/noticias-de-hidalgo\/wp-json\/wp\/v2\/posts"}],"about":[{"href":"https:\/\/www.zunoticia.com\/noticias-de-hidalgo\/wp-json\/wp\/v2\/types\/post"}],"author":[{"embeddable":true,"href":"https:\/\/www.zunoticia.com\/noticias-de-hidalgo\/wp-json\/wp\/v2\/users\/20"}],"replies":[{"embeddable":true,"href":"https:\/\/www.zunoticia.com\/noticias-de-hidalgo\/wp-json\/wp\/v2\/comments?post=583064"}],"version-history":[{"count":1,"href":"https:\/\/www.zunoticia.com\/noticias-de-hidalgo\/wp-json\/wp\/v2\/posts\/583064\/revisions"}],"predecessor-version":[{"id":583067,"href":"https:\/\/www.zunoticia.com\/noticias-de-hidalgo\/wp-json\/wp\/v2\/posts\/583064\/revisions\/583067"}],"wp:featuredmedia":[{"embeddable":true,"href":"https:\/\/www.zunoticia.com\/noticias-de-hidalgo\/wp-json\/wp\/v2\/media\/583065"}],"wp:attachment":[{"href":"https:\/\/www.zunoticia.com\/noticias-de-hidalgo\/wp-json\/wp\/v2\/media?parent=583064"}],"wp:term":[{"taxonomy":"category","embeddable":true,"href":"https:\/\/www.zunoticia.com\/noticias-de-hidalgo\/wp-json\/wp\/v2\/categories?post=583064"},{"taxonomy":"post_tag","embeddable":true,"href":"https:\/\/www.zunoticia.com\/noticias-de-hidalgo\/wp-json\/wp\/v2\/tags?post=583064"}],"curies":[{"name":"wp","href":"https:\/\/api.w.org\/{rel}","templated":true}]}}