{"id":583100,"date":"2025-02-13T17:18:31","date_gmt":"2025-02-13T23:18:31","guid":{"rendered":"https:\/\/www.zunoticia.com\/noticias-de-hidalgo\/?p=583100"},"modified":"2025-02-13T17:18:33","modified_gmt":"2025-02-13T23:18:33","slug":"alumnos-de-la-uthh-en-manifestacion","status":"publish","type":"post","link":"https:\/\/www.zunoticia.com\/noticias-de-hidalgo\/2025\/02\/13\/alumnos-de-la-uthh-en-manifestacion\/","title":{"rendered":"Alumnos de la UTHH en manifestaci\u00f3n"},"content":{"rendered":"<aside class=\"mashsb-container mashsb-main mashsb-stretched\"><div class=\"mashsb-box\"><div class=\"mashsb-count mash-large\" style=\"float:left\"><div class=\"counts mashsbcount\">0<\/div><span class=\"mashsb-sharetext\">SHARES<\/span><\/div><div class=\"mashsb-buttons\"><a class=\"mashicon-facebook mash-large mash-center mashsb-noshadow\" href=\"https:\/\/www.facebook.com\/sharer.php?u=https%3A%2F%2Fwww.zunoticia.com%2Fnoticias-de-hidalgo%2F2025%2F02%2F13%2Falumnos-de-la-uthh-en-manifestacion%2F\" target=\"_top\" rel=\"nofollow\"><span class=\"icon\"><\/span><span class=\"text\">Share<\/span><\/a><a class=\"mashicon-twitter mash-large mash-center mashsb-noshadow\" href=\"https:\/\/twitter.com\/intent\/tweet?text=&amp;url=https:\/\/www.zunoticia.com\/noticias-de-hidalgo\/2025\/02\/13\/alumnos-de-la-uthh-en-manifestacion\/\" target=\"_top\" rel=\"nofollow\"><span class=\"icon\"><\/span><span class=\"text\">Tweet<\/span><\/a><div class=\"onoffswitch2 mash-large mashsb-noshadow\" style=\"display:none\"><\/div><\/div>\n            <\/div>\n                <div style=\"clear:both\"><\/div><div class=\"mashsb-toggle-container\"><\/div><\/aside>\n            <!-- Share buttons by mashshare.net - Version: 4.0.47-->\n<p><em>Por Enedino Hern\u00e1ndez Alonso\/Zunoticia<\/em><\/p>\n\n\n\n<p><strong>Huejutla, Hgo. &#8211;<\/strong> La ma\u00f1ana de este jueves un grupo de alumnos de la Universidad Tecnol\u00f3gica de la Huasteca Hidalguense, UTHH, se manifestaron frente a la instituci\u00f3n educativa en protesta por el problema de la falta de agua y dem\u00e1s situaciones que se tienen al interior de la&nbsp; instituci\u00f3n.<\/p>\n\n\n\n<p>Edson Adolfo Ju\u00e1rez Montoya, alumno de la carrera de Administraci\u00f3n de la UTHH, se\u00f1al\u00f3 que, son varios problemas que se tienen en la Universidad y uno de los m\u00e1s graves es la falta de agua, el segundo no es la falta de infraestructura sino el mal mantenimiento, hay salones que no tienen sillas, salones que tienen contactos descubiertos, m\u00f3dulos que son nuevos con goteras.<\/p>\n\n\n\n<p>Asimismo, dijo que, es indignante el hecho, de que se hayan enterado que iba a realizarse una manifestaci\u00f3n implicara que suspendieran las clases, \u201cd\u00edas atr\u00e1s no hemos tenido agua y nada por el estilo y ten\u00edamos clases normales, ahora horas despu\u00e9s de enterarse de la manifestaci\u00f3n se lleva a cabo la suspensi\u00f3n de labores, esto es lo que m\u00e1s nos llena de tristeza\u201d.<\/p>\n\n\n\n<p>Abund\u00f3 que, una buena cantidad de alumnos se han sentido intimidados y por la falta de clases, hayan decidido ausentarse de la manifestaci\u00f3n, se\u00f1alando que los d\u00edas jueves y viernes las clases se realizan de manera virtual, no hay clases presenciales.<\/p>\n\n\n\n<p>A\u00f1adi\u00f3 que, por todo ello, se plantea integrar un comit\u00e9 de alumnos en representaci\u00f3n de todos para dialogar y poder tener acuerdos reales, no s\u00f3lo de palabra, si no por escrito, y que sean tiempos adecuados, \u201cporque s\u00ed nos dicen, metan quejas y metan solicitudes, pero si arreglar un contacto les lleva un a\u00f1o pues es s\u00faper b\u00e1sico\u201d.<\/p>\n\n\n\n<p>Edson Adolfo Ju\u00e1rez Montoya, pide al director de la instituci\u00f3n educativa a tomar al alumnado en serio, \u201csi nos vemos como empresa, somos sus clientes; sin nosotros nos hay Universidad, dependemos uno del otro.<\/p>\n\n\n\n<p>Nosotros queremos la educaci\u00f3n, por eso estamos en esta Universidad, ya que cuenta con grandes docentes, con muchos conocimientos y un buen nivel acad\u00e9mico, y en este caso, s\u00f3lo exigimos lo que es lo b\u00e1sico en la instituci\u00f3n, que no estemos en una silla sin respaldo, queremos que haya salones con clima, agua para los sanitarios\u201d.&nbsp;<\/p>\n\n\n\n<p>Insiste que, en la UTHH no s\u00f3lo se tiene el problema por la falta de agua, pues al momento hay muchos m\u00e1s, cada carrera tiene problemas distintos, pero s\u00ed hay una variedad de problemas que no se han resuelto.<\/p>\n\n\n\n<figure class=\"wp-block-gallery has-nested-images columns-default is-cropped wp-block-gallery-1 is-layout-flex wp-block-gallery-is-layout-flex\">\n<figure class=\"wp-block-image size-large\"><img fetchpriority=\"high\" decoding=\"async\" width=\"933\" height=\"524\" data-id=\"583102\" src=\"https:\/\/www.zunoticia.com\/noticias-de-hidalgo\/wp-content\/uploads\/2025\/02\/Zunoticia-Huejutla-2-24.png\" alt=\"\" class=\"wp-image-583102\"\/><\/figure>\n\n\n\n<figure class=\"wp-block-image size-large\"><img decoding=\"async\" width=\"933\" height=\"524\" data-id=\"583103\" src=\"https:\/\/www.zunoticia.com\/noticias-de-hidalgo\/wp-content\/uploads\/2025\/02\/Zunoticia-Huejutla-160.png\" alt=\"\" class=\"wp-image-583103\"\/><\/figure>\n<\/figure>\n","protected":false},"excerpt":{"rendered":"<p>Por Enedino Hern\u00e1ndez Alonso\/Zunoticia Huejutla, Hgo. &#8211; La ma\u00f1ana de este jueves un grupo de alumnos de la Universidad Tecnol\u00f3gica de la Huasteca Hidalguense, UTHH, se manifestaron frente a la instituci\u00f3n educativa en protesta por el problema de la falta de agua y dem\u00e1s situaciones que se tienen al interior de la&nbsp; instituci\u00f3n. Edson Adolfo&hellip; <a class=\"more-link\" href=\"https:\/\/www.zunoticia.com\/noticias-de-hidalgo\/2025\/02\/13\/alumnos-de-la-uthh-en-manifestacion\/\">Seguir leyendo <span class=\"screen-reader-text\">Alumnos de la UTHH en manifestaci\u00f3n<\/span><\/a><\/p>\n","protected":false},"author":20,"featured_media":583101,"comment_status":"open","ping_status":"open","sticky":false,"template":"","format":"standard","meta":{"rop_custom_images_group":[],"rop_custom_messages_group":[],"rop_publish_now":"initial","rop_publish_now_accounts":{"facebook_10159540855086992_322828327761733":""},"rop_publish_now_history":[],"rop_publish_now_status":"pending","footnotes":""},"categories":[181],"tags":[121],"class_list":["post-583100","post","type-post","status-publish","format-standard","has-post-thumbnail","hentry","category-huejutla","tag-huejutla","entry"],"_links":{"self":[{"href":"https:\/\/www.zunoticia.com\/noticias-de-hidalgo\/wp-json\/wp\/v2\/posts\/583100","targetHints":{"allow":["GET"]}}],"collection":[{"href":"https:\/\/www.zunoticia.com\/noticias-de-hidalgo\/wp-json\/wp\/v2\/posts"}],"about":[{"href":"https:\/\/www.zunoticia.com\/noticias-de-hidalgo\/wp-json\/wp\/v2\/types\/post"}],"author":[{"embeddable":true,"href":"https:\/\/www.zunoticia.com\/noticias-de-hidalgo\/wp-json\/wp\/v2\/users\/20"}],"replies":[{"embeddable":true,"href":"https:\/\/www.zunoticia.com\/noticias-de-hidalgo\/wp-json\/wp\/v2\/comments?post=583100"}],"version-history":[{"count":1,"href":"https:\/\/www.zunoticia.com\/noticias-de-hidalgo\/wp-json\/wp\/v2\/posts\/583100\/revisions"}],"predecessor-version":[{"id":583104,"href":"https:\/\/www.zunoticia.com\/noticias-de-hidalgo\/wp-json\/wp\/v2\/posts\/583100\/revisions\/583104"}],"wp:featuredmedia":[{"embeddable":true,"href":"https:\/\/www.zunoticia.com\/noticias-de-hidalgo\/wp-json\/wp\/v2\/media\/583101"}],"wp:attachment":[{"href":"https:\/\/www.zunoticia.com\/noticias-de-hidalgo\/wp-json\/wp\/v2\/media?parent=583100"}],"wp:term":[{"taxonomy":"category","embeddable":true,"href":"https:\/\/www.zunoticia.com\/noticias-de-hidalgo\/wp-json\/wp\/v2\/categories?post=583100"},{"taxonomy":"post_tag","embeddable":true,"href":"https:\/\/www.zunoticia.com\/noticias-de-hidalgo\/wp-json\/wp\/v2\/tags?post=583100"}],"curies":[{"name":"wp","href":"https:\/\/api.w.org\/{rel}","templated":true}]}}