{"id":583140,"date":"2025-02-13T19:34:08","date_gmt":"2025-02-14T01:34:08","guid":{"rendered":"https:\/\/www.zunoticia.com\/noticias-de-hidalgo\/?p=583140"},"modified":"2025-02-13T19:34:09","modified_gmt":"2025-02-14T01:34:09","slug":"conato-de-incendio-en-automovil","status":"publish","type":"post","link":"https:\/\/www.zunoticia.com\/noticias-de-hidalgo\/2025\/02\/13\/conato-de-incendio-en-automovil\/","title":{"rendered":"Conato de incendio en autom\u00f3vil"},"content":{"rendered":"<aside class=\"mashsb-container mashsb-main mashsb-stretched\"><div class=\"mashsb-box\"><div class=\"mashsb-count mash-large\" style=\"float:left\"><div class=\"counts mashsbcount\">2<\/div><span class=\"mashsb-sharetext\">SHARES<\/span><\/div><div class=\"mashsb-buttons\"><a class=\"mashicon-facebook mash-large mash-center mashsb-noshadow\" href=\"https:\/\/www.facebook.com\/sharer.php?u=https%3A%2F%2Fwww.zunoticia.com%2Fnoticias-de-hidalgo%2F2025%2F02%2F13%2Fconato-de-incendio-en-automovil%2F\" target=\"_top\" rel=\"nofollow\"><span class=\"icon\"><\/span><span class=\"text\">Share<\/span><\/a><a class=\"mashicon-twitter mash-large mash-center mashsb-noshadow\" href=\"https:\/\/twitter.com\/intent\/tweet?text=&amp;url=https:\/\/www.zunoticia.com\/noticias-de-hidalgo\/2025\/02\/13\/conato-de-incendio-en-automovil\/\" target=\"_top\" rel=\"nofollow\"><span class=\"icon\"><\/span><span class=\"text\">Tweet<\/span><\/a><div class=\"onoffswitch2 mash-large mashsb-noshadow\" style=\"display:none\"><\/div><\/div>\n            <\/div>\n                <div style=\"clear:both\"><\/div><div class=\"mashsb-toggle-container\"><\/div><\/aside>\n            <!-- Share buttons by mashshare.net - Version: 4.0.47-->\n<p><em>Por Roberto Ram\u00edrez\/Zunoticia<\/em><\/p>\n\n\n\n<p><strong>Huejutla, Hgo.-<\/strong> Esta tarde se registr\u00f3 un conato de incendio en un autom\u00f3vil en el bulevar Adolfo L\u00f3pez Mateos de la colonia Aviaci\u00f3n Civil, en donde un autom\u00f3vil, al circular sobre esa v\u00eda, comenz\u00f3 a sacar humo y lumbre.<\/p>\n\n\n\n<p>Fue a la altura de la entrada del estadio Carlos Fayad Orozco en que el autom\u00f3vil de color rojo comenz\u00f3 a arder en llamas, pero la r\u00e1pida intervenci\u00f3n del propietario y de los automovilistas lograron controlar las llamas con extintores y cubetas de agua.<\/p>\n\n\n\n<p>Al lugar tambien llegaron elementos del cuerpo de bomberos para apagar las llamas y desconectar la pila, en este conato, del autom\u00f3vil solo se quemaron algunas partes el\u00e9ctricas y mec\u00e1nicas, as\u00ed como el susto que se llevaron los tripulantes.<\/p>\n\n\n\n<p>Al lugar se dieron cita polic\u00edas estatales para tomar conocimiento de los hechos y el autom\u00f3vil fue remolcado por una camioneta al domicilio&nbsp;del&nbsp;afectado.<\/p>\n","protected":false},"excerpt":{"rendered":"<p>Por Roberto Ram\u00edrez\/Zunoticia Huejutla, Hgo.- Esta tarde se registr\u00f3 un conato de incendio en un autom\u00f3vil en el bulevar Adolfo L\u00f3pez Mateos de la colonia Aviaci\u00f3n Civil, en donde un autom\u00f3vil, al circular sobre esa v\u00eda, comenz\u00f3 a sacar humo y lumbre. Fue a la altura de la entrada del estadio Carlos Fayad Orozco en&hellip; <a class=\"more-link\" href=\"https:\/\/www.zunoticia.com\/noticias-de-hidalgo\/2025\/02\/13\/conato-de-incendio-en-automovil\/\">Seguir leyendo <span class=\"screen-reader-text\">Conato de incendio en autom\u00f3vil<\/span><\/a><\/p>\n","protected":false},"author":12,"featured_media":583141,"comment_status":"open","ping_status":"open","sticky":false,"template":"","format":"standard","meta":{"rop_custom_images_group":[],"rop_custom_messages_group":[],"rop_publish_now":"initial","rop_publish_now_accounts":{"facebook_10159540855086992_322828327761733":""},"rop_publish_now_history":[],"rop_publish_now_status":"pending","footnotes":""},"categories":[178],"tags":[259],"class_list":["post-583140","post","type-post","status-publish","format-standard","has-post-thumbnail","hentry","category-policiaca","tag-policiaca","entry"],"_links":{"self":[{"href":"https:\/\/www.zunoticia.com\/noticias-de-hidalgo\/wp-json\/wp\/v2\/posts\/583140","targetHints":{"allow":["GET"]}}],"collection":[{"href":"https:\/\/www.zunoticia.com\/noticias-de-hidalgo\/wp-json\/wp\/v2\/posts"}],"about":[{"href":"https:\/\/www.zunoticia.com\/noticias-de-hidalgo\/wp-json\/wp\/v2\/types\/post"}],"author":[{"embeddable":true,"href":"https:\/\/www.zunoticia.com\/noticias-de-hidalgo\/wp-json\/wp\/v2\/users\/12"}],"replies":[{"embeddable":true,"href":"https:\/\/www.zunoticia.com\/noticias-de-hidalgo\/wp-json\/wp\/v2\/comments?post=583140"}],"version-history":[{"count":1,"href":"https:\/\/www.zunoticia.com\/noticias-de-hidalgo\/wp-json\/wp\/v2\/posts\/583140\/revisions"}],"predecessor-version":[{"id":583142,"href":"https:\/\/www.zunoticia.com\/noticias-de-hidalgo\/wp-json\/wp\/v2\/posts\/583140\/revisions\/583142"}],"wp:featuredmedia":[{"embeddable":true,"href":"https:\/\/www.zunoticia.com\/noticias-de-hidalgo\/wp-json\/wp\/v2\/media\/583141"}],"wp:attachment":[{"href":"https:\/\/www.zunoticia.com\/noticias-de-hidalgo\/wp-json\/wp\/v2\/media?parent=583140"}],"wp:term":[{"taxonomy":"category","embeddable":true,"href":"https:\/\/www.zunoticia.com\/noticias-de-hidalgo\/wp-json\/wp\/v2\/categories?post=583140"},{"taxonomy":"post_tag","embeddable":true,"href":"https:\/\/www.zunoticia.com\/noticias-de-hidalgo\/wp-json\/wp\/v2\/tags?post=583140"}],"curies":[{"name":"wp","href":"https:\/\/api.w.org\/{rel}","templated":true}]}}