{"id":583152,"date":"2025-02-13T23:45:55","date_gmt":"2025-02-14T05:45:55","guid":{"rendered":"https:\/\/www.zunoticia.com\/noticias-de-hidalgo\/?p=583152"},"modified":"2025-02-13T23:50:38","modified_gmt":"2025-02-14T05:50:38","slug":"espejeando-por-perseo-huasteca-123","status":"publish","type":"post","link":"https:\/\/www.zunoticia.com\/noticias-de-hidalgo\/2025\/02\/13\/espejeando-por-perseo-huasteca-123\/","title":{"rendered":"ESPEJEANDO POR PERSEO Huasteca"},"content":{"rendered":"<aside class=\"mashsb-container mashsb-main mashsb-stretched\"><div class=\"mashsb-box\"><div class=\"mashsb-count mash-large\" style=\"float:left\"><div class=\"counts mashsbcount\">0<\/div><span class=\"mashsb-sharetext\">SHARES<\/span><\/div><div class=\"mashsb-buttons\"><a class=\"mashicon-facebook mash-large mash-center mashsb-noshadow\" href=\"https:\/\/www.facebook.com\/sharer.php?u=https%3A%2F%2Fwww.zunoticia.com%2Fnoticias-de-hidalgo%2F2025%2F02%2F13%2Fespejeando-por-perseo-huasteca-123%2F\" target=\"_top\" rel=\"nofollow\"><span class=\"icon\"><\/span><span class=\"text\">Share<\/span><\/a><a class=\"mashicon-twitter mash-large mash-center mashsb-noshadow\" href=\"https:\/\/twitter.com\/intent\/tweet?text=&amp;url=https:\/\/www.zunoticia.com\/noticias-de-hidalgo\/2025\/02\/13\/espejeando-por-perseo-huasteca-123\/\" target=\"_top\" rel=\"nofollow\"><span class=\"icon\"><\/span><span class=\"text\">Tweet<\/span><\/a><div class=\"onoffswitch2 mash-large mashsb-noshadow\" style=\"display:none\"><\/div><\/div>\n            <\/div>\n                <div style=\"clear:both\"><\/div><div class=\"mashsb-toggle-container\"><\/div><\/aside>\n            <!-- Share buttons by mashshare.net - Version: 4.0.47-->\n<p>\u2022 A\u00daN CUANDO NO se han revelado las cantidades, trascendi\u00f3 de voz de los propios alcaldes que ya se les dio a conocer el techo financiero que se les asign\u00f3 para este a\u00f1o, sin embargo, las malas noticias que se tem\u00edan finalmente fueron confirmadas, la federaci\u00f3n aplic\u00f3 recortes a los presupuestos, porque se les habr\u00e1 de asignar una partida a las comunidades para que puedan realizar sus obras.<\/p>\n\n\n\n<p>\u2022 Esto mantiene la inconformidad entre los presidentes municipales, ya que refieren que cuando se les hizo el anuncio por parte de la presidenta Claudia Sheinbaum, no se les explic\u00f3 que el dinero que ser\u00e1 entregado de manera directa a las comunidades ser\u00eda descontado del presupuesto, lo que contraviene lo establecido de incrementar el presupuesto cada a\u00f1o, no reducirlo.<\/p>\n\n\n\n<p>\u2022 A\u00fan m\u00e1s, se\u00f1alan, no se les han dado a conocer las reglas de operaci\u00f3n para este programa, por tanto, no se sabe qu\u00e9 tipo de obras y acciones podr\u00e1n realizar con este recurso y lo m\u00e1s importante, c\u00f3mo definir\u00e1n la cantidad que corresponde a cada una, ya que consideran que esto se debe medir en base a la densidad demogr\u00e1fica, as\u00ed como la situaci\u00f3n de marginaci\u00f3n en la que se encuentra cada comunidad.<\/p>\n\n\n\n<p>\u2022 Y aunque en teor\u00eda esto puede representar un beneficio directo para las comunidades, no se ha medido el impacto social que tendr\u00e1, debido a que el hecho de que ahora las autoridades puedan manejar grandes cantidades de dinero habr\u00e1 de generar m\u00e1s divisi\u00f3n al interior de los n\u00facleos comunales, sobre todo, con la presencia de grupos pol\u00edticos, citando como ejemplo que ya existen comunidades divididas en 1 y 2.<\/p>\n\n\n\n<p>\u2022 EN EL municipio de JALTOC\u00c1N se espera la visita del gobernador del estado en los pr\u00f3ximos d\u00edas con las llamadas Rutas de la Transformaci\u00f3n, mediante las cuales se acercan los servicios de diferentes dependencias a la ciudadan\u00eda, por lo que personal de log\u00edstica ya se encuentra en el municipio llevando a cabo los preparativos.<\/p>\n\n\n\n<p>\u2022 Curiosamente, este jueves un grupo de vecinos de la comunidad de Coatecomaco decidi\u00f3 iniciar con una movilizaci\u00f3n para exigir que se les entregue cuentas de una obra que est\u00e1 siendo realizada por Gobierno del Estado, en conjunto con el Ayuntamiento, contando con el nombre y cargo de los funcionarios responsables de los trabajos, exigen que se presenten en la localidad.<\/p>\n\n\n\n<p>\u2022 Lo que llama la atenci\u00f3n es c\u00f3mo se enteraron, primero de la visita del gobernador y, adem\u00e1s, tuvieran acceso a los nombres y cargos de los funcionarios para poder se\u00f1alarlos y que acudan o de lo contrario habr\u00e1n de llevar a cabo una manifestaci\u00f3n.<\/p>\n\n\n\n<p>\u2022 Cabe mencionar que, el municipio de Jaltoc\u00e1n anteriormente no hab\u00eda sido considerado dentro de las actividades de Gobierno del Estado y en esta ocasi\u00f3n ser\u00e1 la primera actividad en la que el mandatario hidalguense est\u00e9 presente en el municipio, pero las cosas pudieran complicarse por este tipo de movilizaciones que se est\u00e1n generando.<\/p>\n","protected":false},"excerpt":{"rendered":"<p>\u2022 A\u00daN CUANDO NO se han revelado las cantidades, trascendi\u00f3 de voz de los propios alcaldes que ya se les dio a conocer el techo financiero que se les asign\u00f3 para este a\u00f1o, sin embargo, las malas noticias que se tem\u00edan finalmente fueron confirmadas, la federaci\u00f3n aplic\u00f3 recortes a los presupuestos, porque se les habr\u00e1&hellip; <a class=\"more-link\" href=\"https:\/\/www.zunoticia.com\/noticias-de-hidalgo\/2025\/02\/13\/espejeando-por-perseo-huasteca-123\/\">Seguir leyendo <span class=\"screen-reader-text\">ESPEJEANDO POR PERSEO Huasteca<\/span><\/a><\/p>\n","protected":false},"author":12,"featured_media":583153,"comment_status":"open","ping_status":"open","sticky":false,"template":"","format":"standard","meta":{"rop_custom_images_group":[],"rop_custom_messages_group":[],"rop_publish_now":"initial","rop_publish_now_accounts":{"facebook_10159540855086992_322828327761733":""},"rop_publish_now_history":[],"rop_publish_now_status":"pending","footnotes":""},"categories":[176],"tags":[205],"class_list":["post-583152","post","type-post","status-publish","format-standard","has-post-thumbnail","hentry","category-espejeando","tag-espejeando","entry"],"_links":{"self":[{"href":"https:\/\/www.zunoticia.com\/noticias-de-hidalgo\/wp-json\/wp\/v2\/posts\/583152","targetHints":{"allow":["GET"]}}],"collection":[{"href":"https:\/\/www.zunoticia.com\/noticias-de-hidalgo\/wp-json\/wp\/v2\/posts"}],"about":[{"href":"https:\/\/www.zunoticia.com\/noticias-de-hidalgo\/wp-json\/wp\/v2\/types\/post"}],"author":[{"embeddable":true,"href":"https:\/\/www.zunoticia.com\/noticias-de-hidalgo\/wp-json\/wp\/v2\/users\/12"}],"replies":[{"embeddable":true,"href":"https:\/\/www.zunoticia.com\/noticias-de-hidalgo\/wp-json\/wp\/v2\/comments?post=583152"}],"version-history":[{"count":2,"href":"https:\/\/www.zunoticia.com\/noticias-de-hidalgo\/wp-json\/wp\/v2\/posts\/583152\/revisions"}],"predecessor-version":[{"id":583155,"href":"https:\/\/www.zunoticia.com\/noticias-de-hidalgo\/wp-json\/wp\/v2\/posts\/583152\/revisions\/583155"}],"wp:featuredmedia":[{"embeddable":true,"href":"https:\/\/www.zunoticia.com\/noticias-de-hidalgo\/wp-json\/wp\/v2\/media\/583153"}],"wp:attachment":[{"href":"https:\/\/www.zunoticia.com\/noticias-de-hidalgo\/wp-json\/wp\/v2\/media?parent=583152"}],"wp:term":[{"taxonomy":"category","embeddable":true,"href":"https:\/\/www.zunoticia.com\/noticias-de-hidalgo\/wp-json\/wp\/v2\/categories?post=583152"},{"taxonomy":"post_tag","embeddable":true,"href":"https:\/\/www.zunoticia.com\/noticias-de-hidalgo\/wp-json\/wp\/v2\/tags?post=583152"}],"curies":[{"name":"wp","href":"https:\/\/api.w.org\/{rel}","templated":true}]}}