{"id":583619,"date":"2025-02-19T10:23:57","date_gmt":"2025-02-19T16:23:57","guid":{"rendered":"https:\/\/www.zunoticia.com\/noticias-de-hidalgo\/?p=583619"},"modified":"2025-02-19T10:23:59","modified_gmt":"2025-02-19T16:23:59","slug":"conmemoran-112-aniversario-del-dia-del-ejercito-mexicano","status":"publish","type":"post","link":"https:\/\/www.zunoticia.com\/noticias-de-hidalgo\/2025\/02\/19\/conmemoran-112-aniversario-del-dia-del-ejercito-mexicano\/","title":{"rendered":"Conmemoran 112 aniversario del d\u00eda del ej\u00e9rcito Mexicano"},"content":{"rendered":"<aside class=\"mashsb-container mashsb-main mashsb-stretched\"><div class=\"mashsb-box\"><div class=\"mashsb-count mash-large\" style=\"float:left\"><div class=\"counts mashsbcount\">0<\/div><span class=\"mashsb-sharetext\">SHARES<\/span><\/div><div class=\"mashsb-buttons\"><a class=\"mashicon-facebook mash-large mash-center mashsb-noshadow\" href=\"https:\/\/www.facebook.com\/sharer.php?u=https%3A%2F%2Fwww.zunoticia.com%2Fnoticias-de-hidalgo%2F2025%2F02%2F19%2Fconmemoran-112-aniversario-del-dia-del-ejercito-mexicano%2F\" target=\"_top\" rel=\"nofollow\"><span class=\"icon\"><\/span><span class=\"text\">Share<\/span><\/a><a class=\"mashicon-twitter mash-large mash-center mashsb-noshadow\" href=\"https:\/\/twitter.com\/intent\/tweet?text=&amp;url=https:\/\/www.zunoticia.com\/noticias-de-hidalgo\/2025\/02\/19\/conmemoran-112-aniversario-del-dia-del-ejercito-mexicano\/\" target=\"_top\" rel=\"nofollow\"><span class=\"icon\"><\/span><span class=\"text\">Tweet<\/span><\/a><div class=\"onoffswitch2 mash-large mashsb-noshadow\" style=\"display:none\"><\/div><\/div>\n            <\/div>\n                <div style=\"clear:both\"><\/div><div class=\"mashsb-toggle-container\"><\/div><\/aside>\n            <!-- Share buttons by mashshare.net - Version: 4.0.47-->\n<p><em>Por Enedino Hern\u00e1ndez\/ Zunoticia<\/em><\/p>\n\n\n\n<p><strong>Huejutla, Hidalgo. &#8211;<\/strong> Con un evento c\u00edvico e izamiento de bandera en la explanada del reloj municipal de esta ciudad de Huejutla de Reyes, durante la ma\u00f1ana de este mi\u00e9rcoles 19 de febrero se conmemor\u00f3 el 112 aniversario del d\u00eda del ej\u00e9rcito Mexicano.<\/p>\n\n\n\n<p>Alumnos y maestros de la escuela primaria &#8216;Lauro Aguirre&#8217; y del Colegio de Estudios Cient\u00edficos y Tecnol\u00f3gicos del Estado de Hidalgo (CECyTEH) plantel Huejutla, as\u00ed como las autoridades municipales y educativas participaron en este evento c\u00edvico.<\/p>\n\n\n\n<figure class=\"wp-block-gallery has-nested-images columns-default is-cropped wp-block-gallery-1 is-layout-flex wp-block-gallery-is-layout-flex\">\n<figure class=\"wp-block-image size-large\"><img fetchpriority=\"high\" decoding=\"async\" width=\"1440\" height=\"1080\" data-id=\"583621\" src=\"https:\/\/www.zunoticia.com\/noticias-de-hidalgo\/wp-content\/uploads\/2025\/02\/Conmemoran-dia-del-ejercito3.jpeg\" alt=\"\" class=\"wp-image-583621\"\/><\/figure>\n\n\n\n<figure class=\"wp-block-image size-large\"><img decoding=\"async\" width=\"1440\" height=\"1080\" data-id=\"583622\" src=\"https:\/\/www.zunoticia.com\/noticias-de-hidalgo\/wp-content\/uploads\/2025\/02\/Conmemoran-dia-del-ejercito2.jpeg\" alt=\"\" class=\"wp-image-583622\"\/><\/figure>\n<\/figure>\n\n\n\n<p>En su momento, uno de los alumnos del CECYTEH procedi\u00f3 en dar lectura a la Rese\u00f1a Hist\u00f3rica con motivo de la conmemoraci\u00f3n del d\u00eda del ej\u00e9rcito Mexicano.<\/p>\n\n\n\n<p>Asimismo, se destaca que las fuerzas militares han jugado un papel clave en la historia de M\u00e9xico, pues a lo largo de los a\u00f1os, el ej\u00e9rcito Mexicano ha evolucionado a partir de distintos acontecimientos que han influido en su estructura y funciones.<\/p>\n","protected":false},"excerpt":{"rendered":"<p>Por Enedino Hern\u00e1ndez\/ Zunoticia Huejutla, Hidalgo. &#8211; Con un evento c\u00edvico e izamiento de bandera en la explanada del reloj municipal de esta ciudad de Huejutla de Reyes, durante la ma\u00f1ana de este mi\u00e9rcoles 19 de febrero se conmemor\u00f3 el 112 aniversario del d\u00eda del ej\u00e9rcito Mexicano. Alumnos y maestros de la escuela primaria &#8216;Lauro&hellip; <a class=\"more-link\" href=\"https:\/\/www.zunoticia.com\/noticias-de-hidalgo\/2025\/02\/19\/conmemoran-112-aniversario-del-dia-del-ejercito-mexicano\/\">Seguir leyendo <span class=\"screen-reader-text\">Conmemoran 112 aniversario del d\u00eda del ej\u00e9rcito Mexicano<\/span><\/a><\/p>\n","protected":false},"author":23,"featured_media":583620,"comment_status":"open","ping_status":"open","sticky":false,"template":"","format":"standard","meta":{"rop_custom_images_group":[],"rop_custom_messages_group":[],"rop_publish_now":"initial","rop_publish_now_accounts":{"facebook_10159540855086992_322828327761733":""},"rop_publish_now_history":[],"rop_publish_now_status":"pending","footnotes":""},"categories":[181],"tags":[121],"class_list":["post-583619","post","type-post","status-publish","format-standard","has-post-thumbnail","hentry","category-huejutla","tag-huejutla","entry"],"_links":{"self":[{"href":"https:\/\/www.zunoticia.com\/noticias-de-hidalgo\/wp-json\/wp\/v2\/posts\/583619","targetHints":{"allow":["GET"]}}],"collection":[{"href":"https:\/\/www.zunoticia.com\/noticias-de-hidalgo\/wp-json\/wp\/v2\/posts"}],"about":[{"href":"https:\/\/www.zunoticia.com\/noticias-de-hidalgo\/wp-json\/wp\/v2\/types\/post"}],"author":[{"embeddable":true,"href":"https:\/\/www.zunoticia.com\/noticias-de-hidalgo\/wp-json\/wp\/v2\/users\/23"}],"replies":[{"embeddable":true,"href":"https:\/\/www.zunoticia.com\/noticias-de-hidalgo\/wp-json\/wp\/v2\/comments?post=583619"}],"version-history":[{"count":1,"href":"https:\/\/www.zunoticia.com\/noticias-de-hidalgo\/wp-json\/wp\/v2\/posts\/583619\/revisions"}],"predecessor-version":[{"id":583623,"href":"https:\/\/www.zunoticia.com\/noticias-de-hidalgo\/wp-json\/wp\/v2\/posts\/583619\/revisions\/583623"}],"wp:featuredmedia":[{"embeddable":true,"href":"https:\/\/www.zunoticia.com\/noticias-de-hidalgo\/wp-json\/wp\/v2\/media\/583620"}],"wp:attachment":[{"href":"https:\/\/www.zunoticia.com\/noticias-de-hidalgo\/wp-json\/wp\/v2\/media?parent=583619"}],"wp:term":[{"taxonomy":"category","embeddable":true,"href":"https:\/\/www.zunoticia.com\/noticias-de-hidalgo\/wp-json\/wp\/v2\/categories?post=583619"},{"taxonomy":"post_tag","embeddable":true,"href":"https:\/\/www.zunoticia.com\/noticias-de-hidalgo\/wp-json\/wp\/v2\/tags?post=583619"}],"curies":[{"name":"wp","href":"https:\/\/api.w.org\/{rel}","templated":true}]}}