{"id":583636,"date":"2025-02-19T15:15:02","date_gmt":"2025-02-19T21:15:02","guid":{"rendered":"https:\/\/www.zunoticia.com\/noticias-de-hidalgo\/?p=583636"},"modified":"2025-02-19T15:15:05","modified_gmt":"2025-02-19T21:15:05","slug":"delegacion-municipal-de-tecolotitla-rescata-sones-particulares-del-carnaval","status":"publish","type":"post","link":"https:\/\/www.zunoticia.com\/noticias-de-hidalgo\/2025\/02\/19\/delegacion-municipal-de-tecolotitla-rescata-sones-particulares-del-carnaval\/","title":{"rendered":"Delegaci\u00f3n Municipal de Tecolotitla rescata sones particulares del Carnaval"},"content":{"rendered":"<aside class=\"mashsb-container mashsb-main mashsb-stretched\"><div class=\"mashsb-box\"><div class=\"mashsb-count mash-large\" style=\"float:left\"><div class=\"counts mashsbcount\">26<\/div><span class=\"mashsb-sharetext\">SHARES<\/span><\/div><div class=\"mashsb-buttons\"><a class=\"mashicon-facebook mash-large mash-center mashsb-noshadow\" href=\"https:\/\/www.facebook.com\/sharer.php?u=https%3A%2F%2Fwww.zunoticia.com%2Fnoticias-de-hidalgo%2F2025%2F02%2F19%2Fdelegacion-municipal-de-tecolotitla-rescata-sones-particulares-del-carnaval%2F\" target=\"_top\" rel=\"nofollow\"><span class=\"icon\"><\/span><span class=\"text\">Share<\/span><\/a><a class=\"mashicon-twitter mash-large mash-center mashsb-noshadow\" href=\"https:\/\/twitter.com\/intent\/tweet?text=&amp;url=https:\/\/www.zunoticia.com\/noticias-de-hidalgo\/2025\/02\/19\/delegacion-municipal-de-tecolotitla-rescata-sones-particulares-del-carnaval\/\" target=\"_top\" rel=\"nofollow\"><span class=\"icon\"><\/span><span class=\"text\">Tweet<\/span><\/a><div class=\"onoffswitch2 mash-large mashsb-noshadow\" style=\"display:none\"><\/div><\/div>\n            <\/div>\n                <div style=\"clear:both\"><\/div><div class=\"mashsb-toggle-container\"><\/div><\/aside>\n            <!-- Share buttons by mashshare.net - Version: 4.0.47-->\n<p><em>Por Salvador Altamirano\/Zunoticia<\/em><\/p>\n\n\n\n<p><strong>Atlapexco, Hgo<\/strong>.- \u201cLa delegaci\u00f3n municipal que encabeza el profesor Emilio Rosas Hidalgo, tiene el prop\u00f3sito de rescatar, ya que se ha ido perdiendo en la localidad, la celebraci\u00f3n del Carnaval, que para nosotros, los habitantes de Tecolotitla, es la tradici\u00f3n m\u00e1s importante despu\u00e9s de Xantolo\u201d.<\/p>\n\n\n\n<p>Lo anterior, fue expresado por el profesor Alejandro Canales Butr\u00f3n, coordinador de cultura en la delegaci\u00f3n municipal de la comunidad de Tecolotitla, quien agreg\u00f3 que, para tal efecto se ha integrado un comit\u00e9 y han planteado un proyecto.<\/p>\n\n\n\n<p>Detall\u00f3 que, la celebraci\u00f3n de Carnaval en la comunidad tendr\u00e1 efecto los d\u00edas 3, 4 y 5 de marzo, pero el 4 y el 5 han programado que participen los grupos de mecos bailando sones distintivos de la tradici\u00f3n, para culminar el &#8220;Mi\u00e9rcoles de Ceniza&#8221; con una convivencia en la galera de usos m\u00faltiples.<\/p>\n\n\n\n<p>A pregunta expresa, explic\u00f3 que, los sones de Carnaval son muy particulares, y precisamente -dijo-, el rescate de la cultura consiste en conocer, y para conocer hay que acudir a quienes conocen, en este caso, los se\u00f1ores de m\u00e1s edad que afortunadamente a\u00fan existen algunos en Tecolotitla.<\/p>\n\n\n\n<p>Agreg\u00f3 \u201cuno de ellos es Alberto Zavala Tetitla, que es de Tecolotitla pero vive en la comunidad vecina de Tierra Playa, y su nieto, Mario est\u00e1 en el comit\u00e9 de nuestra delegaci\u00f3n, quien es violinista y a trav\u00e9s de \u00e9l, que nos los va chiflando, estamos tratando de rescatar los diez sones muy particulares del Carnaval, bail\u00e1ndolos dos d\u00edas y hacer una remembranza para lo cual ya tenemos una investigaci\u00f3n\u201d.<\/p>\n\n\n\n<p>En el mismo contexto, detall\u00f3 que, entre los diez sones propios del Carnaval est\u00e1n la &#8220;Polla Pinta&#8221;; &#8220;Tepichiche&#8221;,: El Pintado&#8221;; &#8220;Carnavalito&#8221;; &#8220;La despedida&#8221;; &#8220;El Meco&#8221; y el &#8220;Son del diablo&#8221;. No recuerdo -a\u00f1adi\u00f3-, dos m\u00e1s que faltan, pero ya los tenemos grabados.<\/p>\n\n\n\n<p>Para finalizar, Canales Butr\u00f3n subray\u00f3 que, en el marco del rescate acudir\u00e1n a las instituciones educativas, para que los j\u00f3venes conozcan y se sientan orgullosos de sus ra\u00edces, las cuales se est\u00e1n perdiendo con la transculturaci\u00f3n.<\/p>\n","protected":false},"excerpt":{"rendered":"<p>Por Salvador Altamirano\/Zunoticia Atlapexco, Hgo.- \u201cLa delegaci\u00f3n municipal que encabeza el profesor Emilio Rosas Hidalgo, tiene el prop\u00f3sito de rescatar, ya que se ha ido perdiendo en la localidad, la celebraci\u00f3n del Carnaval, que para nosotros, los habitantes de Tecolotitla, es la tradici\u00f3n m\u00e1s importante despu\u00e9s de Xantolo\u201d. Lo anterior, fue expresado por el profesor&hellip; <a class=\"more-link\" href=\"https:\/\/www.zunoticia.com\/noticias-de-hidalgo\/2025\/02\/19\/delegacion-municipal-de-tecolotitla-rescata-sones-particulares-del-carnaval\/\">Seguir leyendo <span class=\"screen-reader-text\">Delegaci\u00f3n Municipal de Tecolotitla rescata sones particulares del Carnaval<\/span><\/a><\/p>\n","protected":false},"author":20,"featured_media":583637,"comment_status":"open","ping_status":"open","sticky":false,"template":"","format":"standard","meta":{"rop_custom_images_group":[],"rop_custom_messages_group":[],"rop_publish_now":"initial","rop_publish_now_accounts":{"facebook_10159540855086992_322828327761733":""},"rop_publish_now_history":[],"rop_publish_now_status":"pending","footnotes":""},"categories":[182,179],"tags":[133,229],"class_list":["post-583636","post","type-post","status-publish","format-standard","has-post-thumbnail","hentry","category-atlapexco","category-huasteca","tag-atlapexco","tag-huasteca","entry"],"_links":{"self":[{"href":"https:\/\/www.zunoticia.com\/noticias-de-hidalgo\/wp-json\/wp\/v2\/posts\/583636","targetHints":{"allow":["GET"]}}],"collection":[{"href":"https:\/\/www.zunoticia.com\/noticias-de-hidalgo\/wp-json\/wp\/v2\/posts"}],"about":[{"href":"https:\/\/www.zunoticia.com\/noticias-de-hidalgo\/wp-json\/wp\/v2\/types\/post"}],"author":[{"embeddable":true,"href":"https:\/\/www.zunoticia.com\/noticias-de-hidalgo\/wp-json\/wp\/v2\/users\/20"}],"replies":[{"embeddable":true,"href":"https:\/\/www.zunoticia.com\/noticias-de-hidalgo\/wp-json\/wp\/v2\/comments?post=583636"}],"version-history":[{"count":1,"href":"https:\/\/www.zunoticia.com\/noticias-de-hidalgo\/wp-json\/wp\/v2\/posts\/583636\/revisions"}],"predecessor-version":[{"id":583638,"href":"https:\/\/www.zunoticia.com\/noticias-de-hidalgo\/wp-json\/wp\/v2\/posts\/583636\/revisions\/583638"}],"wp:featuredmedia":[{"embeddable":true,"href":"https:\/\/www.zunoticia.com\/noticias-de-hidalgo\/wp-json\/wp\/v2\/media\/583637"}],"wp:attachment":[{"href":"https:\/\/www.zunoticia.com\/noticias-de-hidalgo\/wp-json\/wp\/v2\/media?parent=583636"}],"wp:term":[{"taxonomy":"category","embeddable":true,"href":"https:\/\/www.zunoticia.com\/noticias-de-hidalgo\/wp-json\/wp\/v2\/categories?post=583636"},{"taxonomy":"post_tag","embeddable":true,"href":"https:\/\/www.zunoticia.com\/noticias-de-hidalgo\/wp-json\/wp\/v2\/tags?post=583636"}],"curies":[{"name":"wp","href":"https:\/\/api.w.org\/{rel}","templated":true}]}}