{"id":583646,"date":"2025-02-19T17:04:34","date_gmt":"2025-02-19T23:04:34","guid":{"rendered":"https:\/\/www.zunoticia.com\/noticias-de-hidalgo\/?p=583646"},"modified":"2025-02-19T17:04:36","modified_gmt":"2025-02-19T23:04:36","slug":"con-la-integracion-del-medico-general-subio-la-demanda-en-la-ubr","status":"publish","type":"post","link":"https:\/\/www.zunoticia.com\/noticias-de-hidalgo\/2025\/02\/19\/con-la-integracion-del-medico-general-subio-la-demanda-en-la-ubr\/","title":{"rendered":"Con la integraci\u00f3n del m\u00e9dico general subi\u00f3 la demanda en la UBR"},"content":{"rendered":"<aside class=\"mashsb-container mashsb-main mashsb-stretched\"><div class=\"mashsb-box\"><div class=\"mashsb-count mash-large\" style=\"float:left\"><div class=\"counts mashsbcount\">0<\/div><span class=\"mashsb-sharetext\">SHARES<\/span><\/div><div class=\"mashsb-buttons\"><a class=\"mashicon-facebook mash-large mash-center mashsb-noshadow\" href=\"https:\/\/www.facebook.com\/sharer.php?u=https%3A%2F%2Fwww.zunoticia.com%2Fnoticias-de-hidalgo%2F2025%2F02%2F19%2Fcon-la-integracion-del-medico-general-subio-la-demanda-en-la-ubr%2F\" target=\"_top\" rel=\"nofollow\"><span class=\"icon\"><\/span><span class=\"text\">Share<\/span><\/a><a class=\"mashicon-twitter mash-large mash-center mashsb-noshadow\" href=\"https:\/\/twitter.com\/intent\/tweet?text=&amp;url=https:\/\/www.zunoticia.com\/noticias-de-hidalgo\/2025\/02\/19\/con-la-integracion-del-medico-general-subio-la-demanda-en-la-ubr\/\" target=\"_top\" rel=\"nofollow\"><span class=\"icon\"><\/span><span class=\"text\">Tweet<\/span><\/a><div class=\"onoffswitch2 mash-large mashsb-noshadow\" style=\"display:none\"><\/div><\/div>\n            <\/div>\n                <div style=\"clear:both\"><\/div><div class=\"mashsb-toggle-container\"><\/div><\/aside>\n            <!-- Share buttons by mashshare.net - Version: 4.0.47-->\n<p><em>Por Salvador Altamirano\/Zunoticia<\/em><\/p>\n\n\n\n<p><strong>Atlapexco, Hgo. <\/strong>&#8211; Entrevistada en torno a los resultados obtenidos en la Unidad B\u00e1sica de Rehabilitaci\u00f3n (UBR), con la integraci\u00f3n del servicio m\u00e9dico general, la directora, Suri Zarah\u00ed Arteaga T\u00e9llez, manifest\u00f3 que la demanda de pacientes ha incrementado.<\/p>\n\n\n\n<p>Agreg\u00f3 que ha sido tanto, que hasta el momento se atienden un total de 56 pacientes al d\u00eda en las especialidades de terapia de lenguaje; estimulaci\u00f3n temprana; f\u00edsica; ocupacional y psicol\u00f3gica.<\/p>\n\n\n\n<p>Al inquirirle si la atenci\u00f3n se limita a los habitantes del municipio, enfatiz\u00f3 que no, ya que tambi\u00e9n atienden a personas provenientes de Calnali; Yahualica; Huautla e incluso Huejutla.<\/p>\n\n\n\n<p>Para finalizar coment\u00f3 que, de donde m\u00e1s asisten en demanda de servicio son habitantes de los municipios de Yahualica y Huautla, ya que la UBR est\u00e1 para servir sin distingo, en horario de 08:30 a 16:30 horas, de lunes a viernes.<\/p>\n","protected":false},"excerpt":{"rendered":"<p>Por Salvador Altamirano\/Zunoticia Atlapexco, Hgo. &#8211; Entrevistada en torno a los resultados obtenidos en la Unidad B\u00e1sica de Rehabilitaci\u00f3n (UBR), con la integraci\u00f3n del servicio m\u00e9dico general, la directora, Suri Zarah\u00ed Arteaga T\u00e9llez, manifest\u00f3 que la demanda de pacientes ha incrementado. Agreg\u00f3 que ha sido tanto, que hasta el momento se atienden un total de&hellip; <a class=\"more-link\" href=\"https:\/\/www.zunoticia.com\/noticias-de-hidalgo\/2025\/02\/19\/con-la-integracion-del-medico-general-subio-la-demanda-en-la-ubr\/\">Seguir leyendo <span class=\"screen-reader-text\">Con la integraci\u00f3n del m\u00e9dico general subi\u00f3 la demanda en la UBR<\/span><\/a><\/p>\n","protected":false},"author":20,"featured_media":583647,"comment_status":"open","ping_status":"open","sticky":false,"template":"","format":"standard","meta":{"rop_custom_images_group":[],"rop_custom_messages_group":[],"rop_publish_now":"initial","rop_publish_now_accounts":{"facebook_10159540855086992_322828327761733":""},"rop_publish_now_history":[],"rop_publish_now_status":"pending","footnotes":""},"categories":[182,179],"tags":[133,229],"class_list":["post-583646","post","type-post","status-publish","format-standard","has-post-thumbnail","hentry","category-atlapexco","category-huasteca","tag-atlapexco","tag-huasteca","entry"],"_links":{"self":[{"href":"https:\/\/www.zunoticia.com\/noticias-de-hidalgo\/wp-json\/wp\/v2\/posts\/583646","targetHints":{"allow":["GET"]}}],"collection":[{"href":"https:\/\/www.zunoticia.com\/noticias-de-hidalgo\/wp-json\/wp\/v2\/posts"}],"about":[{"href":"https:\/\/www.zunoticia.com\/noticias-de-hidalgo\/wp-json\/wp\/v2\/types\/post"}],"author":[{"embeddable":true,"href":"https:\/\/www.zunoticia.com\/noticias-de-hidalgo\/wp-json\/wp\/v2\/users\/20"}],"replies":[{"embeddable":true,"href":"https:\/\/www.zunoticia.com\/noticias-de-hidalgo\/wp-json\/wp\/v2\/comments?post=583646"}],"version-history":[{"count":1,"href":"https:\/\/www.zunoticia.com\/noticias-de-hidalgo\/wp-json\/wp\/v2\/posts\/583646\/revisions"}],"predecessor-version":[{"id":583648,"href":"https:\/\/www.zunoticia.com\/noticias-de-hidalgo\/wp-json\/wp\/v2\/posts\/583646\/revisions\/583648"}],"wp:featuredmedia":[{"embeddable":true,"href":"https:\/\/www.zunoticia.com\/noticias-de-hidalgo\/wp-json\/wp\/v2\/media\/583647"}],"wp:attachment":[{"href":"https:\/\/www.zunoticia.com\/noticias-de-hidalgo\/wp-json\/wp\/v2\/media?parent=583646"}],"wp:term":[{"taxonomy":"category","embeddable":true,"href":"https:\/\/www.zunoticia.com\/noticias-de-hidalgo\/wp-json\/wp\/v2\/categories?post=583646"},{"taxonomy":"post_tag","embeddable":true,"href":"https:\/\/www.zunoticia.com\/noticias-de-hidalgo\/wp-json\/wp\/v2\/tags?post=583646"}],"curies":[{"name":"wp","href":"https:\/\/api.w.org\/{rel}","templated":true}]}}