{"id":583657,"date":"2025-02-19T17:28:30","date_gmt":"2025-02-19T23:28:30","guid":{"rendered":"https:\/\/www.zunoticia.com\/noticias-de-hidalgo\/?p=583657"},"modified":"2025-02-19T17:28:33","modified_gmt":"2025-02-19T23:28:33","slug":"ith-alfabetizara-a-378-educandos","status":"publish","type":"post","link":"https:\/\/www.zunoticia.com\/noticias-de-hidalgo\/2025\/02\/19\/ith-alfabetizara-a-378-educandos\/","title":{"rendered":"ITH alfabetizar\u00e1 a 378 educandos"},"content":{"rendered":"<aside class=\"mashsb-container mashsb-main mashsb-stretched\"><div class=\"mashsb-box\"><div class=\"mashsb-count mash-large\" style=\"float:left\"><div class=\"counts mashsbcount\">26<\/div><span class=\"mashsb-sharetext\">SHARES<\/span><\/div><div class=\"mashsb-buttons\"><a class=\"mashicon-facebook mash-large mash-center mashsb-noshadow\" href=\"https:\/\/www.facebook.com\/sharer.php?u=https%3A%2F%2Fwww.zunoticia.com%2Fnoticias-de-hidalgo%2F2025%2F02%2F19%2Fith-alfabetizara-a-378-educandos%2F\" target=\"_top\" rel=\"nofollow\"><span class=\"icon\"><\/span><span class=\"text\">Share<\/span><\/a><a class=\"mashicon-twitter mash-large mash-center mashsb-noshadow\" href=\"https:\/\/twitter.com\/intent\/tweet?text=&amp;url=https:\/\/www.zunoticia.com\/noticias-de-hidalgo\/2025\/02\/19\/ith-alfabetizara-a-378-educandos\/\" target=\"_top\" rel=\"nofollow\"><span class=\"icon\"><\/span><span class=\"text\">Tweet<\/span><\/a><div class=\"onoffswitch2 mash-large mashsb-noshadow\" style=\"display:none\"><\/div><\/div>\n            <\/div>\n                <div style=\"clear:both\"><\/div><div class=\"mashsb-toggle-container\"><\/div><\/aside>\n            <!-- Share buttons by mashshare.net - Version: 4.0.47-->\n<p><em>Por Gabriela Hern\u00e1ndez\/Zunoticia<\/em><\/p>\n\n\n\n<p><strong>Huejutla, Hgo. &#8211; <\/strong>El Instituto Hidalguense de Educaci\u00f3n para Adultos (IHEA) 1310 de la zona Huejutla y el departamento de Gesti\u00f3n Tecnol\u00f3gica y Vinculaci\u00f3n Tecnm \u2013 Huejutla, mediante el programa &#8220;ALFABETIZATEC&#8221;, se reunieron el pasado lunes para abordar las actividades de Servicio Social por parte de los alumnos.<\/p>\n\n\n\n<p>Durante la reuni\u00f3n se cont\u00f3 con la presencia de autoridades del plantel: Ing. Egleyde G\u00f3mez Nochebuena, aubdirectora de Planeaci\u00f3n y Vinculaci\u00f3n; Mtro. Jacobo Antonio Cruz, subdirector Acad\u00e9mico; Lic. Mayrely Nava Guzm\u00e1n, jefa del departamento de Gesti\u00f3n Tecnol\u00f3gica y Vinculaci\u00f3n, entre otros. Adem\u00e1s, de representantes del IHEA: Lic. Alberto Bautista Hern\u00e1ndez, coordinador regional; Lic. Fernanda Cruz Hern\u00e1ndez, apoyo territorial; Lic. Celia Silva Hern\u00e1ndez, Lic. Jairo de Jes\u00fas Sifuentes Ram\u00edrez y el Ing. Faustino Hern\u00e1ndez Amador, del \u00e1rea Acad\u00e9mica.<\/p>\n\n\n\n<p>A trav\u00e9s de 126 facilitadores se lograr\u00e1 alfabetizar a 378 educandos, con el objetivo de formar profesionistas competitivos y sobre todo, comprometidos con el desarrollo econ\u00f3mico, social, cultural, educativo y sustentabilidad para as\u00ed poder erradicar el analfabetismo.<\/p>\n\n\n\n<p>El Tecnm &#8211; Huejutla y el IHEA Huejutla tienen como objetivo reducir el rezago educativo en personas mayores de 15 a\u00f1os, brindando la oportunidad a los estudiantes de adelantar su Servicio Social u obtener cr\u00e9ditos complementarios.<\/p>\n\n\n\n<figure class=\"wp-block-gallery has-nested-images columns-default is-cropped wp-block-gallery-1 is-layout-flex wp-block-gallery-is-layout-flex\">\n<figure class=\"wp-block-image size-full\"><img fetchpriority=\"high\" decoding=\"async\" width=\"933\" height=\"524\" data-id=\"583659\" src=\"https:\/\/www.zunoticia.com\/noticias-de-hidalgo\/wp-content\/uploads\/2025\/02\/Zunoticia-Huejutla-2-41.png\" alt=\"\" class=\"wp-image-583659\"\/><\/figure>\n\n\n\n<figure class=\"wp-block-image size-full\"><img decoding=\"async\" width=\"933\" height=\"524\" data-id=\"583660\" src=\"https:\/\/www.zunoticia.com\/noticias-de-hidalgo\/wp-content\/uploads\/2025\/02\/Zunoticia-Huejutla-1-164.png\" alt=\"\" class=\"wp-image-583660\"\/><\/figure>\n<\/figure>\n","protected":false},"excerpt":{"rendered":"<p>Por Gabriela Hern\u00e1ndez\/Zunoticia Huejutla, Hgo. &#8211; El Instituto Hidalguense de Educaci\u00f3n para Adultos (IHEA) 1310 de la zona Huejutla y el departamento de Gesti\u00f3n Tecnol\u00f3gica y Vinculaci\u00f3n Tecnm \u2013 Huejutla, mediante el programa &#8220;ALFABETIZATEC&#8221;, se reunieron el pasado lunes para abordar las actividades de Servicio Social por parte de los alumnos. Durante la reuni\u00f3n se&hellip; <a class=\"more-link\" href=\"https:\/\/www.zunoticia.com\/noticias-de-hidalgo\/2025\/02\/19\/ith-alfabetizara-a-378-educandos\/\">Seguir leyendo <span class=\"screen-reader-text\">ITH alfabetizar\u00e1 a 378 educandos<\/span><\/a><\/p>\n","protected":false},"author":20,"featured_media":583658,"comment_status":"open","ping_status":"open","sticky":false,"template":"","format":"standard","meta":{"rop_custom_images_group":[],"rop_custom_messages_group":[],"rop_publish_now":"initial","rop_publish_now_accounts":{"facebook_10159540855086992_322828327761733":""},"rop_publish_now_history":[],"rop_publish_now_status":"pending","footnotes":""},"categories":[181],"tags":[121],"class_list":["post-583657","post","type-post","status-publish","format-standard","has-post-thumbnail","hentry","category-huejutla","tag-huejutla","entry"],"_links":{"self":[{"href":"https:\/\/www.zunoticia.com\/noticias-de-hidalgo\/wp-json\/wp\/v2\/posts\/583657","targetHints":{"allow":["GET"]}}],"collection":[{"href":"https:\/\/www.zunoticia.com\/noticias-de-hidalgo\/wp-json\/wp\/v2\/posts"}],"about":[{"href":"https:\/\/www.zunoticia.com\/noticias-de-hidalgo\/wp-json\/wp\/v2\/types\/post"}],"author":[{"embeddable":true,"href":"https:\/\/www.zunoticia.com\/noticias-de-hidalgo\/wp-json\/wp\/v2\/users\/20"}],"replies":[{"embeddable":true,"href":"https:\/\/www.zunoticia.com\/noticias-de-hidalgo\/wp-json\/wp\/v2\/comments?post=583657"}],"version-history":[{"count":1,"href":"https:\/\/www.zunoticia.com\/noticias-de-hidalgo\/wp-json\/wp\/v2\/posts\/583657\/revisions"}],"predecessor-version":[{"id":583661,"href":"https:\/\/www.zunoticia.com\/noticias-de-hidalgo\/wp-json\/wp\/v2\/posts\/583657\/revisions\/583661"}],"wp:featuredmedia":[{"embeddable":true,"href":"https:\/\/www.zunoticia.com\/noticias-de-hidalgo\/wp-json\/wp\/v2\/media\/583658"}],"wp:attachment":[{"href":"https:\/\/www.zunoticia.com\/noticias-de-hidalgo\/wp-json\/wp\/v2\/media?parent=583657"}],"wp:term":[{"taxonomy":"category","embeddable":true,"href":"https:\/\/www.zunoticia.com\/noticias-de-hidalgo\/wp-json\/wp\/v2\/categories?post=583657"},{"taxonomy":"post_tag","embeddable":true,"href":"https:\/\/www.zunoticia.com\/noticias-de-hidalgo\/wp-json\/wp\/v2\/tags?post=583657"}],"curies":[{"name":"wp","href":"https:\/\/api.w.org\/{rel}","templated":true}]}}