{"id":583665,"date":"2025-02-19T18:00:15","date_gmt":"2025-02-20T00:00:15","guid":{"rendered":"https:\/\/www.zunoticia.com\/noticias-de-hidalgo\/?p=583665"},"modified":"2025-02-19T18:00:21","modified_gmt":"2025-02-20T00:00:21","slug":"celebran-20-aniversario-de-la-interculturalidad-de-salud","status":"publish","type":"post","link":"https:\/\/www.zunoticia.com\/noticias-de-hidalgo\/2025\/02\/19\/celebran-20-aniversario-de-la-interculturalidad-de-salud\/","title":{"rendered":"Celebran 20 aniversario de la Interculturalidad de Salud"},"content":{"rendered":"<aside class=\"mashsb-container mashsb-main mashsb-stretched\"><div class=\"mashsb-box\"><div class=\"mashsb-count mash-large\" style=\"float:left\"><div class=\"counts mashsbcount\">0<\/div><span class=\"mashsb-sharetext\">SHARES<\/span><\/div><div class=\"mashsb-buttons\"><a class=\"mashicon-facebook mash-large mash-center mashsb-noshadow\" href=\"https:\/\/www.facebook.com\/sharer.php?u=https%3A%2F%2Fwww.zunoticia.com%2Fnoticias-de-hidalgo%2F2025%2F02%2F19%2Fcelebran-20-aniversario-de-la-interculturalidad-de-salud%2F\" target=\"_top\" rel=\"nofollow\"><span class=\"icon\"><\/span><span class=\"text\">Share<\/span><\/a><a class=\"mashicon-twitter mash-large mash-center mashsb-noshadow\" href=\"https:\/\/twitter.com\/intent\/tweet?text=&amp;url=https:\/\/www.zunoticia.com\/noticias-de-hidalgo\/2025\/02\/19\/celebran-20-aniversario-de-la-interculturalidad-de-salud\/\" target=\"_top\" rel=\"nofollow\"><span class=\"icon\"><\/span><span class=\"text\">Tweet<\/span><\/a><div class=\"onoffswitch2 mash-large mashsb-noshadow\" style=\"display:none\"><\/div><\/div>\n            <\/div>\n                <div style=\"clear:both\"><\/div><div class=\"mashsb-toggle-container\"><\/div><\/aside>\n            <!-- Share buttons by mashshare.net - Version: 4.0.47-->\n<p><em>Por Enedino Hern\u00e1ndez Alonso\/Zunoticia<\/em><\/p>\n\n\n\n<p><strong>Huejutla, Hgo. &#8211;<\/strong> En un espacio anexo de la Unidad de Salud IMSS-Bienestar en esta ciudad de Huejutla de Reyes, se llev\u00f3 a cabo la celebraci\u00f3n del 20 aniversario de la Interculturalidad en Salud, todo ello, en el marco del D\u00eda Internacional de la Lengua Materna.<\/p>\n\n\n\n<p>En el evento realizado la ma\u00f1ana de este mi\u00e9rcoles 19 de febrero, se cont\u00f3 con la presencia del comisionado estatal para el Desarrollo Sostenible de los Pueblos Ind\u00edgenas, Prisco Manuel Guti\u00e9rrez; el jefe de la Jurisdicci\u00f3n Sanitaria 4 huasteca, Jes\u00fas Rodr\u00edguez Ortega; m\u00e9dicos, enfermeras, maestros, alumnos de diversas instituciones educativas, m\u00e9dicos tradicionales, entre otros.<\/p>\n\n\n\n<p>La responsable del Programa de Interculturalidad de Salud, Sonia Guill\u00e9n, se\u00f1al\u00f3 que, ya son 20 a\u00f1os de trayectoria, de trabajo, de dedicaci\u00f3n y de estar casa por casa, de tocar puertas, con el objetivo principal del sector Salud de llegar con todos los programas para dar prevenci\u00f3n a la gente que lo necesita.<\/p>\n\n\n\n<p>Dijo que, estas actividades son apoyadas directamente por la presidenta de la Republica, Claudia Sheinbaum; el gobernador del Estado, Julio Menchaca; y el apoyo del comisionado estatal para el Desarrollo Sostenible de los Pueblos Ind\u00edgenas, Prisco Manuel Guti\u00e9rrez; quienes est\u00e1n preocupados porque este programa de interculturalidad siga existiendo y sobre todo que lleguen a las comunidades.<\/p>\n\n\n\n<p>A\u00f1adi\u00f3 que, se tiene el compromiso de continuar trabajando, \u201cno es f\u00e1cil llegar, ahora hay que mantenernos con el mismo entusiasmo, con la misma entrega, responsabilidad y con el mismo conocimiento de poder servir a la poblaci\u00f3n\u201d.<\/p>\n\n\n\n<p>Abund\u00f3 que, son 20 a\u00f1os de trabajo, en los cuales se nota la labor de los promotores de Salud, de los m\u00e9dicos y de las enfermeras, quienes llevan este programa, \u201cno ha sido f\u00e1cil, un poco complicado, pero cuando se quiere llegar, se llega\u201d.<\/p>\n\n\n\n<p>Asimismo, se destaca que, durante el evento se entreg\u00f3 el \u201cbast\u00f3n de mando\u201d a la maestra Aurelia Hern\u00e1ndez Lara, quien se ha destacado por fortalecer actividades interculturales; la celebraci\u00f3n del 20 aniversario de la Interculturalidad de Salud concluy\u00f3 con un ritual a cargo de los m\u00e9dicos tradicionales.<\/p>\n\n\n\n<figure class=\"wp-block-gallery has-nested-images columns-default is-cropped wp-block-gallery-1 is-layout-flex wp-block-gallery-is-layout-flex\">\n<figure class=\"wp-block-image size-large\"><img fetchpriority=\"high\" decoding=\"async\" width=\"933\" height=\"524\" data-id=\"583667\" src=\"https:\/\/www.zunoticia.com\/noticias-de-hidalgo\/wp-content\/uploads\/2025\/02\/Zunoticia-Huejutla-3-4.png\" alt=\"\" class=\"wp-image-583667\"\/><\/figure>\n\n\n\n<figure class=\"wp-block-image size-large\"><img decoding=\"async\" width=\"933\" height=\"524\" data-id=\"583668\" src=\"https:\/\/www.zunoticia.com\/noticias-de-hidalgo\/wp-content\/uploads\/2025\/02\/Zunoticia-Huejutla-1-165.png\" alt=\"\" class=\"wp-image-583668\"\/><\/figure>\n<\/figure>\n","protected":false},"excerpt":{"rendered":"<p>Por Enedino Hern\u00e1ndez Alonso\/Zunoticia Huejutla, Hgo. &#8211; En un espacio anexo de la Unidad de Salud IMSS-Bienestar en esta ciudad de Huejutla de Reyes, se llev\u00f3 a cabo la celebraci\u00f3n del 20 aniversario de la Interculturalidad en Salud, todo ello, en el marco del D\u00eda Internacional de la Lengua Materna. En el evento realizado la&hellip; <a class=\"more-link\" href=\"https:\/\/www.zunoticia.com\/noticias-de-hidalgo\/2025\/02\/19\/celebran-20-aniversario-de-la-interculturalidad-de-salud\/\">Seguir leyendo <span class=\"screen-reader-text\">Celebran 20 aniversario de la Interculturalidad de Salud<\/span><\/a><\/p>\n","protected":false},"author":20,"featured_media":583666,"comment_status":"open","ping_status":"open","sticky":false,"template":"","format":"standard","meta":{"rop_custom_images_group":[],"rop_custom_messages_group":[],"rop_publish_now":"initial","rop_publish_now_accounts":{"facebook_10159540855086992_322828327761733":""},"rop_publish_now_history":[],"rop_publish_now_status":"pending","footnotes":""},"categories":[181],"tags":[121],"class_list":["post-583665","post","type-post","status-publish","format-standard","has-post-thumbnail","hentry","category-huejutla","tag-huejutla","entry"],"_links":{"self":[{"href":"https:\/\/www.zunoticia.com\/noticias-de-hidalgo\/wp-json\/wp\/v2\/posts\/583665","targetHints":{"allow":["GET"]}}],"collection":[{"href":"https:\/\/www.zunoticia.com\/noticias-de-hidalgo\/wp-json\/wp\/v2\/posts"}],"about":[{"href":"https:\/\/www.zunoticia.com\/noticias-de-hidalgo\/wp-json\/wp\/v2\/types\/post"}],"author":[{"embeddable":true,"href":"https:\/\/www.zunoticia.com\/noticias-de-hidalgo\/wp-json\/wp\/v2\/users\/20"}],"replies":[{"embeddable":true,"href":"https:\/\/www.zunoticia.com\/noticias-de-hidalgo\/wp-json\/wp\/v2\/comments?post=583665"}],"version-history":[{"count":1,"href":"https:\/\/www.zunoticia.com\/noticias-de-hidalgo\/wp-json\/wp\/v2\/posts\/583665\/revisions"}],"predecessor-version":[{"id":583669,"href":"https:\/\/www.zunoticia.com\/noticias-de-hidalgo\/wp-json\/wp\/v2\/posts\/583665\/revisions\/583669"}],"wp:featuredmedia":[{"embeddable":true,"href":"https:\/\/www.zunoticia.com\/noticias-de-hidalgo\/wp-json\/wp\/v2\/media\/583666"}],"wp:attachment":[{"href":"https:\/\/www.zunoticia.com\/noticias-de-hidalgo\/wp-json\/wp\/v2\/media?parent=583665"}],"wp:term":[{"taxonomy":"category","embeddable":true,"href":"https:\/\/www.zunoticia.com\/noticias-de-hidalgo\/wp-json\/wp\/v2\/categories?post=583665"},{"taxonomy":"post_tag","embeddable":true,"href":"https:\/\/www.zunoticia.com\/noticias-de-hidalgo\/wp-json\/wp\/v2\/tags?post=583665"}],"curies":[{"name":"wp","href":"https:\/\/api.w.org\/{rel}","templated":true}]}}