{"id":583678,"date":"2025-02-19T18:23:09","date_gmt":"2025-02-20T00:23:09","guid":{"rendered":"https:\/\/www.zunoticia.com\/noticias-de-hidalgo\/?p=583678"},"modified":"2025-02-19T18:23:10","modified_gmt":"2025-02-20T00:23:10","slug":"choco-con-poste-de-alumbrado-publico","status":"publish","type":"post","link":"https:\/\/www.zunoticia.com\/noticias-de-hidalgo\/2025\/02\/19\/choco-con-poste-de-alumbrado-publico\/","title":{"rendered":"Choc\u00f3 con poste de alumbrado p\u00fablico"},"content":{"rendered":"<aside class=\"mashsb-container mashsb-main mashsb-stretched\"><div class=\"mashsb-box\"><div class=\"mashsb-count mash-large\" style=\"float:left\"><div class=\"counts mashsbcount\">0<\/div><span class=\"mashsb-sharetext\">SHARES<\/span><\/div><div class=\"mashsb-buttons\"><a class=\"mashicon-facebook mash-large mash-center mashsb-noshadow\" href=\"https:\/\/www.facebook.com\/sharer.php?u=https%3A%2F%2Fwww.zunoticia.com%2Fnoticias-de-hidalgo%2F2025%2F02%2F19%2Fchoco-con-poste-de-alumbrado-publico%2F\" target=\"_top\" rel=\"nofollow\"><span class=\"icon\"><\/span><span class=\"text\">Share<\/span><\/a><a class=\"mashicon-twitter mash-large mash-center mashsb-noshadow\" href=\"https:\/\/twitter.com\/intent\/tweet?text=&amp;url=https:\/\/www.zunoticia.com\/noticias-de-hidalgo\/2025\/02\/19\/choco-con-poste-de-alumbrado-publico\/\" target=\"_top\" rel=\"nofollow\"><span class=\"icon\"><\/span><span class=\"text\">Tweet<\/span><\/a><div class=\"onoffswitch2 mash-large mashsb-noshadow\" style=\"display:none\"><\/div><\/div>\n            <\/div>\n                <div style=\"clear:both\"><\/div><div class=\"mashsb-toggle-container\"><\/div><\/aside>\n            <!-- Share buttons by mashshare.net - Version: 4.0.47-->\n<p><em>Por Roberto Ram\u00edrez \/Zunoticia<\/em><\/p>\n\n\n\n<p><strong>Huejutla, Hgo.<\/strong> \u2013 Conductor, quien presuntamente manejaba a exceso de velocidad, impact\u00f3 su autom\u00f3vil con un poste de alumbrado p\u00fablico sobre la v\u00eda federal M\u00e9xico-Tampico, a la altura de la comunidad del Moreno de este municipio.<\/p>\n\n\n\n<p>El autom\u00f3vil que choc\u00f3 con un poste met\u00e1lico es un tsuru, Nissan, de color guinda; mismo que circulaba con sentido a esta ciudad, pero en ese punto el chofer perdi\u00f3 el control de la unidad y termin\u00f3 retach\u00e1ndose con este poste.&nbsp; Automovilistas y habitantes de ese lugar auxiliaron a las personas, quienes viajaban en ese veh\u00edculo y lo orillaron hacia un negocio.<\/p>\n\n\n\n<p>Al lugar llegaron elementos de la Guardia Nacional Carreteras para intervenir en los hechos, en donde presuntamente no hubo personas lesionadas s\u00f3lo da\u00f1os materiales; el autom\u00f3vil qued\u00f3 destrozado en la parte frontal izquierda.<\/p>\n\n\n\n<figure class=\"wp-block-image size-full\"><img fetchpriority=\"high\" decoding=\"async\" width=\"1080\" height=\"620\" src=\"https:\/\/www.zunoticia.com\/noticias-de-hidalgo\/wp-content\/uploads\/2025\/02\/WhatsApp-Image-2025-02-19-at-6.14.41-PM.jpeg\" alt=\"\" class=\"wp-image-583680\"\/><\/figure>\n","protected":false},"excerpt":{"rendered":"<p>Por Roberto Ram\u00edrez \/Zunoticia Huejutla, Hgo. \u2013 Conductor, quien presuntamente manejaba a exceso de velocidad, impact\u00f3 su autom\u00f3vil con un poste de alumbrado p\u00fablico sobre la v\u00eda federal M\u00e9xico-Tampico, a la altura de la comunidad del Moreno de este municipio. El autom\u00f3vil que choc\u00f3 con un poste met\u00e1lico es un tsuru, Nissan, de color guinda;&hellip; <a class=\"more-link\" href=\"https:\/\/www.zunoticia.com\/noticias-de-hidalgo\/2025\/02\/19\/choco-con-poste-de-alumbrado-publico\/\">Seguir leyendo <span class=\"screen-reader-text\">Choc\u00f3 con poste de alumbrado p\u00fablico<\/span><\/a><\/p>\n","protected":false},"author":20,"featured_media":583679,"comment_status":"open","ping_status":"open","sticky":false,"template":"","format":"standard","meta":{"rop_custom_images_group":[],"rop_custom_messages_group":[],"rop_publish_now":"initial","rop_publish_now_accounts":{"facebook_10159540855086992_322828327761733":""},"rop_publish_now_history":[],"rop_publish_now_status":"pending","footnotes":""},"categories":[178],"tags":[259],"class_list":["post-583678","post","type-post","status-publish","format-standard","has-post-thumbnail","hentry","category-policiaca","tag-policiaca","entry"],"_links":{"self":[{"href":"https:\/\/www.zunoticia.com\/noticias-de-hidalgo\/wp-json\/wp\/v2\/posts\/583678","targetHints":{"allow":["GET"]}}],"collection":[{"href":"https:\/\/www.zunoticia.com\/noticias-de-hidalgo\/wp-json\/wp\/v2\/posts"}],"about":[{"href":"https:\/\/www.zunoticia.com\/noticias-de-hidalgo\/wp-json\/wp\/v2\/types\/post"}],"author":[{"embeddable":true,"href":"https:\/\/www.zunoticia.com\/noticias-de-hidalgo\/wp-json\/wp\/v2\/users\/20"}],"replies":[{"embeddable":true,"href":"https:\/\/www.zunoticia.com\/noticias-de-hidalgo\/wp-json\/wp\/v2\/comments?post=583678"}],"version-history":[{"count":1,"href":"https:\/\/www.zunoticia.com\/noticias-de-hidalgo\/wp-json\/wp\/v2\/posts\/583678\/revisions"}],"predecessor-version":[{"id":583681,"href":"https:\/\/www.zunoticia.com\/noticias-de-hidalgo\/wp-json\/wp\/v2\/posts\/583678\/revisions\/583681"}],"wp:featuredmedia":[{"embeddable":true,"href":"https:\/\/www.zunoticia.com\/noticias-de-hidalgo\/wp-json\/wp\/v2\/media\/583679"}],"wp:attachment":[{"href":"https:\/\/www.zunoticia.com\/noticias-de-hidalgo\/wp-json\/wp\/v2\/media?parent=583678"}],"wp:term":[{"taxonomy":"category","embeddable":true,"href":"https:\/\/www.zunoticia.com\/noticias-de-hidalgo\/wp-json\/wp\/v2\/categories?post=583678"},{"taxonomy":"post_tag","embeddable":true,"href":"https:\/\/www.zunoticia.com\/noticias-de-hidalgo\/wp-json\/wp\/v2\/tags?post=583678"}],"curies":[{"name":"wp","href":"https:\/\/api.w.org\/{rel}","templated":true}]}}