{"id":583682,"date":"2025-02-19T18:38:10","date_gmt":"2025-02-20T00:38:10","guid":{"rendered":"https:\/\/www.zunoticia.com\/noticias-de-hidalgo\/?p=583682"},"modified":"2025-02-19T18:38:12","modified_gmt":"2025-02-20T00:38:12","slug":"iniciaron-eventos-de-conmemoracion-del-dia-internacional-de-la-lengua-materna","status":"publish","type":"post","link":"https:\/\/www.zunoticia.com\/noticias-de-hidalgo\/2025\/02\/19\/iniciaron-eventos-de-conmemoracion-del-dia-internacional-de-la-lengua-materna\/","title":{"rendered":"Iniciaron eventos de conmemoraci\u00f3n del D\u00eda Internacional de la Lengua Materna"},"content":{"rendered":"<aside class=\"mashsb-container mashsb-main mashsb-stretched\"><div class=\"mashsb-box\"><div class=\"mashsb-count mash-large\" style=\"float:left\"><div class=\"counts mashsbcount\">0<\/div><span class=\"mashsb-sharetext\">SHARES<\/span><\/div><div class=\"mashsb-buttons\"><a class=\"mashicon-facebook mash-large mash-center mashsb-noshadow\" href=\"https:\/\/www.facebook.com\/sharer.php?u=https%3A%2F%2Fwww.zunoticia.com%2Fnoticias-de-hidalgo%2F2025%2F02%2F19%2Finiciaron-eventos-de-conmemoracion-del-dia-internacional-de-la-lengua-materna%2F\" target=\"_top\" rel=\"nofollow\"><span class=\"icon\"><\/span><span class=\"text\">Share<\/span><\/a><a class=\"mashicon-twitter mash-large mash-center mashsb-noshadow\" href=\"https:\/\/twitter.com\/intent\/tweet?text=&amp;url=https:\/\/www.zunoticia.com\/noticias-de-hidalgo\/2025\/02\/19\/iniciaron-eventos-de-conmemoracion-del-dia-internacional-de-la-lengua-materna\/\" target=\"_top\" rel=\"nofollow\"><span class=\"icon\"><\/span><span class=\"text\">Tweet<\/span><\/a><div class=\"onoffswitch2 mash-large mashsb-noshadow\" style=\"display:none\"><\/div><\/div>\n            <\/div>\n                <div style=\"clear:both\"><\/div><div class=\"mashsb-toggle-container\"><\/div><\/aside>\n            <!-- Share buttons by mashshare.net - Version: 4.0.47-->\n<p><em>Por Enedino Hern\u00e1ndez Alonso\/Zunoticia<\/em><\/p>\n\n\n\n<p><strong>Huejutla, Hgo. &#8211;<\/strong> El comisionado estatal para el Desarrollo Sostenible de los Pueblos Ind\u00edgenas, Prisco Manuel Guti\u00e9rrez, confirm\u00f3 que, con la realizaci\u00f3n de las actividades con motivo del 20 aniversario de la Interculturalidad de Salud en esta ciudad de Huejutla de Reyes, pr\u00e1cticamente se iniciaron los eventos de conmemoraci\u00f3n del D\u00eda Internacional de la Lengua Materna.<\/p>\n\n\n\n<p>Reconoci\u00f3 que, en la realizaci\u00f3n del 20 aniversario de la Interculturalidad de Salud en esta ciudad de Huejutla, se pudo apreciar el trabajo que realizan los m\u00e9dicos, enfermeras, parteras y los m\u00e9dicos tradicionales.<\/p>\n\n\n\n<p>Asimismo, adelant\u00f3 que, el viernes 21 de febrero se conmemora del D\u00eda Internacional de la Lengua Materna, motivo por el cual se tendr\u00e1 un gran evento por parte del Gobierno del Estado de Hidalgo en San Bartolo Tutotepec.<\/p>\n\n\n\n<p>Explic\u00f3 que, este d\u00eda en Huejutla se arranca con los eventos de conmemoraci\u00f3n del D\u00eda Internacional de la Lengua Materna, sobre todo de darle la reflexi\u00f3n, el dialogo, la importancia y la m\u00e1xima publicidad que debe de llevar la conservaci\u00f3n de las lenguas ind\u00edgenas.<\/p>\n\n\n\n<p>Dijo que, en la huasteca es la regi\u00f3n en donde se habla el n\u00e1huatl y expone que, en Hidalgo se tiene a 262 mil personas hablantes de la lengua n\u00e1huatl, en Huejutla se arranca a estas conmemoraciones, reflexionamos que todas las lenguas son importantes, por lo que se invita a conservar la nuestra.<\/p>\n\n\n\n<p>Prisco Manuel Guti\u00e9rrez, consider\u00f3 importante que las nuevas generaciones y los j\u00f3venes entiendan de la importancia de hablar n\u00e1huatl, de hablar una lengua materna, porque es otra forma de ver al mundo, es otra forma de entendimiento y de comprensi\u00f3n de la realidad, pero sobre todo de la comprensi\u00f3n del otro, del pr\u00f3jimo.<\/p>\n","protected":false},"excerpt":{"rendered":"<p>Por Enedino Hern\u00e1ndez Alonso\/Zunoticia Huejutla, Hgo. &#8211; El comisionado estatal para el Desarrollo Sostenible de los Pueblos Ind\u00edgenas, Prisco Manuel Guti\u00e9rrez, confirm\u00f3 que, con la realizaci\u00f3n de las actividades con motivo del 20 aniversario de la Interculturalidad de Salud en esta ciudad de Huejutla de Reyes, pr\u00e1cticamente se iniciaron los eventos de conmemoraci\u00f3n del D\u00eda&hellip; <a class=\"more-link\" href=\"https:\/\/www.zunoticia.com\/noticias-de-hidalgo\/2025\/02\/19\/iniciaron-eventos-de-conmemoracion-del-dia-internacional-de-la-lengua-materna\/\">Seguir leyendo <span class=\"screen-reader-text\">Iniciaron eventos de conmemoraci\u00f3n del D\u00eda Internacional de la Lengua Materna<\/span><\/a><\/p>\n","protected":false},"author":20,"featured_media":583683,"comment_status":"open","ping_status":"open","sticky":false,"template":"","format":"standard","meta":{"rop_custom_images_group":[],"rop_custom_messages_group":[],"rop_publish_now":"initial","rop_publish_now_accounts":{"facebook_10159540855086992_322828327761733":""},"rop_publish_now_history":[],"rop_publish_now_status":"pending","footnotes":""},"categories":[181],"tags":[121],"class_list":["post-583682","post","type-post","status-publish","format-standard","has-post-thumbnail","hentry","category-huejutla","tag-huejutla","entry"],"_links":{"self":[{"href":"https:\/\/www.zunoticia.com\/noticias-de-hidalgo\/wp-json\/wp\/v2\/posts\/583682","targetHints":{"allow":["GET"]}}],"collection":[{"href":"https:\/\/www.zunoticia.com\/noticias-de-hidalgo\/wp-json\/wp\/v2\/posts"}],"about":[{"href":"https:\/\/www.zunoticia.com\/noticias-de-hidalgo\/wp-json\/wp\/v2\/types\/post"}],"author":[{"embeddable":true,"href":"https:\/\/www.zunoticia.com\/noticias-de-hidalgo\/wp-json\/wp\/v2\/users\/20"}],"replies":[{"embeddable":true,"href":"https:\/\/www.zunoticia.com\/noticias-de-hidalgo\/wp-json\/wp\/v2\/comments?post=583682"}],"version-history":[{"count":1,"href":"https:\/\/www.zunoticia.com\/noticias-de-hidalgo\/wp-json\/wp\/v2\/posts\/583682\/revisions"}],"predecessor-version":[{"id":583684,"href":"https:\/\/www.zunoticia.com\/noticias-de-hidalgo\/wp-json\/wp\/v2\/posts\/583682\/revisions\/583684"}],"wp:featuredmedia":[{"embeddable":true,"href":"https:\/\/www.zunoticia.com\/noticias-de-hidalgo\/wp-json\/wp\/v2\/media\/583683"}],"wp:attachment":[{"href":"https:\/\/www.zunoticia.com\/noticias-de-hidalgo\/wp-json\/wp\/v2\/media?parent=583682"}],"wp:term":[{"taxonomy":"category","embeddable":true,"href":"https:\/\/www.zunoticia.com\/noticias-de-hidalgo\/wp-json\/wp\/v2\/categories?post=583682"},{"taxonomy":"post_tag","embeddable":true,"href":"https:\/\/www.zunoticia.com\/noticias-de-hidalgo\/wp-json\/wp\/v2\/tags?post=583682"}],"curies":[{"name":"wp","href":"https:\/\/api.w.org\/{rel}","templated":true}]}}