{"id":583685,"date":"2025-02-19T18:46:24","date_gmt":"2025-02-20T00:46:24","guid":{"rendered":"https:\/\/www.zunoticia.com\/noticias-de-hidalgo\/?p=583685"},"modified":"2025-02-19T18:46:26","modified_gmt":"2025-02-20T00:46:26","slug":"la-lengua-materna-debemos-de-conservarla-hablandola-sacerdote","status":"publish","type":"post","link":"https:\/\/www.zunoticia.com\/noticias-de-hidalgo\/2025\/02\/19\/la-lengua-materna-debemos-de-conservarla-hablandola-sacerdote\/","title":{"rendered":"La lengua materna debemos de conservarla, habl\u00e1ndola: Sacerdote"},"content":{"rendered":"<aside class=\"mashsb-container mashsb-main mashsb-stretched\"><div class=\"mashsb-box\"><div class=\"mashsb-count mash-large\" style=\"float:left\"><div class=\"counts mashsbcount\">0<\/div><span class=\"mashsb-sharetext\">SHARES<\/span><\/div><div class=\"mashsb-buttons\"><a class=\"mashicon-facebook mash-large mash-center mashsb-noshadow\" href=\"https:\/\/www.facebook.com\/sharer.php?u=https%3A%2F%2Fwww.zunoticia.com%2Fnoticias-de-hidalgo%2F2025%2F02%2F19%2Fla-lengua-materna-debemos-de-conservarla-hablandola-sacerdote%2F\" target=\"_top\" rel=\"nofollow\"><span class=\"icon\"><\/span><span class=\"text\">Share<\/span><\/a><a class=\"mashicon-twitter mash-large mash-center mashsb-noshadow\" href=\"https:\/\/twitter.com\/intent\/tweet?text=&amp;url=https:\/\/www.zunoticia.com\/noticias-de-hidalgo\/2025\/02\/19\/la-lengua-materna-debemos-de-conservarla-hablandola-sacerdote\/\" target=\"_top\" rel=\"nofollow\"><span class=\"icon\"><\/span><span class=\"text\">Tweet<\/span><\/a><div class=\"onoffswitch2 mash-large mashsb-noshadow\" style=\"display:none\"><\/div><\/div>\n            <\/div>\n                <div style=\"clear:both\"><\/div><div class=\"mashsb-toggle-container\"><\/div><\/aside>\n            <!-- Share buttons by mashshare.net - Version: 4.0.47-->\n<p><em>Por Enedino Hern\u00e1ndez Alonso\/Zunoticia<\/em><\/p>\n\n\n\n<p><strong>Huejutla, Hgo<\/strong>.- \u201cLa Asamblea General de la ONU decret\u00f3 en su momento voltear los ojos hacia la lengua materna, por lo que todo ser humano nace hablando una lengua, pero esa lengua en la que nacimos debemos de conservarla y s\u00f3lo se puede conservar habl\u00e1ndola, no nos debemos de olvidar de la lengua materna; en este caso en la huasteca tenemos que fortalecer y hablar la lengua n\u00e1huatl\u201d, se\u00f1al\u00f3 el Sacerdote Cat\u00f3lico, Jes\u00fas Morfin Cartagena.<\/p>\n\n\n\n<p>Insisti\u00f3 que, la lengua con la que nacimos en nuestro pa\u00eds, es nuestra cultura, \u201ces muy importante conservarla, para ello; debemos de fortalecerla habl\u00e1ndola, en nuestra regi\u00f3n debemos de hablar la lengua n\u00e1huatl\u201d.<\/p>\n\n\n\n<p>Consider\u00f3 que, en nuestro caso debemos de hablar los dos idiomas, el n\u00e1huatl y la espa\u00f1ola o castellana, se ocupa todos los d\u00edas, en el pa\u00eds inici\u00f3 desde el 2000 a celebrarse la lengua ind\u00edgena, la lengua materna.<\/p>\n\n\n\n<p>Abund\u00f3 que, el 21 de febrero es el D\u00eda Internacional de la Lengua Ind\u00edgena, \u201cdebemos de analizar la importancia de hablar, conocer y de comunicarnos en nuestra lengua materna, pero siempre se tendr\u00e1 la necesidad de conocer otras lenguas, otros idiomas, pero nunca debemos de olvidar la lengua en la que nacimos\u201d.<\/p>\n\n\n\n<p>Jes\u00fas Morfin, expuso que, nunca debemos de olvidarnos de nuestra lengua materna, por eso los padres de familia deben de hablar a los hijos en el idioma o en la lengua materna, que la conozcan, que la valoren y que aprendan otros idiomas.<\/p>\n\n\n\n<p>Consider\u00f3 importante que las instituciones y el gobierno siempre deben de tener en las oficinas a personas que hablen el idioma materno de la regi\u00f3n en donde se encuentran y que la Iglesia tenga siempre esa oportunidad que alguien valore, escuche y solucionen los problemas de las personas que hablan este idioma, adem\u00e1s del espa\u00f1ol.<\/p>\n","protected":false},"excerpt":{"rendered":"<p>Por Enedino Hern\u00e1ndez Alonso\/Zunoticia Huejutla, Hgo.- \u201cLa Asamblea General de la ONU decret\u00f3 en su momento voltear los ojos hacia la lengua materna, por lo que todo ser humano nace hablando una lengua, pero esa lengua en la que nacimos debemos de conservarla y s\u00f3lo se puede conservar habl\u00e1ndola, no nos debemos de olvidar de&hellip; <a class=\"more-link\" href=\"https:\/\/www.zunoticia.com\/noticias-de-hidalgo\/2025\/02\/19\/la-lengua-materna-debemos-de-conservarla-hablandola-sacerdote\/\">Seguir leyendo <span class=\"screen-reader-text\">La lengua materna debemos de conservarla, habl\u00e1ndola: Sacerdote<\/span><\/a><\/p>\n","protected":false},"author":20,"featured_media":583686,"comment_status":"open","ping_status":"open","sticky":false,"template":"","format":"standard","meta":{"rop_custom_images_group":[],"rop_custom_messages_group":[],"rop_publish_now":"initial","rop_publish_now_accounts":{"facebook_10159540855086992_322828327761733":""},"rop_publish_now_history":[],"rop_publish_now_status":"pending","footnotes":""},"categories":[181],"tags":[121],"class_list":["post-583685","post","type-post","status-publish","format-standard","has-post-thumbnail","hentry","category-huejutla","tag-huejutla","entry"],"_links":{"self":[{"href":"https:\/\/www.zunoticia.com\/noticias-de-hidalgo\/wp-json\/wp\/v2\/posts\/583685","targetHints":{"allow":["GET"]}}],"collection":[{"href":"https:\/\/www.zunoticia.com\/noticias-de-hidalgo\/wp-json\/wp\/v2\/posts"}],"about":[{"href":"https:\/\/www.zunoticia.com\/noticias-de-hidalgo\/wp-json\/wp\/v2\/types\/post"}],"author":[{"embeddable":true,"href":"https:\/\/www.zunoticia.com\/noticias-de-hidalgo\/wp-json\/wp\/v2\/users\/20"}],"replies":[{"embeddable":true,"href":"https:\/\/www.zunoticia.com\/noticias-de-hidalgo\/wp-json\/wp\/v2\/comments?post=583685"}],"version-history":[{"count":1,"href":"https:\/\/www.zunoticia.com\/noticias-de-hidalgo\/wp-json\/wp\/v2\/posts\/583685\/revisions"}],"predecessor-version":[{"id":583687,"href":"https:\/\/www.zunoticia.com\/noticias-de-hidalgo\/wp-json\/wp\/v2\/posts\/583685\/revisions\/583687"}],"wp:featuredmedia":[{"embeddable":true,"href":"https:\/\/www.zunoticia.com\/noticias-de-hidalgo\/wp-json\/wp\/v2\/media\/583686"}],"wp:attachment":[{"href":"https:\/\/www.zunoticia.com\/noticias-de-hidalgo\/wp-json\/wp\/v2\/media?parent=583685"}],"wp:term":[{"taxonomy":"category","embeddable":true,"href":"https:\/\/www.zunoticia.com\/noticias-de-hidalgo\/wp-json\/wp\/v2\/categories?post=583685"},{"taxonomy":"post_tag","embeddable":true,"href":"https:\/\/www.zunoticia.com\/noticias-de-hidalgo\/wp-json\/wp\/v2\/tags?post=583685"}],"curies":[{"name":"wp","href":"https:\/\/api.w.org\/{rel}","templated":true}]}}