{"id":583701,"date":"2025-02-19T20:16:57","date_gmt":"2025-02-20T02:16:57","guid":{"rendered":"https:\/\/www.zunoticia.com\/noticias-de-hidalgo\/?p=583701"},"modified":"2025-02-19T20:16:58","modified_gmt":"2025-02-20T02:16:58","slug":"gobierno-municipal-refuerza-su-compromiso-con-la-educacion-en-otates-i","status":"publish","type":"post","link":"https:\/\/www.zunoticia.com\/noticias-de-hidalgo\/2025\/02\/19\/gobierno-municipal-refuerza-su-compromiso-con-la-educacion-en-otates-i\/","title":{"rendered":"Gobierno Municipal refuerza su compromiso con la educaci\u00f3n en Otates I"},"content":{"rendered":"<aside class=\"mashsb-container mashsb-main mashsb-stretched\"><div class=\"mashsb-box\"><div class=\"mashsb-count mash-large\" style=\"float:left\"><div class=\"counts mashsbcount\">0<\/div><span class=\"mashsb-sharetext\">SHARES<\/span><\/div><div class=\"mashsb-buttons\"><a class=\"mashicon-facebook mash-large mash-center mashsb-noshadow\" href=\"https:\/\/www.facebook.com\/sharer.php?u=https%3A%2F%2Fwww.zunoticia.com%2Fnoticias-de-hidalgo%2F2025%2F02%2F19%2Fgobierno-municipal-refuerza-su-compromiso-con-la-educacion-en-otates-i%2F\" target=\"_top\" rel=\"nofollow\"><span class=\"icon\"><\/span><span class=\"text\">Share<\/span><\/a><a class=\"mashicon-twitter mash-large mash-center mashsb-noshadow\" href=\"https:\/\/twitter.com\/intent\/tweet?text=&amp;url=https:\/\/www.zunoticia.com\/noticias-de-hidalgo\/2025\/02\/19\/gobierno-municipal-refuerza-su-compromiso-con-la-educacion-en-otates-i\/\" target=\"_top\" rel=\"nofollow\"><span class=\"icon\"><\/span><span class=\"text\">Tweet<\/span><\/a><div class=\"onoffswitch2 mash-large mashsb-noshadow\" style=\"display:none\"><\/div><\/div>\n            <\/div>\n                <div style=\"clear:both\"><\/div><div class=\"mashsb-toggle-container\"><\/div><\/aside>\n            <!-- Share buttons by mashshare.net - Version: 4.0.47-->\n<p><em>Por Redacci\u00f3n\/Zunoticia<\/em><\/p>\n\n\n\n<p><strong>Huejutla de Reyes, Hgo.-<\/strong> Con el firme prop\u00f3sito de mejorar las condiciones educativas en el municipio, el presidente municipal Alfredo San Rom\u00e1n Duval reafirm\u00f3 su compromiso con la educaci\u00f3n, a trav\u00e9s de diversas acciones en beneficio de estudiantes y docentes de Otates I.<\/p>\n\n\n\n<p>En la Escuela Primaria Rural Francisco I. Madero se trabajar\u00e1 en conjunto con padres de familia y autoridades escolares para destinar un apoyo econ\u00f3mico consignado a la adquisici\u00f3n de l\u00e1minas, portones y pintura, con el objetivo de mejorar la infraestructura del plantel. Adem\u00e1s, se acord\u00f3 la designaci\u00f3n de un representante encargado de administrar y comprobar el uso de estos recursos.<\/p>\n\n\n\n<figure class=\"wp-block-image size-full\"><img fetchpriority=\"high\" decoding=\"async\" width=\"1280\" height=\"720\" src=\"https:\/\/www.zunoticia.com\/noticias-de-hidalgo\/wp-content\/uploads\/2025\/02\/eZy-Watermark_19-02-2025_08-06-47-6090p.m.jpg\" alt=\"\" class=\"wp-image-583712\"\/><\/figure>\n\n\n\n<p>Como parte de este esfuerzo conjunto, se dar\u00e1 inicio a la construcci\u00f3n de columnas para una futura galera, en la que el Gobierno Municipal contribuir\u00e1 con herreros y materiales para su edificaci\u00f3n.<\/p>\n\n\n\n<p><strong>MEJORES CONDICIONES PARA EL APRENDIZAJE<\/strong><\/p>\n\n\n\n<p>En el COBAEH Plantel Los Otates, el alcalde tambi\u00e9n anunci\u00f3 apoyo para la climatizaci\u00f3n de las aulas, iniciando con la instalaci\u00f3n de 10 equipos de aire acondicionado en una primera etapa. Posteriormente, en una segunda fase, se sumar\u00e1n 6 equipos m\u00e1s y en una tercera fase se realizar\u00e1 el pintado del plantel para mejorar su imagen y conservaci\u00f3n.<\/p>\n\n\n\n<p>Por otro lado, en la Secundaria T\u00e9cnica de Otates I, el presidente municipal encabez\u00f3 una reuni\u00f3n con el comit\u00e9 escolar, donde se acord\u00f3 brindar apoyo para la rehabilitaci\u00f3n del plantel, permitiendo que los estudiantes cuenten con instalaciones m\u00e1s seguras y adecuadas para su formaci\u00f3n acad\u00e9mica.<\/p>\n\n\n\n<figure class=\"wp-block-image size-full\"><img decoding=\"async\" width=\"1280\" height=\"720\" src=\"https:\/\/www.zunoticia.com\/noticias-de-hidalgo\/wp-content\/uploads\/2025\/02\/eZy-Watermark_19-02-2025_08-07-35-8900p.m.jpg\" alt=\"\" class=\"wp-image-583711\"\/><\/figure>\n\n\n\n<p>\u00a1El futuro de Huejutla se construye con educaci\u00f3n! Seguimos avanzando juntos para garantizar mejores espacios de aprendizaje para&nbsp;la&nbsp;juventud.<\/p>\n","protected":false},"excerpt":{"rendered":"<p>Por Redacci\u00f3n\/Zunoticia Huejutla de Reyes, Hgo.- Con el firme prop\u00f3sito de mejorar las condiciones educativas en el municipio, el presidente municipal Alfredo San Rom\u00e1n Duval reafirm\u00f3 su compromiso con la educaci\u00f3n, a trav\u00e9s de diversas acciones en beneficio de estudiantes y docentes de Otates I. En la Escuela Primaria Rural Francisco I. Madero se trabajar\u00e1&hellip; <a class=\"more-link\" href=\"https:\/\/www.zunoticia.com\/noticias-de-hidalgo\/2025\/02\/19\/gobierno-municipal-refuerza-su-compromiso-con-la-educacion-en-otates-i\/\">Seguir leyendo <span class=\"screen-reader-text\">Gobierno Municipal refuerza su compromiso con la educaci\u00f3n en Otates I<\/span><\/a><\/p>\n","protected":false},"author":12,"featured_media":583713,"comment_status":"open","ping_status":"open","sticky":false,"template":"","format":"standard","meta":{"rop_custom_images_group":[],"rop_custom_messages_group":[],"rop_publish_now":"initial","rop_publish_now_accounts":{"facebook_10159540855086992_322828327761733":""},"rop_publish_now_history":[],"rop_publish_now_status":"pending","footnotes":""},"categories":[181],"tags":[121],"class_list":["post-583701","post","type-post","status-publish","format-standard","has-post-thumbnail","hentry","category-huejutla","tag-huejutla","entry"],"_links":{"self":[{"href":"https:\/\/www.zunoticia.com\/noticias-de-hidalgo\/wp-json\/wp\/v2\/posts\/583701","targetHints":{"allow":["GET"]}}],"collection":[{"href":"https:\/\/www.zunoticia.com\/noticias-de-hidalgo\/wp-json\/wp\/v2\/posts"}],"about":[{"href":"https:\/\/www.zunoticia.com\/noticias-de-hidalgo\/wp-json\/wp\/v2\/types\/post"}],"author":[{"embeddable":true,"href":"https:\/\/www.zunoticia.com\/noticias-de-hidalgo\/wp-json\/wp\/v2\/users\/12"}],"replies":[{"embeddable":true,"href":"https:\/\/www.zunoticia.com\/noticias-de-hidalgo\/wp-json\/wp\/v2\/comments?post=583701"}],"version-history":[{"count":1,"href":"https:\/\/www.zunoticia.com\/noticias-de-hidalgo\/wp-json\/wp\/v2\/posts\/583701\/revisions"}],"predecessor-version":[{"id":583715,"href":"https:\/\/www.zunoticia.com\/noticias-de-hidalgo\/wp-json\/wp\/v2\/posts\/583701\/revisions\/583715"}],"wp:featuredmedia":[{"embeddable":true,"href":"https:\/\/www.zunoticia.com\/noticias-de-hidalgo\/wp-json\/wp\/v2\/media\/583713"}],"wp:attachment":[{"href":"https:\/\/www.zunoticia.com\/noticias-de-hidalgo\/wp-json\/wp\/v2\/media?parent=583701"}],"wp:term":[{"taxonomy":"category","embeddable":true,"href":"https:\/\/www.zunoticia.com\/noticias-de-hidalgo\/wp-json\/wp\/v2\/categories?post=583701"},{"taxonomy":"post_tag","embeddable":true,"href":"https:\/\/www.zunoticia.com\/noticias-de-hidalgo\/wp-json\/wp\/v2\/tags?post=583701"}],"curies":[{"name":"wp","href":"https:\/\/api.w.org\/{rel}","templated":true}]}}