{"id":583734,"date":"2025-02-20T11:08:55","date_gmt":"2025-02-20T17:08:55","guid":{"rendered":"https:\/\/www.zunoticia.com\/noticias-de-hidalgo\/?p=583734"},"modified":"2025-02-20T11:08:57","modified_gmt":"2025-02-20T17:08:57","slug":"atropellaron-a-abuelito-en-la-mexico-tampico","status":"publish","type":"post","link":"https:\/\/www.zunoticia.com\/noticias-de-hidalgo\/2025\/02\/20\/atropellaron-a-abuelito-en-la-mexico-tampico\/","title":{"rendered":"Atropellaron a abuelito en la M\u00e9xico-Tampico"},"content":{"rendered":"<aside class=\"mashsb-container mashsb-main mashsb-stretched\"><div class=\"mashsb-box\"><div class=\"mashsb-count mash-large\" style=\"float:left\"><div class=\"counts mashsbcount\">0<\/div><span class=\"mashsb-sharetext\">SHARES<\/span><\/div><div class=\"mashsb-buttons\"><a class=\"mashicon-facebook mash-large mash-center mashsb-noshadow\" href=\"https:\/\/www.facebook.com\/sharer.php?u=https%3A%2F%2Fwww.zunoticia.com%2Fnoticias-de-hidalgo%2F2025%2F02%2F20%2Fatropellaron-a-abuelito-en-la-mexico-tampico%2F\" target=\"_top\" rel=\"nofollow\"><span class=\"icon\"><\/span><span class=\"text\">Share<\/span><\/a><a class=\"mashicon-twitter mash-large mash-center mashsb-noshadow\" href=\"https:\/\/twitter.com\/intent\/tweet?text=&amp;url=https:\/\/www.zunoticia.com\/noticias-de-hidalgo\/2025\/02\/20\/atropellaron-a-abuelito-en-la-mexico-tampico\/\" target=\"_top\" rel=\"nofollow\"><span class=\"icon\"><\/span><span class=\"text\">Tweet<\/span><\/a><div class=\"onoffswitch2 mash-large mashsb-noshadow\" style=\"display:none\"><\/div><\/div>\n            <\/div>\n                <div style=\"clear:both\"><\/div><div class=\"mashsb-toggle-container\"><\/div><\/aside>\n            <!-- Share buttons by mashshare.net - Version: 4.0.47-->\n<p><em>Por Roberto Ram\u00edrez\/Zunoticia<\/em><\/p>\n\n\n\n<p><strong>Chalma, Ver. &#8211;<\/strong> Un abuelito que intent\u00f3 cruzar la carretera fue atropellado por un veh\u00edculo que se dio a la fuga con rumbo desconocido, dejando a esta persona tendido en la cinta asf\u00e1ltica y con m\u00faltiples heridas, automovilistas que circulaban por el lugar le brindaron los primeros auxilios.<\/p>\n\n\n\n<p>Fue alrededor de las 21:00 horas del mi\u00e9rcoles que esta persona de la tercera edad fue arrollado a la altura del entronque al Aguacate, sufriendo fracturas en sus extremidades inferiores, as\u00ed como otras heridas en su cuerpo, quien fue auxiliado por automovilistas siendo llevado a un hospital en un autom\u00f3vil particular.<\/p>\n\n\n\n<figure class=\"wp-block-gallery has-nested-images columns-default is-cropped wp-block-gallery-1 is-layout-flex wp-block-gallery-is-layout-flex\">\n<figure class=\"wp-block-image size-large\"><img fetchpriority=\"high\" decoding=\"async\" width=\"816\" height=\"1280\" data-id=\"583736\" src=\"https:\/\/www.zunoticia.com\/noticias-de-hidalgo\/wp-content\/uploads\/2025\/02\/Abuelito-atropellado3.jpeg\" alt=\"\" class=\"wp-image-583736\"\/><\/figure>\n\n\n\n<figure class=\"wp-block-image size-large\"><img decoding=\"async\" width=\"1280\" height=\"871\" data-id=\"583737\" src=\"https:\/\/www.zunoticia.com\/noticias-de-hidalgo\/wp-content\/uploads\/2025\/02\/Abuelito-atropellado2.jpeg\" alt=\"\" class=\"wp-image-583737\"\/><\/figure>\n<\/figure>\n\n\n\n<p>El afectado dijo tener su domicilio en Las Pilas Chalma Veracruz, caminaba sobre esa carretera cuando sufri\u00f3 el accidente, del veh\u00edculo automotor qu\u00e9 arroll\u00f3 a este hombre ya no se supo nada.<\/p>\n","protected":false},"excerpt":{"rendered":"<p>Por Roberto Ram\u00edrez\/Zunoticia Chalma, Ver. &#8211; Un abuelito que intent\u00f3 cruzar la carretera fue atropellado por un veh\u00edculo que se dio a la fuga con rumbo desconocido, dejando a esta persona tendido en la cinta asf\u00e1ltica y con m\u00faltiples heridas, automovilistas que circulaban por el lugar le brindaron los primeros auxilios. Fue alrededor de las&hellip; <a class=\"more-link\" href=\"https:\/\/www.zunoticia.com\/noticias-de-hidalgo\/2025\/02\/20\/atropellaron-a-abuelito-en-la-mexico-tampico\/\">Seguir leyendo <span class=\"screen-reader-text\">Atropellaron a abuelito en la M\u00e9xico-Tampico<\/span><\/a><\/p>\n","protected":false},"author":23,"featured_media":583735,"comment_status":"open","ping_status":"open","sticky":false,"template":"","format":"standard","meta":{"rop_custom_images_group":[],"rop_custom_messages_group":[],"rop_publish_now":"initial","rop_publish_now_accounts":{"facebook_10159540855086992_322828327761733":""},"rop_publish_now_history":[],"rop_publish_now_status":"pending","footnotes":""},"categories":[178],"tags":[259],"class_list":["post-583734","post","type-post","status-publish","format-standard","has-post-thumbnail","hentry","category-policiaca","tag-policiaca","entry"],"_links":{"self":[{"href":"https:\/\/www.zunoticia.com\/noticias-de-hidalgo\/wp-json\/wp\/v2\/posts\/583734","targetHints":{"allow":["GET"]}}],"collection":[{"href":"https:\/\/www.zunoticia.com\/noticias-de-hidalgo\/wp-json\/wp\/v2\/posts"}],"about":[{"href":"https:\/\/www.zunoticia.com\/noticias-de-hidalgo\/wp-json\/wp\/v2\/types\/post"}],"author":[{"embeddable":true,"href":"https:\/\/www.zunoticia.com\/noticias-de-hidalgo\/wp-json\/wp\/v2\/users\/23"}],"replies":[{"embeddable":true,"href":"https:\/\/www.zunoticia.com\/noticias-de-hidalgo\/wp-json\/wp\/v2\/comments?post=583734"}],"version-history":[{"count":1,"href":"https:\/\/www.zunoticia.com\/noticias-de-hidalgo\/wp-json\/wp\/v2\/posts\/583734\/revisions"}],"predecessor-version":[{"id":583738,"href":"https:\/\/www.zunoticia.com\/noticias-de-hidalgo\/wp-json\/wp\/v2\/posts\/583734\/revisions\/583738"}],"wp:featuredmedia":[{"embeddable":true,"href":"https:\/\/www.zunoticia.com\/noticias-de-hidalgo\/wp-json\/wp\/v2\/media\/583735"}],"wp:attachment":[{"href":"https:\/\/www.zunoticia.com\/noticias-de-hidalgo\/wp-json\/wp\/v2\/media?parent=583734"}],"wp:term":[{"taxonomy":"category","embeddable":true,"href":"https:\/\/www.zunoticia.com\/noticias-de-hidalgo\/wp-json\/wp\/v2\/categories?post=583734"},{"taxonomy":"post_tag","embeddable":true,"href":"https:\/\/www.zunoticia.com\/noticias-de-hidalgo\/wp-json\/wp\/v2\/tags?post=583734"}],"curies":[{"name":"wp","href":"https:\/\/api.w.org\/{rel}","templated":true}]}}