{"id":583742,"date":"2025-02-20T14:54:31","date_gmt":"2025-02-20T20:54:31","guid":{"rendered":"https:\/\/www.zunoticia.com\/noticias-de-hidalgo\/?p=583742"},"modified":"2025-02-20T14:54:33","modified_gmt":"2025-02-20T20:54:33","slug":"mixquiahuala-de-juarez-recibe-la-feria-servicios-para-el-pueblo","status":"publish","type":"post","link":"https:\/\/www.zunoticia.com\/noticias-de-hidalgo\/2025\/02\/20\/mixquiahuala-de-juarez-recibe-la-feria-servicios-para-el-pueblo\/","title":{"rendered":"Mixquiahuala de Ju\u00e1rez recibe la feria \u201cServicios para el Pueblo\u201d"},"content":{"rendered":"<aside class=\"mashsb-container mashsb-main mashsb-stretched\"><div class=\"mashsb-box\"><div class=\"mashsb-count mash-large\" style=\"float:left\"><div class=\"counts mashsbcount\">0<\/div><span class=\"mashsb-sharetext\">SHARES<\/span><\/div><div class=\"mashsb-buttons\"><a class=\"mashicon-facebook mash-large mash-center mashsb-noshadow\" href=\"https:\/\/www.facebook.com\/sharer.php?u=https%3A%2F%2Fwww.zunoticia.com%2Fnoticias-de-hidalgo%2F2025%2F02%2F20%2Fmixquiahuala-de-juarez-recibe-la-feria-servicios-para-el-pueblo%2F\" target=\"_top\" rel=\"nofollow\"><span class=\"icon\"><\/span><span class=\"text\">Share<\/span><\/a><a class=\"mashicon-twitter mash-large mash-center mashsb-noshadow\" href=\"https:\/\/twitter.com\/intent\/tweet?text=&amp;url=https:\/\/www.zunoticia.com\/noticias-de-hidalgo\/2025\/02\/20\/mixquiahuala-de-juarez-recibe-la-feria-servicios-para-el-pueblo\/\" target=\"_top\" rel=\"nofollow\"><span class=\"icon\"><\/span><span class=\"text\">Tweet<\/span><\/a><div class=\"onoffswitch2 mash-large mashsb-noshadow\" style=\"display:none\"><\/div><\/div>\n            <\/div>\n                <div style=\"clear:both\"><\/div><div class=\"mashsb-toggle-container\"><\/div><\/aside>\n            <!-- Share buttons by mashshare.net - Version: 4.0.47-->\n<ul class=\"wp-block-list\">\n<li>A partir de las 9:30 de la ma\u00f1ana, decenas de personas acudieron a la Unidad deportiva 20 de noviembre para recibir distintas atenciones<\/li>\n<\/ul>\n\n\n\n<ul class=\"wp-block-list\">\n<li>Desde septiembre del a\u00f1o pasado a la fecha, se han otorgado m\u00e1s de 35 mil atenciones<\/li>\n<\/ul>\n\n\n\n<p><em>Por Redacci\u00f3n\/Zunoticia<\/em><\/p>\n\n\n\n<p><strong>Mixquiahuala de Ju\u00e1rez, Hgo. &#8211;<\/strong> Como parte de las Rutas de la Transformaci\u00f3n, las ferias \u201cServicios para el Pueblo\u201d llegaron a Mixquiahuala de Ju\u00e1rez para ofrecer servicios en \u00e1reas como salud, tr\u00e1mites burocr\u00e1ticos, empleo, exposiciones art\u00edsticas y actividades f\u00edsicas, inform\u00f3 Alejandro Vel\u00e1zquez Mendoza, titular de la Secretar\u00eda del Despacho del Gobernador.<\/p>\n\n\n\n<p>\u201cLa instrucci\u00f3n del gobernador, Julio Menchaca, es clara: quienes formamos parte de la estructura gubernamental debemos llevar los servicios del gobierno directamente donde la poblaci\u00f3n lo necesita. Por ello, desde la Secretar\u00eda del Despacho, a trav\u00e9s de las direcciones generales de Atenci\u00f3n al Pueblo y Giras, continuaremos coordinando y operando estas ferias\u201d, manifest\u00f3.&nbsp;<\/p>\n\n\n\n<p>Gloria Mendoza, vecina de Mixquiahuala de Ju\u00e1rez y quien acudi\u00f3 a la Unidad deportiva 20 de noviembre para realizarse estudios de laboratorio durante la feria, agradeci\u00f3 estos apoyos y pidi\u00f3 a las autoridades que se mantengan programas como este, que benefician directamente a la comunidad.<\/p>\n\n\n\n<p>En este sentido, el secretario del Despacho record\u00f3 que la tercera edici\u00f3n de las Rutas de la Transformaci\u00f3n comenz\u00f3 en septiembre de 2024, y hasta la fecha se han brindado m\u00e1s de 35 mil atenciones, entre las que destacan asistencias m\u00e9dicas, tr\u00e1mites, asesor\u00edas legales, mastograf\u00edas y el otorgamiento de apoyos para la salud visual.&nbsp;<\/p>\n\n\n\n<p>Asimismo, reconoci\u00f3 la coordinaci\u00f3n establecida con distintas dependencias pues, para la realizaci\u00f3n de estas ferias, decenas de personas servidoras p\u00fablicas recorren cada una de las regiones del estado para poder acercar estos servicios que, de otra manera, hubieran representado la necesidad de trasladarse a otros municipios o a la propia capital hidalguense.&nbsp;<\/p>\n\n\n\n<p>Finalmente, Vel\u00e1zquez Mendoza enfatiz\u00f3 que las Rutas de la Transformaci\u00f3n se han convertido en un programa que le pertenece a la ciudadan\u00eda, por lo que no existen gestores ni intermediarios en estas acciones, y ninguna persona debe promoverse con fines particulares o econ\u00f3micos.&nbsp;<\/p>\n\n\n\n<figure class=\"wp-block-image size-full\"><img fetchpriority=\"high\" decoding=\"async\" width=\"933\" height=\"524\" src=\"https:\/\/www.zunoticia.com\/noticias-de-hidalgo\/wp-content\/uploads\/2025\/02\/Zunoticia-Huejutla-1-171.png\" alt=\"\" class=\"wp-image-583744\"\/><\/figure>\n","protected":false},"excerpt":{"rendered":"<p>Por Redacci\u00f3n\/Zunoticia Mixquiahuala de Ju\u00e1rez, Hgo. &#8211; Como parte de las Rutas de la Transformaci\u00f3n, las ferias \u201cServicios para el Pueblo\u201d llegaron a Mixquiahuala de Ju\u00e1rez para ofrecer servicios en \u00e1reas como salud, tr\u00e1mites burocr\u00e1ticos, empleo, exposiciones art\u00edsticas y actividades f\u00edsicas, inform\u00f3 Alejandro Vel\u00e1zquez Mendoza, titular de la Secretar\u00eda del Despacho del Gobernador. \u201cLa instrucci\u00f3n&hellip; <a class=\"more-link\" href=\"https:\/\/www.zunoticia.com\/noticias-de-hidalgo\/2025\/02\/20\/mixquiahuala-de-juarez-recibe-la-feria-servicios-para-el-pueblo\/\">Seguir leyendo <span class=\"screen-reader-text\">Mixquiahuala de Ju\u00e1rez recibe la feria \u201cServicios para el Pueblo\u201d<\/span><\/a><\/p>\n","protected":false},"author":20,"featured_media":583743,"comment_status":"open","ping_status":"open","sticky":false,"template":"","format":"standard","meta":{"rop_custom_images_group":[],"rop_custom_messages_group":[],"rop_publish_now":"initial","rop_publish_now_accounts":{"facebook_10159540855086992_322828327761733":""},"rop_publish_now_history":[],"rop_publish_now_status":"pending","footnotes":""},"categories":[208],"tags":[214],"class_list":["post-583742","post","type-post","status-publish","format-standard","has-post-thumbnail","hentry","category-estado","tag-estado","entry"],"_links":{"self":[{"href":"https:\/\/www.zunoticia.com\/noticias-de-hidalgo\/wp-json\/wp\/v2\/posts\/583742","targetHints":{"allow":["GET"]}}],"collection":[{"href":"https:\/\/www.zunoticia.com\/noticias-de-hidalgo\/wp-json\/wp\/v2\/posts"}],"about":[{"href":"https:\/\/www.zunoticia.com\/noticias-de-hidalgo\/wp-json\/wp\/v2\/types\/post"}],"author":[{"embeddable":true,"href":"https:\/\/www.zunoticia.com\/noticias-de-hidalgo\/wp-json\/wp\/v2\/users\/20"}],"replies":[{"embeddable":true,"href":"https:\/\/www.zunoticia.com\/noticias-de-hidalgo\/wp-json\/wp\/v2\/comments?post=583742"}],"version-history":[{"count":1,"href":"https:\/\/www.zunoticia.com\/noticias-de-hidalgo\/wp-json\/wp\/v2\/posts\/583742\/revisions"}],"predecessor-version":[{"id":583745,"href":"https:\/\/www.zunoticia.com\/noticias-de-hidalgo\/wp-json\/wp\/v2\/posts\/583742\/revisions\/583745"}],"wp:featuredmedia":[{"embeddable":true,"href":"https:\/\/www.zunoticia.com\/noticias-de-hidalgo\/wp-json\/wp\/v2\/media\/583743"}],"wp:attachment":[{"href":"https:\/\/www.zunoticia.com\/noticias-de-hidalgo\/wp-json\/wp\/v2\/media?parent=583742"}],"wp:term":[{"taxonomy":"category","embeddable":true,"href":"https:\/\/www.zunoticia.com\/noticias-de-hidalgo\/wp-json\/wp\/v2\/categories?post=583742"},{"taxonomy":"post_tag","embeddable":true,"href":"https:\/\/www.zunoticia.com\/noticias-de-hidalgo\/wp-json\/wp\/v2\/tags?post=583742"}],"curies":[{"name":"wp","href":"https:\/\/api.w.org\/{rel}","templated":true}]}}