{"id":583753,"date":"2025-02-20T15:18:21","date_gmt":"2025-02-20T21:18:21","guid":{"rendered":"https:\/\/www.zunoticia.com\/noticias-de-hidalgo\/?p=583753"},"modified":"2025-02-20T15:18:23","modified_gmt":"2025-02-20T21:18:23","slug":"unidad-interinstitucional-clave-ante-el-inicio-de-la-temporada-de-incendios-forestales-2025","status":"publish","type":"post","link":"https:\/\/www.zunoticia.com\/noticias-de-hidalgo\/2025\/02\/20\/unidad-interinstitucional-clave-ante-el-inicio-de-la-temporada-de-incendios-forestales-2025\/","title":{"rendered":"Unidad Interinstitucional, clave ante el inicio de la Temporada de Incendios Forestales 2025"},"content":{"rendered":"<aside class=\"mashsb-container mashsb-main mashsb-stretched\"><div class=\"mashsb-box\"><div class=\"mashsb-count mash-large\" style=\"float:left\"><div class=\"counts mashsbcount\">0<\/div><span class=\"mashsb-sharetext\">SHARES<\/span><\/div><div class=\"mashsb-buttons\"><a class=\"mashicon-facebook mash-large mash-center mashsb-noshadow\" href=\"https:\/\/www.facebook.com\/sharer.php?u=https%3A%2F%2Fwww.zunoticia.com%2Fnoticias-de-hidalgo%2F2025%2F02%2F20%2Funidad-interinstitucional-clave-ante-el-inicio-de-la-temporada-de-incendios-forestales-2025%2F\" target=\"_top\" rel=\"nofollow\"><span class=\"icon\"><\/span><span class=\"text\">Share<\/span><\/a><a class=\"mashicon-twitter mash-large mash-center mashsb-noshadow\" href=\"https:\/\/twitter.com\/intent\/tweet?text=&amp;url=https:\/\/www.zunoticia.com\/noticias-de-hidalgo\/2025\/02\/20\/unidad-interinstitucional-clave-ante-el-inicio-de-la-temporada-de-incendios-forestales-2025\/\" target=\"_top\" rel=\"nofollow\"><span class=\"icon\"><\/span><span class=\"text\">Tweet<\/span><\/a><div class=\"onoffswitch2 mash-large mashsb-noshadow\" style=\"display:none\"><\/div><\/div>\n            <\/div>\n                <div style=\"clear:both\"><\/div><div class=\"mashsb-toggle-container\"><\/div><\/aside>\n            <!-- Share buttons by mashshare.net - Version: 4.0.47-->\n<p><em>Por Redacci\u00f3n\/Zunoticia<\/em><\/p>\n\n\n\n<p><strong>Pachuca de Soto, Hgo<\/strong>.- \u201cNuestro compromiso es garantizar la seguridad de nuestros brigadistas y proteger nuestro patrimonio natural\u201d, as\u00ed lo afirm\u00f3 la secretaria de Medio Ambiente y Recursos Naturales de Hidalgo (Semarnath), M\u00f3nica Mixtega Trejo durante el banderazo de inicio oficial a la Temporada de Incendios Forestales 2025 en el Parque Ecol\u00f3gico Cubitos.<\/p>\n\n\n\n<p>Durante un evento en coordinaci\u00f3n con la Comisi\u00f3n Nacional Forestal (CONAFOR), as\u00ed como diversas dependencias municipales, estatales y federales, la servidora p\u00fablica afirm\u00f3 que el respaldo del gobernador Julio Menchaca ha sido fundamental gracias a la adquisici\u00f3n de nuevos equipos, veh\u00edculos y herramientas para un combate eficaz de los incendios.<\/p>\n\n\n\n<p>\u201cEl mensaje del gobernador es claro: trabajaremos en unidad, de manera coordinada y respetuosa con la federaci\u00f3n y los municipios\u201d.<\/p>\n\n\n\n<p>El evento reuni\u00f3 a miembros del Comit\u00e9 Estatal de Manejo del Fuego, Miembros del Grupo T\u00e9cnico Operativo, autoridades municipales, personal de la Secretar\u00eda de la Defensa Nacional, Protecci\u00f3n Civil y brigadistas de Semarnath y CONAFOR.<\/p>\n\n\n\n<p>Durante su intervenci\u00f3n, Luis Alberto Moreno L\u00f3pez, titular de la Promotor\u00eda de Desarrollo Forestal de la CONAFOR, enfatiz\u00f3 la importancia de actuar como un solo equipo para enfrentar una temporada que se prev\u00e9 desafiante debido a las condiciones clim\u00e1ticas.<\/p>\n\n\n\n<p>Asimismo, se entregaron reconocimientos a municipios que se destacaron por su respuesta oportuna ante incendios forestales en 2024, demostrando que la colaboraci\u00f3n interinstitucional es fundamental para proteger las zonas forestales.<\/p>\n\n\n\n<p>El banderazo de salida marc\u00f3 el inicio de las acciones de combate de incendios forestales en el estado, reafirmando que la unidad y el respaldo gubernamental son esenciales para afrontar los retos medioambientales de este 2025.<\/p>\n\n\n\n<figure class=\"wp-block-image size-full\"><img fetchpriority=\"high\" decoding=\"async\" width=\"933\" height=\"524\" src=\"https:\/\/www.zunoticia.com\/noticias-de-hidalgo\/wp-content\/uploads\/2025\/02\/Zunoticia-Huejutla-2-43.png\" alt=\"\" class=\"wp-image-583755\"\/><\/figure>\n","protected":false},"excerpt":{"rendered":"<p>Por Redacci\u00f3n\/Zunoticia Pachuca de Soto, Hgo.- \u201cNuestro compromiso es garantizar la seguridad de nuestros brigadistas y proteger nuestro patrimonio natural\u201d, as\u00ed lo afirm\u00f3 la secretaria de Medio Ambiente y Recursos Naturales de Hidalgo (Semarnath), M\u00f3nica Mixtega Trejo durante el banderazo de inicio oficial a la Temporada de Incendios Forestales 2025 en el Parque Ecol\u00f3gico Cubitos.&hellip; <a class=\"more-link\" href=\"https:\/\/www.zunoticia.com\/noticias-de-hidalgo\/2025\/02\/20\/unidad-interinstitucional-clave-ante-el-inicio-de-la-temporada-de-incendios-forestales-2025\/\">Seguir leyendo <span class=\"screen-reader-text\">Unidad Interinstitucional, clave ante el inicio de la Temporada de Incendios Forestales 2025<\/span><\/a><\/p>\n","protected":false},"author":20,"featured_media":583754,"comment_status":"open","ping_status":"open","sticky":false,"template":"","format":"standard","meta":{"rop_custom_images_group":[],"rop_custom_messages_group":[],"rop_publish_now":"initial","rop_publish_now_accounts":{"facebook_10159540855086992_322828327761733":""},"rop_publish_now_history":[],"rop_publish_now_status":"pending","footnotes":""},"categories":[208],"tags":[214],"class_list":["post-583753","post","type-post","status-publish","format-standard","has-post-thumbnail","hentry","category-estado","tag-estado","entry"],"_links":{"self":[{"href":"https:\/\/www.zunoticia.com\/noticias-de-hidalgo\/wp-json\/wp\/v2\/posts\/583753","targetHints":{"allow":["GET"]}}],"collection":[{"href":"https:\/\/www.zunoticia.com\/noticias-de-hidalgo\/wp-json\/wp\/v2\/posts"}],"about":[{"href":"https:\/\/www.zunoticia.com\/noticias-de-hidalgo\/wp-json\/wp\/v2\/types\/post"}],"author":[{"embeddable":true,"href":"https:\/\/www.zunoticia.com\/noticias-de-hidalgo\/wp-json\/wp\/v2\/users\/20"}],"replies":[{"embeddable":true,"href":"https:\/\/www.zunoticia.com\/noticias-de-hidalgo\/wp-json\/wp\/v2\/comments?post=583753"}],"version-history":[{"count":1,"href":"https:\/\/www.zunoticia.com\/noticias-de-hidalgo\/wp-json\/wp\/v2\/posts\/583753\/revisions"}],"predecessor-version":[{"id":583756,"href":"https:\/\/www.zunoticia.com\/noticias-de-hidalgo\/wp-json\/wp\/v2\/posts\/583753\/revisions\/583756"}],"wp:featuredmedia":[{"embeddable":true,"href":"https:\/\/www.zunoticia.com\/noticias-de-hidalgo\/wp-json\/wp\/v2\/media\/583754"}],"wp:attachment":[{"href":"https:\/\/www.zunoticia.com\/noticias-de-hidalgo\/wp-json\/wp\/v2\/media?parent=583753"}],"wp:term":[{"taxonomy":"category","embeddable":true,"href":"https:\/\/www.zunoticia.com\/noticias-de-hidalgo\/wp-json\/wp\/v2\/categories?post=583753"},{"taxonomy":"post_tag","embeddable":true,"href":"https:\/\/www.zunoticia.com\/noticias-de-hidalgo\/wp-json\/wp\/v2\/tags?post=583753"}],"curies":[{"name":"wp","href":"https:\/\/api.w.org\/{rel}","templated":true}]}}