{"id":583765,"date":"2025-02-20T16:45:20","date_gmt":"2025-02-20T22:45:20","guid":{"rendered":"https:\/\/www.zunoticia.com\/noticias-de-hidalgo\/?p=583765"},"modified":"2025-02-20T16:45:22","modified_gmt":"2025-02-20T22:45:22","slug":"celebran-semana-del-agronomo","status":"publish","type":"post","link":"https:\/\/www.zunoticia.com\/noticias-de-hidalgo\/2025\/02\/20\/celebran-semana-del-agronomo\/","title":{"rendered":"Celebran \u201cSemana del Agr\u00f3nomo&#8221;"},"content":{"rendered":"<aside class=\"mashsb-container mashsb-main mashsb-stretched\"><div class=\"mashsb-box\"><div class=\"mashsb-count mash-large\" style=\"float:left\"><div class=\"counts mashsbcount\">28<\/div><span class=\"mashsb-sharetext\">SHARES<\/span><\/div><div class=\"mashsb-buttons\"><a class=\"mashicon-facebook mash-large mash-center mashsb-noshadow\" href=\"https:\/\/www.facebook.com\/sharer.php?u=https%3A%2F%2Fwww.zunoticia.com%2Fnoticias-de-hidalgo%2F2025%2F02%2F20%2Fcelebran-semana-del-agronomo%2F\" target=\"_top\" rel=\"nofollow\"><span class=\"icon\"><\/span><span class=\"text\">Share<\/span><\/a><a class=\"mashicon-twitter mash-large mash-center mashsb-noshadow\" href=\"https:\/\/twitter.com\/intent\/tweet?text=&amp;url=https:\/\/www.zunoticia.com\/noticias-de-hidalgo\/2025\/02\/20\/celebran-semana-del-agronomo\/\" target=\"_top\" rel=\"nofollow\"><span class=\"icon\"><\/span><span class=\"text\">Tweet<\/span><\/a><div class=\"onoffswitch2 mash-large mashsb-noshadow\" style=\"display:none\"><\/div><\/div>\n            <\/div>\n                <div style=\"clear:both\"><\/div><div class=\"mashsb-toggle-container\"><\/div><\/aside>\n            <!-- Share buttons by mashshare.net - Version: 4.0.47-->\n<p><em>Por Gabriela Hern\u00e1ndez\/Zunoticia<\/em><\/p>\n\n\n\n<p><strong>Huejutla, Hgo.- <\/strong>En el marco del 50 Aniversario del Instituto Tecnol\u00f3gico de Huejutla, se celebr\u00f3 con gran entusiasmo la Semana del Agr\u00f3nomo, un evento que resalta la importancia de la profesi\u00f3n en el desarrollo del sector agropecuario y la formaci\u00f3n integral de los futuros profesionales de la agronom\u00eda.<\/p>\n\n\n\n<p>Este 20 de febrero de 2025 estudiantes, docentes y directivos de la instituci\u00f3n participaron activamente en dos conferencias de gran relevancia para la comunidad acad\u00e9mica y profesional. En el evento se cont\u00f3 con la participaci\u00f3n del Ing. Juan de Dios Nochebuena Hern\u00e1ndez, presidente municipal de Atlapexco, quien comparti\u00f3 un emotivo mensaje y felicitaci\u00f3n por el D\u00eda del Agr\u00f3nomo a toda la comunidad presente.<\/p>\n\n\n\n<p>La primera conferencia titulada \u201cPapel del Profesionista para contribuir con el Sector Productivo\u201d, a cargo del Dr. Gustavo Almaguer Vargas, destacado experto en el \u00e1rea, comparti\u00f3 con los asistentes su visi\u00f3n sobre el papel crucial que juegan los profesionistas en el fortalecimiento del sector agropecuario y la mejora de la productividad en el pa\u00eds.<\/p>\n\n\n\n<p>La segunda conferencia fue \u201cDesarrollo de Proveedores para Empoderar a Productores\u201d, impartida por el M. C. Humberto Arenas Reyes, quien abord\u00f3 la importancia de la colaboraci\u00f3n entre proveedores y productores, as\u00ed como el impacto de este v\u00ednculo para lograr un desarrollo sostenible en las comunidades rurales.<\/p>\n\n\n\n<p>Estas conferencias fueron una excelente oportunidad para que los estudiantes del Tecnol\u00f3gico de Huejutla pudieran conocer de cerca las tendencias y retos actuales de la agricultura, y c\u00f3mo su formaci\u00f3n acad\u00e9mica puede ser clave para transformar el sector productivo en beneficio de las comunidades.<\/p>\n\n\n\n<p>Con este tipo de actividades el Tecnol\u00f3gico de Huejutla contin\u00faa consolid\u00e1ndose como una plataforma de formaci\u00f3n y reflexi\u00f3n sobre los grandes retos que enfrenta el campo mexicano.<\/p>\n\n\n\n<figure class=\"wp-block-gallery has-nested-images columns-default is-cropped wp-block-gallery-1 is-layout-flex wp-block-gallery-is-layout-flex\">\n<figure class=\"wp-block-image size-large\"><img fetchpriority=\"high\" decoding=\"async\" width=\"933\" height=\"524\" data-id=\"583767\" src=\"https:\/\/www.zunoticia.com\/noticias-de-hidalgo\/wp-content\/uploads\/2025\/02\/Zunoticia-Huejutla-3-6.png\" alt=\"\" class=\"wp-image-583767\"\/><\/figure>\n\n\n\n<figure class=\"wp-block-image size-full\"><img decoding=\"async\" width=\"933\" height=\"524\" data-id=\"583768\" src=\"https:\/\/www.zunoticia.com\/noticias-de-hidalgo\/wp-content\/uploads\/2025\/02\/Zunoticia-Huejutla-237.png\" alt=\"\" class=\"wp-image-583768\"\/><\/figure>\n<\/figure>\n","protected":false},"excerpt":{"rendered":"<p>Por Gabriela Hern\u00e1ndez\/Zunoticia Huejutla, Hgo.- En el marco del 50 Aniversario del Instituto Tecnol\u00f3gico de Huejutla, se celebr\u00f3 con gran entusiasmo la Semana del Agr\u00f3nomo, un evento que resalta la importancia de la profesi\u00f3n en el desarrollo del sector agropecuario y la formaci\u00f3n integral de los futuros profesionales de la agronom\u00eda. Este 20 de febrero&hellip; <a class=\"more-link\" href=\"https:\/\/www.zunoticia.com\/noticias-de-hidalgo\/2025\/02\/20\/celebran-semana-del-agronomo\/\">Seguir leyendo <span class=\"screen-reader-text\">Celebran \u201cSemana del Agr\u00f3nomo&#8221;<\/span><\/a><\/p>\n","protected":false},"author":20,"featured_media":583766,"comment_status":"open","ping_status":"open","sticky":false,"template":"","format":"standard","meta":{"rop_custom_images_group":[],"rop_custom_messages_group":[],"rop_publish_now":"initial","rop_publish_now_accounts":{"facebook_10159540855086992_322828327761733":""},"rop_publish_now_history":[],"rop_publish_now_status":"pending","footnotes":""},"categories":[181],"tags":[121],"class_list":["post-583765","post","type-post","status-publish","format-standard","has-post-thumbnail","hentry","category-huejutla","tag-huejutla","entry"],"_links":{"self":[{"href":"https:\/\/www.zunoticia.com\/noticias-de-hidalgo\/wp-json\/wp\/v2\/posts\/583765","targetHints":{"allow":["GET"]}}],"collection":[{"href":"https:\/\/www.zunoticia.com\/noticias-de-hidalgo\/wp-json\/wp\/v2\/posts"}],"about":[{"href":"https:\/\/www.zunoticia.com\/noticias-de-hidalgo\/wp-json\/wp\/v2\/types\/post"}],"author":[{"embeddable":true,"href":"https:\/\/www.zunoticia.com\/noticias-de-hidalgo\/wp-json\/wp\/v2\/users\/20"}],"replies":[{"embeddable":true,"href":"https:\/\/www.zunoticia.com\/noticias-de-hidalgo\/wp-json\/wp\/v2\/comments?post=583765"}],"version-history":[{"count":1,"href":"https:\/\/www.zunoticia.com\/noticias-de-hidalgo\/wp-json\/wp\/v2\/posts\/583765\/revisions"}],"predecessor-version":[{"id":583769,"href":"https:\/\/www.zunoticia.com\/noticias-de-hidalgo\/wp-json\/wp\/v2\/posts\/583765\/revisions\/583769"}],"wp:featuredmedia":[{"embeddable":true,"href":"https:\/\/www.zunoticia.com\/noticias-de-hidalgo\/wp-json\/wp\/v2\/media\/583766"}],"wp:attachment":[{"href":"https:\/\/www.zunoticia.com\/noticias-de-hidalgo\/wp-json\/wp\/v2\/media?parent=583765"}],"wp:term":[{"taxonomy":"category","embeddable":true,"href":"https:\/\/www.zunoticia.com\/noticias-de-hidalgo\/wp-json\/wp\/v2\/categories?post=583765"},{"taxonomy":"post_tag","embeddable":true,"href":"https:\/\/www.zunoticia.com\/noticias-de-hidalgo\/wp-json\/wp\/v2\/tags?post=583765"}],"curies":[{"name":"wp","href":"https:\/\/api.w.org\/{rel}","templated":true}]}}