{"id":583785,"date":"2025-02-20T17:53:39","date_gmt":"2025-02-20T23:53:39","guid":{"rendered":"https:\/\/www.zunoticia.com\/noticias-de-hidalgo\/?p=583785"},"modified":"2025-02-20T17:53:41","modified_gmt":"2025-02-20T23:53:41","slug":"realizan-en-huejutla-la-feria-regional-de-desarrollo-rural","status":"publish","type":"post","link":"https:\/\/www.zunoticia.com\/noticias-de-hidalgo\/2025\/02\/20\/realizan-en-huejutla-la-feria-regional-de-desarrollo-rural\/","title":{"rendered":"Realizan en Huejutla la Feria Regional de Desarrollo Rural"},"content":{"rendered":"<aside class=\"mashsb-container mashsb-main mashsb-stretched\"><div class=\"mashsb-box\"><div class=\"mashsb-count mash-large\" style=\"float:left\"><div class=\"counts mashsbcount\">0<\/div><span class=\"mashsb-sharetext\">SHARES<\/span><\/div><div class=\"mashsb-buttons\"><a class=\"mashicon-facebook mash-large mash-center mashsb-noshadow\" href=\"https:\/\/www.facebook.com\/sharer.php?u=https%3A%2F%2Fwww.zunoticia.com%2Fnoticias-de-hidalgo%2F2025%2F02%2F20%2Frealizan-en-huejutla-la-feria-regional-de-desarrollo-rural%2F\" target=\"_top\" rel=\"nofollow\"><span class=\"icon\"><\/span><span class=\"text\">Share<\/span><\/a><a class=\"mashicon-twitter mash-large mash-center mashsb-noshadow\" href=\"https:\/\/twitter.com\/intent\/tweet?text=&amp;url=https:\/\/www.zunoticia.com\/noticias-de-hidalgo\/2025\/02\/20\/realizan-en-huejutla-la-feria-regional-de-desarrollo-rural\/\" target=\"_top\" rel=\"nofollow\"><span class=\"icon\"><\/span><span class=\"text\">Tweet<\/span><\/a><div class=\"onoffswitch2 mash-large mashsb-noshadow\" style=\"display:none\"><\/div><\/div>\n            <\/div>\n                <div style=\"clear:both\"><\/div><div class=\"mashsb-toggle-container\"><\/div><\/aside>\n            <!-- Share buttons by mashshare.net - Version: 4.0.47-->\n<p><em>Por Enedino Hern\u00e1ndez Alonso\/Zunoticia<\/em><\/p>\n\n\n\n<p><strong>Huejutla, Hgo<\/strong>. &#8211; Las instalaciones de la Universidad Tecnol\u00f3gica de la Huasteca Hidalguense (UTHH) fueron sede de la Feria Regional de Desarrollo Rural, la cual se llev\u00f3 a cabo ante la presencia de un buen n\u00famero de productores expositores de esta zona huasteca.<\/p>\n\n\n\n<p>La Feria Regional de Desarrollo Rural se realiz\u00f3 desde las 09:00 a las 17:00 horas, cinco de la tarde, de este jueves 20 de febrero; fue organizada por la Secretar\u00eda de Desarrollo Rural con espacios para exposici\u00f3n, actividades culturales, capacitaciones, conferencias y para la comercializaci\u00f3n directa, fomentando con ello la innovaci\u00f3n y el crecimiento del sector rural.<\/p>\n\n\n\n<p>Es de esta manera fue como los expositores tuvieron la oportunidad de mostrar y promover los productos o servicios ante un p\u00fablico amplio y diverso, adem\u00e1s de poder conectarse con otros productores, emprendedores y organizaciones.<\/p>\n\n\n\n<p>Como parte de la programaci\u00f3n de las actividades de la Feria Regional de Desarrollo Rural, a las 9:00 horas iniciaron con el Curso de abejas reinas con t\u00e9cnica de traslarve; luego vino la presentaci\u00f3n del cultivo al respiro (herbolaria).<\/p>\n\n\n\n<p>Seguidamente, se realiz\u00f3 la exposici\u00f3n de la importancia de los reptiles en los campos a cargo del personal del Instituto Tecnol\u00f3gico de Huejutla, as\u00ed como la Aplicaci\u00f3n de pol\u00edmeros retenedores de agua en la agricultura por parte de la empresa Pico del \u00c1guila.<\/p>\n\n\n\n<figure class=\"wp-block-gallery has-nested-images columns-default is-cropped wp-block-gallery-1 is-layout-flex wp-block-gallery-is-layout-flex\">\n<figure class=\"wp-block-image size-large\"><img fetchpriority=\"high\" decoding=\"async\" width=\"933\" height=\"524\" data-id=\"583789\" src=\"https:\/\/www.zunoticia.com\/noticias-de-hidalgo\/wp-content\/uploads\/2025\/02\/Zunoticia-Huejutla-241.png\" alt=\"\" class=\"wp-image-583789\"\/><\/figure>\n<\/figure>\n\n\n\n<p>Es importante citar que, el acto protocolario con las autoridades se llev\u00f3 a cabo ante la presencia del titular de la Secretar\u00eda de Desarrollo Rural en Hidalgo, Napole\u00f3n Gonz\u00e1lez P\u00e9rez; y de la directora general de \u00d3rganos de Control y Titular del \u00d3rgano Interno de Control de la Secretar\u00eda de Contralor\u00eda, Briseyda Torres Mart\u00ednez.<\/p>\n\n\n\n<p>Las palabras de bienvenida corrieron a cargo del rector de la UTHH, Miguel Acosta Salazar; mientras que el titular de la Secretar\u00eda de Desarrollo Rural en Hidalgo, Napole\u00f3n Gonz\u00e1lez P\u00e9rez, reconoci\u00f3 que son importantes este tipo de eventos como es la Feria Regional de Desarrollo Rural, en donde se tiene la oportunidad de exponer los productos y servicios que se ofrecen para beneficiar a los productores del campo.<\/p>\n\n\n\n<p>Posteriormente, se tuvo la presentaci\u00f3n del Tr\u00edo Huasteco del COBAEH Plantel Aguacatitla, San Felipe Orizatl\u00e1n; seguidamente la Capacitaci\u00f3n de producci\u00f3n de ma\u00edz h\u00edbrido con diferentes prop\u00f3sitos en la zona huasteca a cargo de la Empresa CERES.<\/p>\n\n\n\n<p>M\u00e1s adelante la presentaci\u00f3n de un Mosaico huasteco (Huapango) a cargo del COBAEH Plantel Aguacatitla, San Felipe Orizatl\u00e1n; tambi\u00e9n se desarroll\u00f3 la presentaci\u00f3n del Uso de drones y aplicaciones en el sector agr\u00edcola a cargo de una Empresa maquinaria agr\u00edcola de la huasteca.<\/p>\n\n\n\n<p>Asimismo, se llev\u00f3 a cabo la presentaci\u00f3n de los Disfrazados carnavaleros por parte de la Preparatoria por Cooperaci\u00f3n de Tecolotitla, Atlapexco y finalmente la presentaci\u00f3n de la Apiterapia (tratamiento profesional de las enfermedades con productos de la colmena y piquetes de abeja) a cargo del personal de la Empresa Miproral y el Manejo de la cafeticultura en la regi\u00f3n huasteca a cargo de la Comercializadora Russom.<\/p>\n\n\n\n<figure class=\"wp-block-gallery has-nested-images columns-default is-cropped wp-block-gallery-2 is-layout-flex wp-block-gallery-is-layout-flex\">\n<figure class=\"wp-block-image size-large\"><img decoding=\"async\" width=\"933\" height=\"524\" data-id=\"583787\" src=\"https:\/\/www.zunoticia.com\/noticias-de-hidalgo\/wp-content\/uploads\/2025\/02\/Zunoticia-Huejutla-2-46.png\" alt=\"\" class=\"wp-image-583787\"\/><\/figure>\n\n\n\n<figure class=\"wp-block-image size-large\"><img decoding=\"async\" width=\"933\" height=\"524\" data-id=\"583788\" src=\"https:\/\/www.zunoticia.com\/noticias-de-hidalgo\/wp-content\/uploads\/2025\/02\/Zunoticia-Huejutla-1-177.png\" alt=\"\" class=\"wp-image-583788\"\/><\/figure>\n<\/figure>\n","protected":false},"excerpt":{"rendered":"<p>Por Enedino Hern\u00e1ndez Alonso\/Zunoticia Huejutla, Hgo. &#8211; Las instalaciones de la Universidad Tecnol\u00f3gica de la Huasteca Hidalguense (UTHH) fueron sede de la Feria Regional de Desarrollo Rural, la cual se llev\u00f3 a cabo ante la presencia de un buen n\u00famero de productores expositores de esta zona huasteca. La Feria Regional de Desarrollo Rural se realiz\u00f3&hellip; <a class=\"more-link\" href=\"https:\/\/www.zunoticia.com\/noticias-de-hidalgo\/2025\/02\/20\/realizan-en-huejutla-la-feria-regional-de-desarrollo-rural\/\">Seguir leyendo <span class=\"screen-reader-text\">Realizan en Huejutla la Feria Regional de Desarrollo Rural<\/span><\/a><\/p>\n","protected":false},"author":20,"featured_media":583786,"comment_status":"open","ping_status":"open","sticky":false,"template":"","format":"standard","meta":{"rop_custom_images_group":[],"rop_custom_messages_group":[],"rop_publish_now":"initial","rop_publish_now_accounts":{"facebook_10159540855086992_322828327761733":""},"rop_publish_now_history":[],"rop_publish_now_status":"pending","footnotes":""},"categories":[181],"tags":[121],"class_list":["post-583785","post","type-post","status-publish","format-standard","has-post-thumbnail","hentry","category-huejutla","tag-huejutla","entry"],"_links":{"self":[{"href":"https:\/\/www.zunoticia.com\/noticias-de-hidalgo\/wp-json\/wp\/v2\/posts\/583785","targetHints":{"allow":["GET"]}}],"collection":[{"href":"https:\/\/www.zunoticia.com\/noticias-de-hidalgo\/wp-json\/wp\/v2\/posts"}],"about":[{"href":"https:\/\/www.zunoticia.com\/noticias-de-hidalgo\/wp-json\/wp\/v2\/types\/post"}],"author":[{"embeddable":true,"href":"https:\/\/www.zunoticia.com\/noticias-de-hidalgo\/wp-json\/wp\/v2\/users\/20"}],"replies":[{"embeddable":true,"href":"https:\/\/www.zunoticia.com\/noticias-de-hidalgo\/wp-json\/wp\/v2\/comments?post=583785"}],"version-history":[{"count":1,"href":"https:\/\/www.zunoticia.com\/noticias-de-hidalgo\/wp-json\/wp\/v2\/posts\/583785\/revisions"}],"predecessor-version":[{"id":583790,"href":"https:\/\/www.zunoticia.com\/noticias-de-hidalgo\/wp-json\/wp\/v2\/posts\/583785\/revisions\/583790"}],"wp:featuredmedia":[{"embeddable":true,"href":"https:\/\/www.zunoticia.com\/noticias-de-hidalgo\/wp-json\/wp\/v2\/media\/583786"}],"wp:attachment":[{"href":"https:\/\/www.zunoticia.com\/noticias-de-hidalgo\/wp-json\/wp\/v2\/media?parent=583785"}],"wp:term":[{"taxonomy":"category","embeddable":true,"href":"https:\/\/www.zunoticia.com\/noticias-de-hidalgo\/wp-json\/wp\/v2\/categories?post=583785"},{"taxonomy":"post_tag","embeddable":true,"href":"https:\/\/www.zunoticia.com\/noticias-de-hidalgo\/wp-json\/wp\/v2\/tags?post=583785"}],"curies":[{"name":"wp","href":"https:\/\/api.w.org\/{rel}","templated":true}]}}