{"id":583791,"date":"2025-02-20T18:00:16","date_gmt":"2025-02-21T00:00:16","guid":{"rendered":"https:\/\/www.zunoticia.com\/noticias-de-hidalgo\/?p=583791"},"modified":"2025-02-20T18:00:18","modified_gmt":"2025-02-21T00:00:18","slug":"daniel-andrade-fortalece-colaboracion-con-la-auditoria-de-la-federacion","status":"publish","type":"post","link":"https:\/\/www.zunoticia.com\/noticias-de-hidalgo\/2025\/02\/20\/daniel-andrade-fortalece-colaboracion-con-la-auditoria-de-la-federacion\/","title":{"rendered":"Daniel Andrade fortalece colaboraci\u00f3n con la Auditor\u00eda de la Federaci\u00f3n"},"content":{"rendered":"<aside class=\"mashsb-container mashsb-main mashsb-stretched\"><div class=\"mashsb-box\"><div class=\"mashsb-count mash-large\" style=\"float:left\"><div class=\"counts mashsbcount\">0<\/div><span class=\"mashsb-sharetext\">SHARES<\/span><\/div><div class=\"mashsb-buttons\"><a class=\"mashicon-facebook mash-large mash-center mashsb-noshadow\" href=\"https:\/\/www.facebook.com\/sharer.php?u=https%3A%2F%2Fwww.zunoticia.com%2Fnoticias-de-hidalgo%2F2025%2F02%2F20%2Fdaniel-andrade-fortalece-colaboracion-con-la-auditoria-de-la-federacion%2F\" target=\"_top\" rel=\"nofollow\"><span class=\"icon\"><\/span><span class=\"text\">Share<\/span><\/a><a class=\"mashicon-twitter mash-large mash-center mashsb-noshadow\" href=\"https:\/\/twitter.com\/intent\/tweet?text=&amp;url=https:\/\/www.zunoticia.com\/noticias-de-hidalgo\/2025\/02\/20\/daniel-andrade-fortalece-colaboracion-con-la-auditoria-de-la-federacion\/\" target=\"_top\" rel=\"nofollow\"><span class=\"icon\"><\/span><span class=\"text\">Tweet<\/span><\/a><div class=\"onoffswitch2 mash-large mashsb-noshadow\" style=\"display:none\"><\/div><\/div>\n            <\/div>\n                <div style=\"clear:both\"><\/div><div class=\"mashsb-toggle-container\"><\/div><\/aside>\n            <!-- Share buttons by mashshare.net - Version: 4.0.47-->\n<p><em>Por Redacci\u00f3n\/Zunoticia<\/em><\/p>\n\n\n\n<p><strong>Ciudad de M\u00e9xico<\/strong>.- Daniel Andrade Zurutuza, diputado federal por el Distrito 01 con cabecera en Huejutla, hizo un llamado en\u00e9rgico a los organismos p\u00fablicos y dem\u00e1s instancias responsables de la fiscalizaci\u00f3n de los recursos p\u00fablicos para que no solo se\u00f1alen irregularidades, sino que establezcan mecanismos efectivos de prevenci\u00f3n y vigilancia que eviten actos contrarios a la ley.<\/p>\n\n\n\n<p>Al dar la bienvenida al Licenciado David R. Colmenares P\u00e1ramo, titular de la Auditor\u00eda Superior de la Federaci\u00f3n (ASF), quien acudi\u00f3 a la C\u00e1mara de Diputados para abordar la revisi\u00f3n de la Cuenta P\u00fablica 2023, y al fijar su posicionamiento respecto a ese tema, el legislador enfatiz\u00f3 que fortalecer los procesos de auditor\u00eda y, sobre todo, de prevenci\u00f3n de posibles il\u00edcitos, generar\u00e1 mayor confianza ciudadana y garantizar\u00e1 que los recursos p\u00fablicos se ejerzan con total transparencia.<\/p>\n\n\n\n<figure class=\"wp-block-image size-full\"><img fetchpriority=\"high\" decoding=\"async\" width=\"933\" height=\"524\" src=\"https:\/\/www.zunoticia.com\/noticias-de-hidalgo\/wp-content\/uploads\/2025\/02\/Zunoticia-Huejutla-242.png\" alt=\"\" class=\"wp-image-583793\"\/><\/figure>\n\n\n\n<p>Daniel Andrade, integrante de la Comisi\u00f3n de Vigilancia de la ASF en el Congreso de la Uni\u00f3n y en representaci\u00f3n del Grupo Parlamentario de MORENA, destac\u00f3 el estrecho v\u00ednculo con este organismo, lo que permite entregar cuentas claras al pueblo. &#8220;Hoy m\u00e1s que nunca trabajamos para fortalecer la relaci\u00f3n entre sociedad y gobierno, asegurando que el ejercicio del poder p\u00fablico sea m\u00e1s eficiente y con total claridad&#8221;, subray\u00f3.<\/p>\n\n\n\n<p>El legislador por la Sierra y la Huasteca de Hidalgo, aprovech\u00f3 la oportunidad para agradecer la presencia del auditor superior y su equipo, reiterando el respaldo total de la Comisi\u00f3n a los trabajos en materia de fiscalizaci\u00f3n. Asimismo, reafirm\u00f3 su compromiso para garantizar al pueblo de M\u00e9xico el correcto manejo de los recursos por parte de los&nbsp;entes&nbsp;p\u00fablicos.<\/p>\n","protected":false},"excerpt":{"rendered":"<p>Por Redacci\u00f3n\/Zunoticia Ciudad de M\u00e9xico.- Daniel Andrade Zurutuza, diputado federal por el Distrito 01 con cabecera en Huejutla, hizo un llamado en\u00e9rgico a los organismos p\u00fablicos y dem\u00e1s instancias responsables de la fiscalizaci\u00f3n de los recursos p\u00fablicos para que no solo se\u00f1alen irregularidades, sino que establezcan mecanismos efectivos de prevenci\u00f3n y vigilancia que eviten actos&hellip; <a class=\"more-link\" href=\"https:\/\/www.zunoticia.com\/noticias-de-hidalgo\/2025\/02\/20\/daniel-andrade-fortalece-colaboracion-con-la-auditoria-de-la-federacion\/\">Seguir leyendo <span class=\"screen-reader-text\">Daniel Andrade fortalece colaboraci\u00f3n con la Auditor\u00eda de la Federaci\u00f3n<\/span><\/a><\/p>\n","protected":false},"author":20,"featured_media":583792,"comment_status":"open","ping_status":"open","sticky":false,"template":"","format":"standard","meta":{"rop_custom_images_group":[],"rop_custom_messages_group":[],"rop_publish_now":"initial","rop_publish_now_accounts":{"facebook_10159540855086992_322828327761733":""},"rop_publish_now_history":[],"rop_publish_now_status":"pending","footnotes":""},"categories":[208],"tags":[214],"class_list":["post-583791","post","type-post","status-publish","format-standard","has-post-thumbnail","hentry","category-estado","tag-estado","entry"],"_links":{"self":[{"href":"https:\/\/www.zunoticia.com\/noticias-de-hidalgo\/wp-json\/wp\/v2\/posts\/583791","targetHints":{"allow":["GET"]}}],"collection":[{"href":"https:\/\/www.zunoticia.com\/noticias-de-hidalgo\/wp-json\/wp\/v2\/posts"}],"about":[{"href":"https:\/\/www.zunoticia.com\/noticias-de-hidalgo\/wp-json\/wp\/v2\/types\/post"}],"author":[{"embeddable":true,"href":"https:\/\/www.zunoticia.com\/noticias-de-hidalgo\/wp-json\/wp\/v2\/users\/20"}],"replies":[{"embeddable":true,"href":"https:\/\/www.zunoticia.com\/noticias-de-hidalgo\/wp-json\/wp\/v2\/comments?post=583791"}],"version-history":[{"count":1,"href":"https:\/\/www.zunoticia.com\/noticias-de-hidalgo\/wp-json\/wp\/v2\/posts\/583791\/revisions"}],"predecessor-version":[{"id":583794,"href":"https:\/\/www.zunoticia.com\/noticias-de-hidalgo\/wp-json\/wp\/v2\/posts\/583791\/revisions\/583794"}],"wp:featuredmedia":[{"embeddable":true,"href":"https:\/\/www.zunoticia.com\/noticias-de-hidalgo\/wp-json\/wp\/v2\/media\/583792"}],"wp:attachment":[{"href":"https:\/\/www.zunoticia.com\/noticias-de-hidalgo\/wp-json\/wp\/v2\/media?parent=583791"}],"wp:term":[{"taxonomy":"category","embeddable":true,"href":"https:\/\/www.zunoticia.com\/noticias-de-hidalgo\/wp-json\/wp\/v2\/categories?post=583791"},{"taxonomy":"post_tag","embeddable":true,"href":"https:\/\/www.zunoticia.com\/noticias-de-hidalgo\/wp-json\/wp\/v2\/tags?post=583791"}],"curies":[{"name":"wp","href":"https:\/\/api.w.org\/{rel}","templated":true}]}}