{"id":583807,"date":"2025-02-20T18:29:27","date_gmt":"2025-02-21T00:29:27","guid":{"rendered":"https:\/\/www.zunoticia.com\/noticias-de-hidalgo\/?p=583807"},"modified":"2025-02-20T18:29:29","modified_gmt":"2025-02-21T00:29:29","slug":"sebiso-impartio-conferencia-para-evitar-violencia-institucional","status":"publish","type":"post","link":"https:\/\/www.zunoticia.com\/noticias-de-hidalgo\/2025\/02\/20\/sebiso-impartio-conferencia-para-evitar-violencia-institucional\/","title":{"rendered":"Sebiso imparti\u00f3 conferencia para evitar violencia institucional"},"content":{"rendered":"<aside class=\"mashsb-container mashsb-main mashsb-stretched\"><div class=\"mashsb-box\"><div class=\"mashsb-count mash-large\" style=\"float:left\"><div class=\"counts mashsbcount\">0<\/div><span class=\"mashsb-sharetext\">SHARES<\/span><\/div><div class=\"mashsb-buttons\"><a class=\"mashicon-facebook mash-large mash-center mashsb-noshadow\" href=\"https:\/\/www.facebook.com\/sharer.php?u=https%3A%2F%2Fwww.zunoticia.com%2Fnoticias-de-hidalgo%2F2025%2F02%2F20%2Fsebiso-impartio-conferencia-para-evitar-violencia-institucional%2F\" target=\"_top\" rel=\"nofollow\"><span class=\"icon\"><\/span><span class=\"text\">Share<\/span><\/a><a class=\"mashicon-twitter mash-large mash-center mashsb-noshadow\" href=\"https:\/\/twitter.com\/intent\/tweet?text=&amp;url=https:\/\/www.zunoticia.com\/noticias-de-hidalgo\/2025\/02\/20\/sebiso-impartio-conferencia-para-evitar-violencia-institucional\/\" target=\"_top\" rel=\"nofollow\"><span class=\"icon\"><\/span><span class=\"text\">Tweet<\/span><\/a><div class=\"onoffswitch2 mash-large mashsb-noshadow\" style=\"display:none\"><\/div><\/div>\n            <\/div>\n                <div style=\"clear:both\"><\/div><div class=\"mashsb-toggle-container\"><\/div><\/aside>\n            <!-- Share buttons by mashshare.net - Version: 4.0.47-->\n<ul class=\"wp-block-list\">\n<li>Se capacit\u00f3 al personal con perspectiva de g\u00e9nero y derechos humanos<\/li>\n<\/ul>\n\n\n\n<p><em>Por Redacci\u00f3n\/Zunoticia<\/em><\/p>\n\n\n\n<p><strong>Pachuca de Soto, Hgo.-<\/strong> Con la finalidad de promover el respeto y protecci\u00f3n de los derechos humanos dentro de las instituciones gubernamentales, as\u00ed como de parte de las mismas hacia la poblaci\u00f3n, personal de la Secretar\u00eda de Bienestar e Inclusi\u00f3n Social (SEBISO) particip\u00f3 en la conferencia \u201cDerechos Humanos y Violencia de G\u00e9nero\u201d.&nbsp;<\/p>\n\n\n\n<p>El titular de la SEBISO, Ricardo G\u00f3mez Moreno, pidi\u00f3 a las y los servidores p\u00fablicos a su cargo, cumplir con su labor de una manera cercana, humana y eficiente, m\u00e1s all\u00e1 de situaciones personales, se debe atender a la ciudadan\u00eda con el m\u00e1ximo profesionalismo y respeto.<\/p>\n\n\n\n<p>Se\u00f1al\u00f3 que la SEBISO tiene una gran labor de contacto directo con la ciudadan\u00eda para este a\u00f1o 2025, y por ello es de suma importancia brindar servicios adecuados cuando se abran inscripciones a los programas en todas las regiones, lo mismo cuando la gente acuda a las oficinas, llame por tel\u00e9fono o pida informaci\u00f3n v\u00eda redes sociales.<\/p>\n\n\n\n<p>\u201cEl gobernador, siempre tiene un trato amable, se trata de dar una buena atenci\u00f3n, y nos pide a los que lo acompa\u00f1emos que le demos seguimiento a la problem\u00e1tica o al aspecto en el que la persona solicita se le ayude\u2026 tenemos que saber responderle a la gente, porque esperan esa respuesta cuidadosa, les pido a ustedes demos una muy buena atenci\u00f3n\u201d subray\u00f3 el funcionario.<\/p>\n\n\n\n<p>Durante la conferencia \u201cDerechos Humanos y Violencia de G\u00e9nero\u201d, la ponente, Mar\u00eda Rosa Garc\u00eda Moreno, miembro de la Comisi\u00f3n de Derechos Humanos del Estado de Hidalgo, recalc\u00f3 lo dicho por G\u00f3mez Moreno, asegurando que \u201cla gente viene por nuestro apoyo, por nuestra ayuda y tenemos una responsabilidad social\u201d.<\/p>\n\n\n\n<p>Retom\u00f3 la importancia de los derechos humanos en la sociedad, su condici\u00f3n de irrenunciable y la importancia de que se crearan y se avalaran con la Declaraci\u00f3n Universal de los Derechos Humanos en 1948.<\/p>\n\n\n\n<p>Con una actividad de retroalimentaci\u00f3n se remembraron los tipos de violencia existentes, se record\u00f3 brevemente su contexto, conceptos, pero sobre todo la importancia de evitar cualquier tipo de violencia, pero con vital relevancia la institucional.<\/p>\n\n\n\n<p>La actividad result\u00f3 valiosa para los servidores p\u00fablicos previo al regreso de las inscripciones a los programas sociales que comenzar\u00e1n en el mes de marzo.<\/p>\n\n\n\n<figure class=\"wp-block-image size-full\"><img fetchpriority=\"high\" decoding=\"async\" width=\"933\" height=\"524\" src=\"https:\/\/www.zunoticia.com\/noticias-de-hidalgo\/wp-content\/uploads\/2025\/02\/Zunoticia-Huejutla-1-182.png\" alt=\"\" class=\"wp-image-583809\"\/><\/figure>\n","protected":false},"excerpt":{"rendered":"<p>Por Redacci\u00f3n\/Zunoticia Pachuca de Soto, Hgo.- Con la finalidad de promover el respeto y protecci\u00f3n de los derechos humanos dentro de las instituciones gubernamentales, as\u00ed como de parte de las mismas hacia la poblaci\u00f3n, personal de la Secretar\u00eda de Bienestar e Inclusi\u00f3n Social (SEBISO) particip\u00f3 en la conferencia \u201cDerechos Humanos y Violencia de G\u00e9nero\u201d.&nbsp; El&hellip; <a class=\"more-link\" href=\"https:\/\/www.zunoticia.com\/noticias-de-hidalgo\/2025\/02\/20\/sebiso-impartio-conferencia-para-evitar-violencia-institucional\/\">Seguir leyendo <span class=\"screen-reader-text\">Sebiso imparti\u00f3 conferencia para evitar violencia institucional<\/span><\/a><\/p>\n","protected":false},"author":20,"featured_media":583808,"comment_status":"open","ping_status":"open","sticky":false,"template":"","format":"standard","meta":{"rop_custom_images_group":[],"rop_custom_messages_group":[],"rop_publish_now":"initial","rop_publish_now_accounts":{"facebook_10159540855086992_322828327761733":""},"rop_publish_now_history":[],"rop_publish_now_status":"pending","footnotes":""},"categories":[208],"tags":[214],"class_list":["post-583807","post","type-post","status-publish","format-standard","has-post-thumbnail","hentry","category-estado","tag-estado","entry"],"_links":{"self":[{"href":"https:\/\/www.zunoticia.com\/noticias-de-hidalgo\/wp-json\/wp\/v2\/posts\/583807","targetHints":{"allow":["GET"]}}],"collection":[{"href":"https:\/\/www.zunoticia.com\/noticias-de-hidalgo\/wp-json\/wp\/v2\/posts"}],"about":[{"href":"https:\/\/www.zunoticia.com\/noticias-de-hidalgo\/wp-json\/wp\/v2\/types\/post"}],"author":[{"embeddable":true,"href":"https:\/\/www.zunoticia.com\/noticias-de-hidalgo\/wp-json\/wp\/v2\/users\/20"}],"replies":[{"embeddable":true,"href":"https:\/\/www.zunoticia.com\/noticias-de-hidalgo\/wp-json\/wp\/v2\/comments?post=583807"}],"version-history":[{"count":1,"href":"https:\/\/www.zunoticia.com\/noticias-de-hidalgo\/wp-json\/wp\/v2\/posts\/583807\/revisions"}],"predecessor-version":[{"id":583810,"href":"https:\/\/www.zunoticia.com\/noticias-de-hidalgo\/wp-json\/wp\/v2\/posts\/583807\/revisions\/583810"}],"wp:featuredmedia":[{"embeddable":true,"href":"https:\/\/www.zunoticia.com\/noticias-de-hidalgo\/wp-json\/wp\/v2\/media\/583808"}],"wp:attachment":[{"href":"https:\/\/www.zunoticia.com\/noticias-de-hidalgo\/wp-json\/wp\/v2\/media?parent=583807"}],"wp:term":[{"taxonomy":"category","embeddable":true,"href":"https:\/\/www.zunoticia.com\/noticias-de-hidalgo\/wp-json\/wp\/v2\/categories?post=583807"},{"taxonomy":"post_tag","embeddable":true,"href":"https:\/\/www.zunoticia.com\/noticias-de-hidalgo\/wp-json\/wp\/v2\/tags?post=583807"}],"curies":[{"name":"wp","href":"https:\/\/api.w.org\/{rel}","templated":true}]}}