{"id":583824,"date":"2025-02-20T19:01:28","date_gmt":"2025-02-21T01:01:28","guid":{"rendered":"https:\/\/www.zunoticia.com\/noticias-de-hidalgo\/?p=583824"},"modified":"2025-02-20T19:01:30","modified_gmt":"2025-02-21T01:01:30","slug":"artesano-de-raices-de-arboles-expone-en-feria-regional-de-desarrollo-rural","status":"publish","type":"post","link":"https:\/\/www.zunoticia.com\/noticias-de-hidalgo\/2025\/02\/20\/artesano-de-raices-de-arboles-expone-en-feria-regional-de-desarrollo-rural\/","title":{"rendered":"Artesano de ra\u00edces de \u00e1rboles expone en Feria Regional de Desarrollo Rural"},"content":{"rendered":"<aside class=\"mashsb-container mashsb-main mashsb-stretched\"><div class=\"mashsb-box\"><div class=\"mashsb-count mash-large\" style=\"float:left\"><div class=\"counts mashsbcount\">0<\/div><span class=\"mashsb-sharetext\">SHARES<\/span><\/div><div class=\"mashsb-buttons\"><a class=\"mashicon-facebook mash-large mash-center mashsb-noshadow\" href=\"https:\/\/www.facebook.com\/sharer.php?u=https%3A%2F%2Fwww.zunoticia.com%2Fnoticias-de-hidalgo%2F2025%2F02%2F20%2Fartesano-de-raices-de-arboles-expone-en-feria-regional-de-desarrollo-rural%2F\" target=\"_top\" rel=\"nofollow\"><span class=\"icon\"><\/span><span class=\"text\">Share<\/span><\/a><a class=\"mashicon-twitter mash-large mash-center mashsb-noshadow\" href=\"https:\/\/twitter.com\/intent\/tweet?text=&amp;url=https:\/\/www.zunoticia.com\/noticias-de-hidalgo\/2025\/02\/20\/artesano-de-raices-de-arboles-expone-en-feria-regional-de-desarrollo-rural\/\" target=\"_top\" rel=\"nofollow\"><span class=\"icon\"><\/span><span class=\"text\">Tweet<\/span><\/a><div class=\"onoffswitch2 mash-large mashsb-noshadow\" style=\"display:none\"><\/div><\/div>\n            <\/div>\n                <div style=\"clear:both\"><\/div><div class=\"mashsb-toggle-container\"><\/div><\/aside>\n            <!-- Share buttons by mashshare.net - Version: 4.0.47-->\n<p><em>Por Enedino Hern\u00e1ndez Alonso\/Zunoticia<\/em><\/p>\n\n\n\n<p><strong>Huejutla, Hgo. &#8211;<\/strong> El artesano, Gustavo V\u00e1zquez, vecino de San Francisco del municipio de Huazalingo, expuso en la Feria Regional de Desarrollo Rural realizado en Huejutla una buena cantidad de piezas elaboradas con ra\u00edces de \u00e1rboles que ha recolectado en los montes y cerros.<\/p>\n\n\n\n<p>Dijo que, el material que utiliza para elaborar sus productos, lo recolecta en los cerros, montes y r\u00edos, sin da\u00f1ar la naturaleza \u201cson piezas que tal vez no dan un peso por ellas, pero yo les doy vida\u201d.<\/p>\n\n\n\n<p>Indic\u00f3 que, ya son m\u00e1s de 15 a\u00f1os que se dedica a elaborar diversos productos a bases de ra\u00edces de los \u00e1rboles, incluso dijo, ha tenido la oportunidad de ir a exposiciones y a ferias en Pachuca, as\u00ed como en otras partes del pa\u00eds.<\/p>\n\n\n\n<p>Asimismo, subray\u00f3 \u201cDios me dio este don para poder hacer este arte con la naturaleza, voy a los cerros o debajo de los cerros, de ah\u00ed recojo el material para hacer todo este arte\u201d.<\/p>\n\n\n\n<p>Detall\u00f3 que, recientemente acaba de pasar el D\u00eda del Amor, \u201ces cuando hice m\u00e1s arte en madera, se celebra puro amor, se tiene mucha filosof\u00eda en este tipo de artesan\u00edas\u201d.<\/p>\n\n\n\n<p>A\u00f1adi\u00f3 que, los productos que elabora se hacen mediante una pr\u00e1ctica constante, \u201cpoco a poco se van mejorando las t\u00e9cnicas, y con un poco de herramienta es como se fortalece la artesan\u00eda\u201d.<\/p>\n\n\n\n<p>Gustavo V\u00e1zquez, hizo un llamado a las personas que gustan y admiran este tipo de piezas artesanales para que lo visiten en la poblaci\u00f3n de San Francisco o en su caso, acudir a la presidencia municipal de Huazalingo, en donde pueden preguntar y pedir m\u00e1s informes en donde ubicarlo.<\/p>\n\n\n\n<p>Concluy\u00f3, pidiendo a las familias que adquieran los productos mexicanos, pues otros pa\u00edses inundan de artesan\u00edas que es de puro pl\u00e1stico, pero aqu\u00ed en la huasteca tambi\u00e9n se tiene talento, todos tenemos talento s\u00f3lo es cuesti\u00f3n de sacarlo.<\/p>\n\n\n\n<figure class=\"wp-block-image size-full\"><img fetchpriority=\"high\" decoding=\"async\" width=\"933\" height=\"524\" src=\"https:\/\/www.zunoticia.com\/noticias-de-hidalgo\/wp-content\/uploads\/2025\/02\/Zunoticia-Huejutla-1-184.png\" alt=\"\" class=\"wp-image-583826\"\/><\/figure>\n","protected":false},"excerpt":{"rendered":"<p>Por Enedino Hern\u00e1ndez Alonso\/Zunoticia Huejutla, Hgo. &#8211; El artesano, Gustavo V\u00e1zquez, vecino de San Francisco del municipio de Huazalingo, expuso en la Feria Regional de Desarrollo Rural realizado en Huejutla una buena cantidad de piezas elaboradas con ra\u00edces de \u00e1rboles que ha recolectado en los montes y cerros. Dijo que, el material que utiliza para&hellip; <a class=\"more-link\" href=\"https:\/\/www.zunoticia.com\/noticias-de-hidalgo\/2025\/02\/20\/artesano-de-raices-de-arboles-expone-en-feria-regional-de-desarrollo-rural\/\">Seguir leyendo <span class=\"screen-reader-text\">Artesano de ra\u00edces de \u00e1rboles expone en Feria Regional de Desarrollo Rural<\/span><\/a><\/p>\n","protected":false},"author":20,"featured_media":583825,"comment_status":"open","ping_status":"open","sticky":false,"template":"","format":"standard","meta":{"rop_custom_images_group":[],"rop_custom_messages_group":[],"rop_publish_now":"initial","rop_publish_now_accounts":{"facebook_10159540855086992_322828327761733":""},"rop_publish_now_history":[],"rop_publish_now_status":"pending","footnotes":""},"categories":[181],"tags":[121],"class_list":["post-583824","post","type-post","status-publish","format-standard","has-post-thumbnail","hentry","category-huejutla","tag-huejutla","entry"],"_links":{"self":[{"href":"https:\/\/www.zunoticia.com\/noticias-de-hidalgo\/wp-json\/wp\/v2\/posts\/583824","targetHints":{"allow":["GET"]}}],"collection":[{"href":"https:\/\/www.zunoticia.com\/noticias-de-hidalgo\/wp-json\/wp\/v2\/posts"}],"about":[{"href":"https:\/\/www.zunoticia.com\/noticias-de-hidalgo\/wp-json\/wp\/v2\/types\/post"}],"author":[{"embeddable":true,"href":"https:\/\/www.zunoticia.com\/noticias-de-hidalgo\/wp-json\/wp\/v2\/users\/20"}],"replies":[{"embeddable":true,"href":"https:\/\/www.zunoticia.com\/noticias-de-hidalgo\/wp-json\/wp\/v2\/comments?post=583824"}],"version-history":[{"count":1,"href":"https:\/\/www.zunoticia.com\/noticias-de-hidalgo\/wp-json\/wp\/v2\/posts\/583824\/revisions"}],"predecessor-version":[{"id":583827,"href":"https:\/\/www.zunoticia.com\/noticias-de-hidalgo\/wp-json\/wp\/v2\/posts\/583824\/revisions\/583827"}],"wp:featuredmedia":[{"embeddable":true,"href":"https:\/\/www.zunoticia.com\/noticias-de-hidalgo\/wp-json\/wp\/v2\/media\/583825"}],"wp:attachment":[{"href":"https:\/\/www.zunoticia.com\/noticias-de-hidalgo\/wp-json\/wp\/v2\/media?parent=583824"}],"wp:term":[{"taxonomy":"category","embeddable":true,"href":"https:\/\/www.zunoticia.com\/noticias-de-hidalgo\/wp-json\/wp\/v2\/categories?post=583824"},{"taxonomy":"post_tag","embeddable":true,"href":"https:\/\/www.zunoticia.com\/noticias-de-hidalgo\/wp-json\/wp\/v2\/tags?post=583824"}],"curies":[{"name":"wp","href":"https:\/\/api.w.org\/{rel}","templated":true}]}}