{"id":583828,"date":"2025-02-20T19:07:53","date_gmt":"2025-02-21T01:07:53","guid":{"rendered":"https:\/\/www.zunoticia.com\/noticias-de-hidalgo\/?p=583828"},"modified":"2025-02-20T21:13:28","modified_gmt":"2025-02-21T03:13:28","slug":"respalda-y-apoya-comunidad-de-el-arenal-yahualica-las-acciones-gubernamentales-de-julio-menchaca","status":"publish","type":"post","link":"https:\/\/www.zunoticia.com\/noticias-de-hidalgo\/2025\/02\/20\/respalda-y-apoya-comunidad-de-el-arenal-yahualica-las-acciones-gubernamentales-de-julio-menchaca\/","title":{"rendered":"El Arenal, Yahualica, respalda las acciones gubernamentales de Julio Menchaca"},"content":{"rendered":"<aside class=\"mashsb-container mashsb-main mashsb-stretched\"><div class=\"mashsb-box\"><div class=\"mashsb-count mash-large\" style=\"float:left\"><div class=\"counts mashsbcount\">0<\/div><span class=\"mashsb-sharetext\">SHARES<\/span><\/div><div class=\"mashsb-buttons\"><a class=\"mashicon-facebook mash-large mash-center mashsb-noshadow\" href=\"https:\/\/www.facebook.com\/sharer.php?u=https%3A%2F%2Fwww.zunoticia.com%2Fnoticias-de-hidalgo%2F2025%2F02%2F20%2Frespalda-y-apoya-comunidad-de-el-arenal-yahualica-las-acciones-gubernamentales-de-julio-menchaca%2F\" target=\"_top\" rel=\"nofollow\"><span class=\"icon\"><\/span><span class=\"text\">Share<\/span><\/a><a class=\"mashicon-twitter mash-large mash-center mashsb-noshadow\" href=\"https:\/\/twitter.com\/intent\/tweet?text=&amp;url=https:\/\/www.zunoticia.com\/noticias-de-hidalgo\/2025\/02\/20\/respalda-y-apoya-comunidad-de-el-arenal-yahualica-las-acciones-gubernamentales-de-julio-menchaca\/\" target=\"_top\" rel=\"nofollow\"><span class=\"icon\"><\/span><span class=\"text\">Tweet<\/span><\/a><div class=\"onoffswitch2 mash-large mashsb-noshadow\" style=\"display:none\"><\/div><\/div>\n            <\/div>\n                <div style=\"clear:both\"><\/div><div class=\"mashsb-toggle-container\"><\/div><\/aside>\n            <!-- Share buttons by mashshare.net - Version: 4.0.47-->\n<p><em>Por Redacci\u00f3n\/Zunoticia<\/em><\/p>\n\n\n\n<p><strong>Yahualica, Hgo.-<\/strong> Tras pasar por un clima de hostilidad con el ayuntamiento que requiri\u00f3 la intervenci\u00f3n del ejecutivo estatal, los habitantes de El Arenal, Yahualica, expresaron su reconocimiento y agradecimiento al gobernador Julio Menchaca Salazar, en la Jornada por la Paz y el Bienestar del Pueblo, realizada en Atotonilco el Grande.<\/p>\n\n\n\n<p>En un ambiente de apoyo, los pobladores destacaron las mejoras que el gobierno estatal ha llevado a su regi\u00f3n.<\/p>\n\n\n\n<p>En el evento, la gente mencion\u00f3 las obras y programas que han sido fundamentales para fortalecer la infraestructura y la calidad de vida en la zona. Con pancartas y lonas que dec\u00edan: &#8220;El Arenal, Yahualica, respalda las acciones del gobierno de la transformaci\u00f3n que usted encabeza&#8221;, la comunidad dej\u00f3 claro su respaldo a las pol\u00edticas impulsadas por el actual gobierno de Hidalgo.<\/p>\n\n\n\n<p>Entre los proyectos m\u00e1s celebrados por los asistentes estuvieron la rehabilitaci\u00f3n de caminos, un esfuerzo clave para facilitar la comunicaci\u00f3n en la regi\u00f3n y los programas sociales que han beneficiado a decenas de familias.<\/p>\n\n\n\n<p>Cabe mencionar que en el mes de noviembre se vivi\u00f3 un conflicto derivado de un reclamo que hac\u00edan a la alcaldesa Francisca Lara, que deriv\u00f3 en su retenci\u00f3n por m\u00e1s de 48 horas, debido a lo cual fue necesario que el Gobierno del Estado interviniera mediante negociaciones logrando llegar al acuerdo de liberar a la edil.<\/p>\n\n\n\n<p>En el mes de enero se llev\u00f3 a cabo el cambio de autoridades de la comunidad, y desde entonces se ha podido trabajar de manera arm\u00f3nica con el Gobierno del Estado a quien le reconocen la disposici\u00f3n de escucharlos y atender sus necesidades.<\/p>\n\n\n\n<figure class=\"wp-block-gallery has-nested-images columns-default is-cropped wp-block-gallery-1 is-layout-flex wp-block-gallery-is-layout-flex\">\n<figure class=\"wp-block-image size-large\"><img fetchpriority=\"high\" decoding=\"async\" width=\"933\" height=\"524\" data-id=\"583830\" src=\"https:\/\/www.zunoticia.com\/noticias-de-hidalgo\/wp-content\/uploads\/2025\/02\/Zunoticia-Huejutla-2-47.png\" alt=\"\" class=\"wp-image-583830\"\/><\/figure>\n\n\n\n<figure class=\"wp-block-image size-full\"><img decoding=\"async\" width=\"933\" height=\"524\" data-id=\"583831\" src=\"https:\/\/www.zunoticia.com\/noticias-de-hidalgo\/wp-content\/uploads\/2025\/02\/Zunoticia-Huejutla-249.png\" alt=\"\" class=\"wp-image-583831\"\/><\/figure>\n<\/figure>\n","protected":false},"excerpt":{"rendered":"<p>Por Redacci\u00f3n\/Zunoticia Yahualica, Hgo.- Tras pasar por un clima de hostilidad con el ayuntamiento que requiri\u00f3 la intervenci\u00f3n del ejecutivo estatal, los habitantes de El Arenal, Yahualica, expresaron su reconocimiento y agradecimiento al gobernador Julio Menchaca Salazar, en la Jornada por la Paz y el Bienestar del Pueblo, realizada en Atotonilco el Grande. En un&hellip; <a class=\"more-link\" href=\"https:\/\/www.zunoticia.com\/noticias-de-hidalgo\/2025\/02\/20\/respalda-y-apoya-comunidad-de-el-arenal-yahualica-las-acciones-gubernamentales-de-julio-menchaca\/\">Seguir leyendo <span class=\"screen-reader-text\">El Arenal, Yahualica, respalda las acciones gubernamentales de Julio Menchaca<\/span><\/a><\/p>\n","protected":false},"author":20,"featured_media":583829,"comment_status":"open","ping_status":"open","sticky":false,"template":"","format":"standard","meta":{"rop_custom_images_group":[],"rop_custom_messages_group":[],"rop_publish_now":"initial","rop_publish_now_accounts":{"facebook_10159540855086992_322828327761733":""},"rop_publish_now_history":[],"rop_publish_now_status":"pending","footnotes":""},"categories":[179,203],"tags":[229,123],"class_list":["post-583828","post","type-post","status-publish","format-standard","has-post-thumbnail","hentry","category-huasteca","category-yahualica","tag-huasteca","tag-yahualica","entry"],"_links":{"self":[{"href":"https:\/\/www.zunoticia.com\/noticias-de-hidalgo\/wp-json\/wp\/v2\/posts\/583828","targetHints":{"allow":["GET"]}}],"collection":[{"href":"https:\/\/www.zunoticia.com\/noticias-de-hidalgo\/wp-json\/wp\/v2\/posts"}],"about":[{"href":"https:\/\/www.zunoticia.com\/noticias-de-hidalgo\/wp-json\/wp\/v2\/types\/post"}],"author":[{"embeddable":true,"href":"https:\/\/www.zunoticia.com\/noticias-de-hidalgo\/wp-json\/wp\/v2\/users\/20"}],"replies":[{"embeddable":true,"href":"https:\/\/www.zunoticia.com\/noticias-de-hidalgo\/wp-json\/wp\/v2\/comments?post=583828"}],"version-history":[{"count":2,"href":"https:\/\/www.zunoticia.com\/noticias-de-hidalgo\/wp-json\/wp\/v2\/posts\/583828\/revisions"}],"predecessor-version":[{"id":583838,"href":"https:\/\/www.zunoticia.com\/noticias-de-hidalgo\/wp-json\/wp\/v2\/posts\/583828\/revisions\/583838"}],"wp:featuredmedia":[{"embeddable":true,"href":"https:\/\/www.zunoticia.com\/noticias-de-hidalgo\/wp-json\/wp\/v2\/media\/583829"}],"wp:attachment":[{"href":"https:\/\/www.zunoticia.com\/noticias-de-hidalgo\/wp-json\/wp\/v2\/media?parent=583828"}],"wp:term":[{"taxonomy":"category","embeddable":true,"href":"https:\/\/www.zunoticia.com\/noticias-de-hidalgo\/wp-json\/wp\/v2\/categories?post=583828"},{"taxonomy":"post_tag","embeddable":true,"href":"https:\/\/www.zunoticia.com\/noticias-de-hidalgo\/wp-json\/wp\/v2\/tags?post=583828"}],"curies":[{"name":"wp","href":"https:\/\/api.w.org\/{rel}","templated":true}]}}