{"id":583834,"date":"2025-02-20T20:45:31","date_gmt":"2025-02-21T02:45:31","guid":{"rendered":"https:\/\/www.zunoticia.com\/noticias-de-hidalgo\/?p=583834"},"modified":"2025-02-20T20:45:33","modified_gmt":"2025-02-21T02:45:33","slug":"adecuaciones-en-rutas-de-transporte-publico-convencional-durante-evento-es-tiempo-de-carnaval-2025","status":"publish","type":"post","link":"https:\/\/www.zunoticia.com\/noticias-de-hidalgo\/2025\/02\/20\/adecuaciones-en-rutas-de-transporte-publico-convencional-durante-evento-es-tiempo-de-carnaval-2025\/","title":{"rendered":"Adecuaciones en rutas de transporte p\u00fablico convencional durante evento \u201cEs Tiempo de Carnaval 2025\u201d"},"content":{"rendered":"<aside class=\"mashsb-container mashsb-main mashsb-stretched\"><div class=\"mashsb-box\"><div class=\"mashsb-count mash-large\" style=\"float:left\"><div class=\"counts mashsbcount\">0<\/div><span class=\"mashsb-sharetext\">SHARES<\/span><\/div><div class=\"mashsb-buttons\"><a class=\"mashicon-facebook mash-large mash-center mashsb-noshadow\" href=\"https:\/\/www.facebook.com\/sharer.php?u=https%3A%2F%2Fwww.zunoticia.com%2Fnoticias-de-hidalgo%2F2025%2F02%2F20%2Fadecuaciones-en-rutas-de-transporte-publico-convencional-durante-evento-es-tiempo-de-carnaval-2025%2F\" target=\"_top\" rel=\"nofollow\"><span class=\"icon\"><\/span><span class=\"text\">Share<\/span><\/a><a class=\"mashicon-twitter mash-large mash-center mashsb-noshadow\" href=\"https:\/\/twitter.com\/intent\/tweet?text=&amp;url=https:\/\/www.zunoticia.com\/noticias-de-hidalgo\/2025\/02\/20\/adecuaciones-en-rutas-de-transporte-publico-convencional-durante-evento-es-tiempo-de-carnaval-2025\/\" target=\"_top\" rel=\"nofollow\"><span class=\"icon\"><\/span><span class=\"text\">Tweet<\/span><\/a><div class=\"onoffswitch2 mash-large mashsb-noshadow\" style=\"display:none\"><\/div><\/div>\n            <\/div>\n                <div style=\"clear:both\"><\/div><div class=\"mashsb-toggle-container\"><\/div><\/aside>\n            <!-- Share buttons by mashshare.net - Version: 4.0.47-->\n<p><em>Por Redacci<\/em><em>\u00f3n\/Zunoticia<\/em><\/p>\n\n\n\n<p><strong>Pachuca <\/strong><strong>de Soto, Hgo<\/strong><strong>.-<\/strong> La Secretar\u00eda de Movilidad y Transporte, a trav\u00e9s de su organismo sectorizado, el Sistema de Transporte Convencional de Hidalgo (STCH), informa que el pr\u00f3ximo viernes 21 de febrero en la ciudad de Pachuca de Soto, se realizar\u00e1n ajustes y recortes operativos intermitentes en las rutas del transporte p\u00fablico convencional en torno al evento \u201cEs Tiempo de Carnaval 2025\u201d, por lo cual se hace un atento llamado a la poblaci\u00f3n para tomar las previsiones necesarias en sus traslados.<\/p>\n\n\n\n<p>Las unidades de transporte p\u00fablico colectivo cuyo recorrido contemple las avenidas Revoluci\u00f3n y Francisco I. Madero (provenientes del oriente de la ciudad) y lleguen por viaducto R\u00edo de las Avenidas y avenida Francisco I. Madero realizar\u00e1n desv\u00edo operacional por viaducto R\u00edo de las Avenidas hasta el centro hist\u00f3rico y retornar\u00e1n por la misma v\u00eda.<\/p>\n\n\n\n<p>Las unidades de transporte p\u00fablico colectivo que tengan como recorrido la calle Cayetano G\u00f3mez P\u00e9rez, avenida Francisco I. Madero y\/o avenida Revoluci\u00f3n (provenientes del poniente de la ciudad) y lleguen por la calle Cayetano G\u00f3mez P\u00e9rez realizar\u00e1n recorte operacional por avenida Cuauht\u00e9moc hasta calle 16 de enero de 1869 para incorporarse al viaducto R\u00edo de las Avenidas o continuar por avenida Cuauht\u00e9moc hasta reincorporarse a su recorrido normal.<\/p>\n\n\n\n<p>Las rutas de transporte p\u00fablico colectivo que realizar\u00e1n estos ajustes operacionales durante el citado evento son: 07, 08, 11, 15, 20, 21, 25, 35, 36, 37, 38, 39, 46, 47, 57, 58, 59, 63, 84, 86, 95, 97, 107, 108 de Pachuca (PCH), las rutas 01, 05, 06, 07 y 10 de Mineral de la Reforma (MRE), las rutas 01, 12, 14 de San Agust\u00edn Tlaxiaca (SAT), las rutas 01 y 08 de Mineral del Chico (MCH) y la ruta 11 de Epazoyucan (EPA).&nbsp;<\/p>\n\n\n\n<p>Por lo anterior, solicitamos a las personas usuarias y conductoras estar al pendiente de los cierres y desv\u00edos viales que pudiera establecer el personal de seguridad p\u00fablica y tr\u00e1nsito municipal o estatal.<\/p>\n\n\n\n<p>El personal adscrito a la Direcci\u00f3n de Vigilancia y Supervisi\u00f3n del organismo mantendr\u00e1 un monitoreo permanente para observar la adecuada prestaci\u00f3n del servicio de transporte p\u00fablico individual y colectivo el cual brindar\u00e1 servicios en las calles adyacentes al evento y se ir\u00e1 restableciendo de forma gradual conforme se reaperturen las vialidades.<\/p>\n","protected":false},"excerpt":{"rendered":"<p>Por Redacci\u00f3n\/Zunoticia Pachuca de Soto, Hgo.- La Secretar\u00eda de Movilidad y Transporte, a trav\u00e9s de su organismo sectorizado, el Sistema de Transporte Convencional de Hidalgo (STCH), informa que el pr\u00f3ximo viernes 21 de febrero en la ciudad de Pachuca de Soto, se realizar\u00e1n ajustes y recortes operativos intermitentes en las rutas del transporte p\u00fablico convencional&hellip; <a class=\"more-link\" href=\"https:\/\/www.zunoticia.com\/noticias-de-hidalgo\/2025\/02\/20\/adecuaciones-en-rutas-de-transporte-publico-convencional-durante-evento-es-tiempo-de-carnaval-2025\/\">Seguir leyendo <span class=\"screen-reader-text\">Adecuaciones en rutas de transporte p\u00fablico convencional durante evento \u201cEs Tiempo de Carnaval 2025\u201d<\/span><\/a><\/p>\n","protected":false},"author":12,"featured_media":583835,"comment_status":"open","ping_status":"open","sticky":false,"template":"","format":"standard","meta":{"rop_custom_images_group":[],"rop_custom_messages_group":[],"rop_publish_now":"initial","rop_publish_now_accounts":{"facebook_10159540855086992_322828327761733":""},"rop_publish_now_history":[],"rop_publish_now_status":"pending","footnotes":""},"categories":[208],"tags":[214],"class_list":["post-583834","post","type-post","status-publish","format-standard","has-post-thumbnail","hentry","category-estado","tag-estado","entry"],"_links":{"self":[{"href":"https:\/\/www.zunoticia.com\/noticias-de-hidalgo\/wp-json\/wp\/v2\/posts\/583834","targetHints":{"allow":["GET"]}}],"collection":[{"href":"https:\/\/www.zunoticia.com\/noticias-de-hidalgo\/wp-json\/wp\/v2\/posts"}],"about":[{"href":"https:\/\/www.zunoticia.com\/noticias-de-hidalgo\/wp-json\/wp\/v2\/types\/post"}],"author":[{"embeddable":true,"href":"https:\/\/www.zunoticia.com\/noticias-de-hidalgo\/wp-json\/wp\/v2\/users\/12"}],"replies":[{"embeddable":true,"href":"https:\/\/www.zunoticia.com\/noticias-de-hidalgo\/wp-json\/wp\/v2\/comments?post=583834"}],"version-history":[{"count":1,"href":"https:\/\/www.zunoticia.com\/noticias-de-hidalgo\/wp-json\/wp\/v2\/posts\/583834\/revisions"}],"predecessor-version":[{"id":583836,"href":"https:\/\/www.zunoticia.com\/noticias-de-hidalgo\/wp-json\/wp\/v2\/posts\/583834\/revisions\/583836"}],"wp:featuredmedia":[{"embeddable":true,"href":"https:\/\/www.zunoticia.com\/noticias-de-hidalgo\/wp-json\/wp\/v2\/media\/583835"}],"wp:attachment":[{"href":"https:\/\/www.zunoticia.com\/noticias-de-hidalgo\/wp-json\/wp\/v2\/media?parent=583834"}],"wp:term":[{"taxonomy":"category","embeddable":true,"href":"https:\/\/www.zunoticia.com\/noticias-de-hidalgo\/wp-json\/wp\/v2\/categories?post=583834"},{"taxonomy":"post_tag","embeddable":true,"href":"https:\/\/www.zunoticia.com\/noticias-de-hidalgo\/wp-json\/wp\/v2\/tags?post=583834"}],"curies":[{"name":"wp","href":"https:\/\/api.w.org\/{rel}","templated":true}]}}