{"id":583848,"date":"2025-02-20T21:48:37","date_gmt":"2025-02-21T03:48:37","guid":{"rendered":"https:\/\/www.zunoticia.com\/noticias-de-hidalgo\/?p=583848"},"modified":"2025-02-20T21:48:43","modified_gmt":"2025-02-21T03:48:43","slug":"huejutla-impulsa-el-empleo-agricola-con-el-subprograma-movilidad-laboral-interna","status":"publish","type":"post","link":"https:\/\/www.zunoticia.com\/noticias-de-hidalgo\/2025\/02\/20\/huejutla-impulsa-el-empleo-agricola-con-el-subprograma-movilidad-laboral-interna\/","title":{"rendered":"Huejutla impulsa el empleo agr\u00edcola con el subprograma &#8220;Movilidad Laboral Interna&#8221;"},"content":{"rendered":"<aside class=\"mashsb-container mashsb-main mashsb-stretched\"><div class=\"mashsb-box\"><div class=\"mashsb-count mash-large\" style=\"float:left\"><div class=\"counts mashsbcount\">0<\/div><span class=\"mashsb-sharetext\">SHARES<\/span><\/div><div class=\"mashsb-buttons\"><a class=\"mashicon-facebook mash-large mash-center mashsb-noshadow\" href=\"https:\/\/www.facebook.com\/sharer.php?u=https%3A%2F%2Fwww.zunoticia.com%2Fnoticias-de-hidalgo%2F2025%2F02%2F20%2Fhuejutla-impulsa-el-empleo-agricola-con-el-subprograma-movilidad-laboral-interna%2F\" target=\"_top\" rel=\"nofollow\"><span class=\"icon\"><\/span><span class=\"text\">Share<\/span><\/a><a class=\"mashicon-twitter mash-large mash-center mashsb-noshadow\" href=\"https:\/\/twitter.com\/intent\/tweet?text=&amp;url=https:\/\/www.zunoticia.com\/noticias-de-hidalgo\/2025\/02\/20\/huejutla-impulsa-el-empleo-agricola-con-el-subprograma-movilidad-laboral-interna\/\" target=\"_top\" rel=\"nofollow\"><span class=\"icon\"><\/span><span class=\"text\">Tweet<\/span><\/a><div class=\"onoffswitch2 mash-large mashsb-noshadow\" style=\"display:none\"><\/div><\/div>\n            <\/div>\n                <div style=\"clear:both\"><\/div><div class=\"mashsb-toggle-container\"><\/div><\/aside>\n            <!-- Share buttons by mashshare.net - Version: 4.0.47-->\n<p><em>Por Redacci\u00f3n\/Zunoticia<\/em><\/p>\n\n\n\n<p><strong>Huejutla, Hgo.-<\/strong> Con el prop\u00f3sito de fortalecer el empleo en el sector agr\u00edcola y generar nuevas oportunidades laborales para los habitantes de la regi\u00f3n, el \u00c1rea de Desarrollo Econ\u00f3mico de Huejutla, en coordinaci\u00f3n con la Secretar\u00eda del Trabajo y Previsi\u00f3n Social, a trav\u00e9s del Servicio Nacional de Empleo Hidalgo, llev\u00f3 a cabo una reuni\u00f3n de trabajo dirigida a los delegados del municipio.<\/p>\n\n\n\n<p>Durante este encuentro, se presentaron las empresas y vacantes disponibles en el \u00e1mbito del cultivo y exportaci\u00f3n, tanto a nivel nacional como internacional, brindando a los asistentes informaci\u00f3n clave para facilitar la vinculaci\u00f3n laboral de los ciudadanos interesados en integrarse a este sector productivo.<\/p>\n\n\n\n<p>Este esfuerzo forma parte del subprograma &#8220;Movilidad Laboral Interna&#8221;, que tiene como meta facilitar el acceso de los trabajadores a nuevas oportunidades en el sector agr\u00edcola, contribuyendo as\u00ed al dinamismo econ\u00f3mico de Huejutla y promoviendo el crecimiento de la regi\u00f3n a trav\u00e9s de la vinculaci\u00f3n efectiva entre empleadores y empleados.<\/p>\n\n\n\n<figure class=\"wp-block-image size-full\"><img fetchpriority=\"high\" decoding=\"async\" width=\"1280\" height=\"720\" src=\"https:\/\/www.zunoticia.com\/noticias-de-hidalgo\/wp-content\/uploads\/2025\/02\/eZy-Watermark_20-02-2025_08-05-22-0410p.m.jpg\" alt=\"\" class=\"wp-image-583853\"\/><\/figure>\n\n\n\n<p>Las autoridades municipales reafirmaron su compromiso de seguir trabajando para abrir nuevas puertas laborales y mejorar las condiciones de vida de los huejutlenses, siempre con el objetivo de generar m\u00e1s fuentes de empleo y desarrollo para&nbsp;el&nbsp;municipio.<\/p>\n","protected":false},"excerpt":{"rendered":"<p>Por Redacci\u00f3n\/Zunoticia Huejutla, Hgo.- Con el prop\u00f3sito de fortalecer el empleo en el sector agr\u00edcola y generar nuevas oportunidades laborales para los habitantes de la regi\u00f3n, el \u00c1rea de Desarrollo Econ\u00f3mico de Huejutla, en coordinaci\u00f3n con la Secretar\u00eda del Trabajo y Previsi\u00f3n Social, a trav\u00e9s del Servicio Nacional de Empleo Hidalgo, llev\u00f3 a cabo una&hellip; <a class=\"more-link\" href=\"https:\/\/www.zunoticia.com\/noticias-de-hidalgo\/2025\/02\/20\/huejutla-impulsa-el-empleo-agricola-con-el-subprograma-movilidad-laboral-interna\/\">Seguir leyendo <span class=\"screen-reader-text\">Huejutla impulsa el empleo agr\u00edcola con el subprograma &#8220;Movilidad Laboral Interna&#8221;<\/span><\/a><\/p>\n","protected":false},"author":12,"featured_media":583852,"comment_status":"open","ping_status":"open","sticky":false,"template":"","format":"standard","meta":{"rop_custom_images_group":[],"rop_custom_messages_group":[],"rop_publish_now":"initial","rop_publish_now_accounts":{"facebook_10159540855086992_322828327761733":""},"rop_publish_now_history":[],"rop_publish_now_status":"pending","footnotes":""},"categories":[181],"tags":[121],"class_list":["post-583848","post","type-post","status-publish","format-standard","has-post-thumbnail","hentry","category-huejutla","tag-huejutla","entry"],"_links":{"self":[{"href":"https:\/\/www.zunoticia.com\/noticias-de-hidalgo\/wp-json\/wp\/v2\/posts\/583848","targetHints":{"allow":["GET"]}}],"collection":[{"href":"https:\/\/www.zunoticia.com\/noticias-de-hidalgo\/wp-json\/wp\/v2\/posts"}],"about":[{"href":"https:\/\/www.zunoticia.com\/noticias-de-hidalgo\/wp-json\/wp\/v2\/types\/post"}],"author":[{"embeddable":true,"href":"https:\/\/www.zunoticia.com\/noticias-de-hidalgo\/wp-json\/wp\/v2\/users\/12"}],"replies":[{"embeddable":true,"href":"https:\/\/www.zunoticia.com\/noticias-de-hidalgo\/wp-json\/wp\/v2\/comments?post=583848"}],"version-history":[{"count":1,"href":"https:\/\/www.zunoticia.com\/noticias-de-hidalgo\/wp-json\/wp\/v2\/posts\/583848\/revisions"}],"predecessor-version":[{"id":583855,"href":"https:\/\/www.zunoticia.com\/noticias-de-hidalgo\/wp-json\/wp\/v2\/posts\/583848\/revisions\/583855"}],"wp:featuredmedia":[{"embeddable":true,"href":"https:\/\/www.zunoticia.com\/noticias-de-hidalgo\/wp-json\/wp\/v2\/media\/583852"}],"wp:attachment":[{"href":"https:\/\/www.zunoticia.com\/noticias-de-hidalgo\/wp-json\/wp\/v2\/media?parent=583848"}],"wp:term":[{"taxonomy":"category","embeddable":true,"href":"https:\/\/www.zunoticia.com\/noticias-de-hidalgo\/wp-json\/wp\/v2\/categories?post=583848"},{"taxonomy":"post_tag","embeddable":true,"href":"https:\/\/www.zunoticia.com\/noticias-de-hidalgo\/wp-json\/wp\/v2\/tags?post=583848"}],"curies":[{"name":"wp","href":"https:\/\/api.w.org\/{rel}","templated":true}]}}