{"id":584493,"date":"2025-02-26T18:24:15","date_gmt":"2025-02-27T00:24:15","guid":{"rendered":"https:\/\/www.zunoticia.com\/noticias-de-hidalgo\/?p=584493"},"modified":"2025-02-26T18:24:47","modified_gmt":"2025-02-27T00:24:47","slug":"la-banda-de-viento-de-yahualica-se-integro-en-1951-domingo-lara","status":"publish","type":"post","link":"https:\/\/www.zunoticia.com\/noticias-de-hidalgo\/2025\/02\/26\/la-banda-de-viento-de-yahualica-se-integro-en-1951-domingo-lara\/","title":{"rendered":"La &#8220;Banda de viento de Yahualica&#8221; se integr\u00f3 en 1951: Domingo Lara"},"content":{"rendered":"<aside class=\"mashsb-container mashsb-main mashsb-stretched\"><div class=\"mashsb-box\"><div class=\"mashsb-count mash-large\" style=\"float:left\"><div class=\"counts mashsbcount\">0<\/div><span class=\"mashsb-sharetext\">SHARES<\/span><\/div><div class=\"mashsb-buttons\"><a class=\"mashicon-facebook mash-large mash-center mashsb-noshadow\" href=\"https:\/\/www.facebook.com\/sharer.php?u=https%3A%2F%2Fwww.zunoticia.com%2Fnoticias-de-hidalgo%2F2025%2F02%2F26%2Fla-banda-de-viento-de-yahualica-se-integro-en-1951-domingo-lara%2F\" target=\"_top\" rel=\"nofollow\"><span class=\"icon\"><\/span><span class=\"text\">Share<\/span><\/a><a class=\"mashicon-twitter mash-large mash-center mashsb-noshadow\" href=\"https:\/\/twitter.com\/intent\/tweet?text=&amp;url=https:\/\/www.zunoticia.com\/noticias-de-hidalgo\/2025\/02\/26\/la-banda-de-viento-de-yahualica-se-integro-en-1951-domingo-lara\/\" target=\"_top\" rel=\"nofollow\"><span class=\"icon\"><\/span><span class=\"text\">Tweet<\/span><\/a><div class=\"onoffswitch2 mash-large mashsb-noshadow\" style=\"display:none\"><\/div><\/div>\n            <\/div>\n                <div style=\"clear:both\"><\/div><div class=\"mashsb-toggle-container\"><\/div><\/aside>\n            <!-- Share buttons by mashshare.net - Version: 4.0.47-->\n<p><em>Por Salvador Altamirano\/Zunoticia<\/em><\/p>\n\n\n\n<p><strong>Yahualica, Hgo<\/strong>.- Las bandas de viento de la huasteca de Hidalgo son un patrimonio cultural inmaterial que al igual que el huapango, representan la m\u00fasica regional.<\/p>\n\n\n\n<p>Una de esas tradicionales agrupaciones de mucho \u00e9xito y renombre anta\u00f1o en la regi\u00f3n, fue la llamada &#8220;Banda de viento de Yahualica&#8221;, que seg\u00fan informaci\u00f3n de don Domingo Lara Herrera, de 98 a\u00f1os de edad, se integr\u00f3 en 1951.<\/p>\n\n\n\n<p>Quien fue uno de los primeros m\u00fasicos, refiri\u00f3 que, los organizadores fueron Pascual Bernardino y Francisco Aguado Torres, posteriormente se integr\u00f3 un maestro de m\u00fasica llamado Jos\u00e9 Gonz\u00e1lez, originario de la comunidad de Zoquitip\u00e1n, quien armoniz\u00f3 m\u00e1s a la banda.<\/p>\n\n\n\n<p>A pregunta formulada coment\u00f3 que, la &#8220;Banda de viento de Yahualica&#8221; la integraban 12 m\u00fasicos y por evento, aunque fuera en poblaciones lejanas, como Huautla, cobraban la cantidad de 250 centavos, no llegaban ni a un peso, que en ese entonces -dijo-, era mucho dinero.<\/p>\n\n\n\n<p>Agreg\u00f3 que, fue integrante de la agrupaci\u00f3n musical un total de 24 a\u00f1os, y que no recuerda a qu\u00e9 edad se sum\u00f3, la cual se empez\u00f3 a desintegrar en 1980, ignorando los motivos, debido a que ya no formaba parte de la misma.<\/p>\n\n\n\n<p>Para finalizar, don Domingo Lara Herrera, quien naci\u00f3 en 1927 en Yahualica, expres\u00f3 que los instrumentos musicales, los cuales est\u00e1n resguardados en la antigua Casa de la M\u00fasica, ahora Casa de Cultura, fueron comprados por cooperaci\u00f3n de todos los habitantes del pueblo.<\/p>\n","protected":false},"excerpt":{"rendered":"<p>Por Salvador Altamirano\/Zunoticia Yahualica, Hgo.- Las bandas de viento de la huasteca de Hidalgo son un patrimonio cultural inmaterial que al igual que el huapango, representan la m\u00fasica regional. Una de esas tradicionales agrupaciones de mucho \u00e9xito y renombre anta\u00f1o en la regi\u00f3n, fue la llamada &#8220;Banda de viento de Yahualica&#8221;, que seg\u00fan informaci\u00f3n de&hellip; <a class=\"more-link\" href=\"https:\/\/www.zunoticia.com\/noticias-de-hidalgo\/2025\/02\/26\/la-banda-de-viento-de-yahualica-se-integro-en-1951-domingo-lara\/\">Seguir leyendo <span class=\"screen-reader-text\">La &#8220;Banda de viento de Yahualica&#8221; se integr\u00f3 en 1951: Domingo Lara<\/span><\/a><\/p>\n","protected":false},"author":20,"featured_media":584494,"comment_status":"open","ping_status":"open","sticky":false,"template":"","format":"standard","meta":{"rop_custom_images_group":[],"rop_custom_messages_group":[],"rop_publish_now":"initial","rop_publish_now_accounts":{"facebook_10159540855086992_322828327761733":""},"rop_publish_now_history":[],"rop_publish_now_status":"pending","footnotes":""},"categories":[179,203],"tags":[229,123],"class_list":["post-584493","post","type-post","status-publish","format-standard","has-post-thumbnail","hentry","category-huasteca","category-yahualica","tag-huasteca","tag-yahualica","entry"],"_links":{"self":[{"href":"https:\/\/www.zunoticia.com\/noticias-de-hidalgo\/wp-json\/wp\/v2\/posts\/584493","targetHints":{"allow":["GET"]}}],"collection":[{"href":"https:\/\/www.zunoticia.com\/noticias-de-hidalgo\/wp-json\/wp\/v2\/posts"}],"about":[{"href":"https:\/\/www.zunoticia.com\/noticias-de-hidalgo\/wp-json\/wp\/v2\/types\/post"}],"author":[{"embeddable":true,"href":"https:\/\/www.zunoticia.com\/noticias-de-hidalgo\/wp-json\/wp\/v2\/users\/20"}],"replies":[{"embeddable":true,"href":"https:\/\/www.zunoticia.com\/noticias-de-hidalgo\/wp-json\/wp\/v2\/comments?post=584493"}],"version-history":[{"count":1,"href":"https:\/\/www.zunoticia.com\/noticias-de-hidalgo\/wp-json\/wp\/v2\/posts\/584493\/revisions"}],"predecessor-version":[{"id":584495,"href":"https:\/\/www.zunoticia.com\/noticias-de-hidalgo\/wp-json\/wp\/v2\/posts\/584493\/revisions\/584495"}],"wp:featuredmedia":[{"embeddable":true,"href":"https:\/\/www.zunoticia.com\/noticias-de-hidalgo\/wp-json\/wp\/v2\/media\/584494"}],"wp:attachment":[{"href":"https:\/\/www.zunoticia.com\/noticias-de-hidalgo\/wp-json\/wp\/v2\/media?parent=584493"}],"wp:term":[{"taxonomy":"category","embeddable":true,"href":"https:\/\/www.zunoticia.com\/noticias-de-hidalgo\/wp-json\/wp\/v2\/categories?post=584493"},{"taxonomy":"post_tag","embeddable":true,"href":"https:\/\/www.zunoticia.com\/noticias-de-hidalgo\/wp-json\/wp\/v2\/tags?post=584493"}],"curies":[{"name":"wp","href":"https:\/\/api.w.org\/{rel}","templated":true}]}}