{"id":584551,"date":"2025-02-27T12:02:55","date_gmt":"2025-02-27T18:02:55","guid":{"rendered":"https:\/\/www.zunoticia.com\/noticias-de-hidalgo\/?p=584551"},"modified":"2025-02-27T12:02:57","modified_gmt":"2025-02-27T18:02:57","slug":"participa-diocesis-en-encuentro-anual-de-enlace-de-agentes-de-pastoral-indigena-en-queretaro","status":"publish","type":"post","link":"https:\/\/www.zunoticia.com\/noticias-de-hidalgo\/2025\/02\/27\/participa-diocesis-en-encuentro-anual-de-enlace-de-agentes-de-pastoral-indigena-en-queretaro\/","title":{"rendered":"Participa Di\u00f3cesis en Encuentro Anual de Enlace de Agentes de Pastoral Ind\u00edgena en Quer\u00e9taro"},"content":{"rendered":"<aside class=\"mashsb-container mashsb-main mashsb-stretched\"><div class=\"mashsb-box\"><div class=\"mashsb-count mash-large\" style=\"float:left\"><div class=\"counts mashsbcount\">0<\/div><span class=\"mashsb-sharetext\">SHARES<\/span><\/div><div class=\"mashsb-buttons\"><a class=\"mashicon-facebook mash-large mash-center mashsb-noshadow\" href=\"https:\/\/www.facebook.com\/sharer.php?u=https%3A%2F%2Fwww.zunoticia.com%2Fnoticias-de-hidalgo%2F2025%2F02%2F27%2Fparticipa-diocesis-en-encuentro-anual-de-enlace-de-agentes-de-pastoral-indigena-en-queretaro%2F\" target=\"_top\" rel=\"nofollow\"><span class=\"icon\"><\/span><span class=\"text\">Share<\/span><\/a><a class=\"mashicon-twitter mash-large mash-center mashsb-noshadow\" href=\"https:\/\/twitter.com\/intent\/tweet?text=&amp;url=https:\/\/www.zunoticia.com\/noticias-de-hidalgo\/2025\/02\/27\/participa-diocesis-en-encuentro-anual-de-enlace-de-agentes-de-pastoral-indigena-en-queretaro\/\" target=\"_top\" rel=\"nofollow\"><span class=\"icon\"><\/span><span class=\"text\">Tweet<\/span><\/a><div class=\"onoffswitch2 mash-large mashsb-noshadow\" style=\"display:none\"><\/div><\/div>\n            <\/div>\n                <div style=\"clear:both\"><\/div><div class=\"mashsb-toggle-container\"><\/div><\/aside>\n            <!-- Share buttons by mashshare.net - Version: 4.0.47-->\n<p><em>Por Enedino Hern\u00e1ndez Alonso\/Zunoticia<\/em><\/p>\n\n\n\n<p><strong>Huejutla, Hgo<\/strong>.- Representantes de la Di\u00f3cesis de Huejutla de Reyes, participaron durante la presente semana en el XXXIII Encuentro Anual de Enlace de Agentes de Pastoral Ind\u00edgena (EAPI).<\/p>\n\n\n\n<p>El Obispo de la Di\u00f3cesis de Huejutla, Jos\u00e9 Hir\u00e1is Acosta Beltr\u00e1n, confirm\u00f3 que, el encuentro se realiz\u00f3 en la Parroquia de San Ildefonso, Amealco, Quer\u00e9taro, durante los d\u00edas comprendidos del 24 al 27 de febrero; en este se desarrollan acciones a favor de la Sagrada Agua &#8220;Cuidando la Sagrada Agua, cuidamos nuestra vida&#8221;.<\/p>\n\n\n\n<p>Destac\u00f3 que, el objetivo principal es el de compartir experiencias de lucha, resistencia y organizaci\u00f3n comunitaria, en defensa de la Sagrada Agua, como un derecho natural y comunitario, reconoci\u00e9ndola como sujeto de derecho desde la cosmovisi\u00f3n ind\u00edgena.<\/p>\n\n\n\n<p>Jos\u00e9 Hir\u00e1is Acosta Beltr\u00e1n, se\u00f1al\u00f3 que, el Encuentro Anual de Enlace de Agentes de Pastoral Ind\u00edgena se lleva a cabo generalmente por una semana en esta \u00e9poca del a\u00f1o, en diversos puntos del pa\u00eds, en donde se analizan las tem\u00e1ticas que se tienen en los pueblos originarios.<\/p>\n\n\n\n<figure class=\"wp-block-image size-full\"><img fetchpriority=\"high\" decoding=\"async\" width=\"933\" height=\"524\" src=\"https:\/\/www.zunoticia.com\/noticias-de-hidalgo\/wp-content\/uploads\/2025\/02\/Zunoticia-Huejutla-1-233.png\" alt=\"\" class=\"wp-image-584553\"\/><\/figure>\n","protected":false},"excerpt":{"rendered":"<p>Por Enedino Hern\u00e1ndez Alonso\/Zunoticia Huejutla, Hgo.- Representantes de la Di\u00f3cesis de Huejutla de Reyes, participaron durante la presente semana en el XXXIII Encuentro Anual de Enlace de Agentes de Pastoral Ind\u00edgena (EAPI). El Obispo de la Di\u00f3cesis de Huejutla, Jos\u00e9 Hir\u00e1is Acosta Beltr\u00e1n, confirm\u00f3 que, el encuentro se realiz\u00f3 en la Parroquia de San Ildefonso,&hellip; <a class=\"more-link\" href=\"https:\/\/www.zunoticia.com\/noticias-de-hidalgo\/2025\/02\/27\/participa-diocesis-en-encuentro-anual-de-enlace-de-agentes-de-pastoral-indigena-en-queretaro\/\">Seguir leyendo <span class=\"screen-reader-text\">Participa Di\u00f3cesis en Encuentro Anual de Enlace de Agentes de Pastoral Ind\u00edgena en Quer\u00e9taro<\/span><\/a><\/p>\n","protected":false},"author":20,"featured_media":584552,"comment_status":"open","ping_status":"open","sticky":false,"template":"","format":"standard","meta":{"rop_custom_images_group":[],"rop_custom_messages_group":[],"rop_publish_now":"initial","rop_publish_now_accounts":{"facebook_10159540855086992_322828327761733":""},"rop_publish_now_history":[],"rop_publish_now_status":"pending","footnotes":""},"categories":[181],"tags":[121],"class_list":["post-584551","post","type-post","status-publish","format-standard","has-post-thumbnail","hentry","category-huejutla","tag-huejutla","entry"],"_links":{"self":[{"href":"https:\/\/www.zunoticia.com\/noticias-de-hidalgo\/wp-json\/wp\/v2\/posts\/584551","targetHints":{"allow":["GET"]}}],"collection":[{"href":"https:\/\/www.zunoticia.com\/noticias-de-hidalgo\/wp-json\/wp\/v2\/posts"}],"about":[{"href":"https:\/\/www.zunoticia.com\/noticias-de-hidalgo\/wp-json\/wp\/v2\/types\/post"}],"author":[{"embeddable":true,"href":"https:\/\/www.zunoticia.com\/noticias-de-hidalgo\/wp-json\/wp\/v2\/users\/20"}],"replies":[{"embeddable":true,"href":"https:\/\/www.zunoticia.com\/noticias-de-hidalgo\/wp-json\/wp\/v2\/comments?post=584551"}],"version-history":[{"count":1,"href":"https:\/\/www.zunoticia.com\/noticias-de-hidalgo\/wp-json\/wp\/v2\/posts\/584551\/revisions"}],"predecessor-version":[{"id":584554,"href":"https:\/\/www.zunoticia.com\/noticias-de-hidalgo\/wp-json\/wp\/v2\/posts\/584551\/revisions\/584554"}],"wp:featuredmedia":[{"embeddable":true,"href":"https:\/\/www.zunoticia.com\/noticias-de-hidalgo\/wp-json\/wp\/v2\/media\/584552"}],"wp:attachment":[{"href":"https:\/\/www.zunoticia.com\/noticias-de-hidalgo\/wp-json\/wp\/v2\/media?parent=584551"}],"wp:term":[{"taxonomy":"category","embeddable":true,"href":"https:\/\/www.zunoticia.com\/noticias-de-hidalgo\/wp-json\/wp\/v2\/categories?post=584551"},{"taxonomy":"post_tag","embeddable":true,"href":"https:\/\/www.zunoticia.com\/noticias-de-hidalgo\/wp-json\/wp\/v2\/tags?post=584551"}],"curies":[{"name":"wp","href":"https:\/\/api.w.org\/{rel}","templated":true}]}}