{"id":584559,"date":"2025-02-27T14:37:24","date_gmt":"2025-02-27T20:37:24","guid":{"rendered":"https:\/\/www.zunoticia.com\/noticias-de-hidalgo\/?p=584559"},"modified":"2025-02-27T14:37:26","modified_gmt":"2025-02-27T20:37:26","slug":"ni-un-caso-de-dengue-en-atlapexco-durante-los-dos-primeros-meses-del-ano","status":"publish","type":"post","link":"https:\/\/www.zunoticia.com\/noticias-de-hidalgo\/2025\/02\/27\/ni-un-caso-de-dengue-en-atlapexco-durante-los-dos-primeros-meses-del-ano\/","title":{"rendered":"Ni un caso de dengue en Atlapexco durante los dos primeros meses del a\u00f1o"},"content":{"rendered":"<aside class=\"mashsb-container mashsb-main mashsb-stretched\"><div class=\"mashsb-box\"><div class=\"mashsb-count mash-large\" style=\"float:left\"><div class=\"counts mashsbcount\">2<\/div><span class=\"mashsb-sharetext\">SHARES<\/span><\/div><div class=\"mashsb-buttons\"><a class=\"mashicon-facebook mash-large mash-center mashsb-noshadow\" href=\"https:\/\/www.facebook.com\/sharer.php?u=https%3A%2F%2Fwww.zunoticia.com%2Fnoticias-de-hidalgo%2F2025%2F02%2F27%2Fni-un-caso-de-dengue-en-atlapexco-durante-los-dos-primeros-meses-del-ano%2F\" target=\"_top\" rel=\"nofollow\"><span class=\"icon\"><\/span><span class=\"text\">Share<\/span><\/a><a class=\"mashicon-twitter mash-large mash-center mashsb-noshadow\" href=\"https:\/\/twitter.com\/intent\/tweet?text=&amp;url=https:\/\/www.zunoticia.com\/noticias-de-hidalgo\/2025\/02\/27\/ni-un-caso-de-dengue-en-atlapexco-durante-los-dos-primeros-meses-del-ano\/\" target=\"_top\" rel=\"nofollow\"><span class=\"icon\"><\/span><span class=\"text\">Tweet<\/span><\/a><div class=\"onoffswitch2 mash-large mashsb-noshadow\" style=\"display:none\"><\/div><\/div>\n            <\/div>\n                <div style=\"clear:both\"><\/div><div class=\"mashsb-toggle-container\"><\/div><\/aside>\n            <!-- Share buttons by mashshare.net - Version: 4.0.47-->\n<p><em>Por Salvador Altamirano\/Zunoticia<\/em><\/p>\n\n\n\n<p><strong>Atlapexco, Hgo.-<\/strong> Seg\u00fan m\u00e9dicos especialistas, el dengue se caracteriza por la presencia de una fiebre de desarrollo r\u00e1pido que dura de cinco a siete d\u00edas, con dolores intensos de cabeza, articulaciones, musculares y erupciones en pies y piernas; advirtiendo que, la enfermedad puede evolucionar a grave, con sangrado, dificultad para respirar y complicaciones en los \u00f3rganos.<\/p>\n\n\n\n<p>Por tal motivo, durante los meses de enero y febrero, el ayuntamiento a trav\u00e9s del \u00e1rea de Salud, ha implementado estrategias fundamentales tendientes a prevenir el dengue y dem\u00e1s padecimientos epidemiales, concretamente para eliminar h\u00e1bitat de zancudos, en especial, del transmisor.<\/p>\n\n\n\n<p>El pasado jueves, durante una reuni\u00f3n con el Comit\u00e9 Jurisdiccional de Vigilancia Epidemiol\u00f3gica (COJUVE), la directora de Salud Municipal present\u00f3 los avances obtenidos, destacando la coadyuvancia entre autoridades y ciudadan\u00eda.<\/p>\n\n\n\n<p>Es oportuno destacar que, hasta el 14 de febrero, el jefe de la Jurisdicci\u00f3n Sanitaria 04, con sede en Huejutla, doctor Jes\u00fas Rodr\u00edguez, inform\u00f3 que en estos dos meses que han transcurrido del 2025, se tienen registrados en la regi\u00f3n s\u00f3lo cinco casos de dengue, tres en Huejutla, uno en Jaltoc\u00e1n y uno en San Felipe Orizatl\u00e1n.<\/p>\n\n\n\n<p>Al respecto, habitantes de la cabecera elogiaron las acciones de prevenci\u00f3n que se est\u00e1n llevando a cabo, recomendando no bajar la guardia, como se expresa coloquialmente, ya que el a\u00f1o pasado en Atlapexco fueron detectados m\u00e1s de 100 casos de dengue, ocupando el segundo lugar en el \u00e1mbito regional.<\/p>\n\n\n\n<p><\/p>\n\n\n\n<p><\/p>\n","protected":false},"excerpt":{"rendered":"<p>Por Salvador Altamirano\/Zunoticia Atlapexco, Hgo.- Seg\u00fan m\u00e9dicos especialistas, el dengue se caracteriza por la presencia de una fiebre de desarrollo r\u00e1pido que dura de cinco a siete d\u00edas, con dolores intensos de cabeza, articulaciones, musculares y erupciones en pies y piernas; advirtiendo que, la enfermedad puede evolucionar a grave, con sangrado, dificultad para respirar y&hellip; <a class=\"more-link\" href=\"https:\/\/www.zunoticia.com\/noticias-de-hidalgo\/2025\/02\/27\/ni-un-caso-de-dengue-en-atlapexco-durante-los-dos-primeros-meses-del-ano\/\">Seguir leyendo <span class=\"screen-reader-text\">Ni un caso de dengue en Atlapexco durante los dos primeros meses del a\u00f1o<\/span><\/a><\/p>\n","protected":false},"author":20,"featured_media":584560,"comment_status":"open","ping_status":"open","sticky":false,"template":"","format":"standard","meta":{"rop_custom_images_group":[],"rop_custom_messages_group":[],"rop_publish_now":"initial","rop_publish_now_accounts":{"facebook_10159540855086992_322828327761733":""},"rop_publish_now_history":[],"rop_publish_now_status":"pending","footnotes":""},"categories":[182,179],"tags":[133,229],"class_list":["post-584559","post","type-post","status-publish","format-standard","has-post-thumbnail","hentry","category-atlapexco","category-huasteca","tag-atlapexco","tag-huasteca","entry"],"_links":{"self":[{"href":"https:\/\/www.zunoticia.com\/noticias-de-hidalgo\/wp-json\/wp\/v2\/posts\/584559","targetHints":{"allow":["GET"]}}],"collection":[{"href":"https:\/\/www.zunoticia.com\/noticias-de-hidalgo\/wp-json\/wp\/v2\/posts"}],"about":[{"href":"https:\/\/www.zunoticia.com\/noticias-de-hidalgo\/wp-json\/wp\/v2\/types\/post"}],"author":[{"embeddable":true,"href":"https:\/\/www.zunoticia.com\/noticias-de-hidalgo\/wp-json\/wp\/v2\/users\/20"}],"replies":[{"embeddable":true,"href":"https:\/\/www.zunoticia.com\/noticias-de-hidalgo\/wp-json\/wp\/v2\/comments?post=584559"}],"version-history":[{"count":1,"href":"https:\/\/www.zunoticia.com\/noticias-de-hidalgo\/wp-json\/wp\/v2\/posts\/584559\/revisions"}],"predecessor-version":[{"id":584561,"href":"https:\/\/www.zunoticia.com\/noticias-de-hidalgo\/wp-json\/wp\/v2\/posts\/584559\/revisions\/584561"}],"wp:featuredmedia":[{"embeddable":true,"href":"https:\/\/www.zunoticia.com\/noticias-de-hidalgo\/wp-json\/wp\/v2\/media\/584560"}],"wp:attachment":[{"href":"https:\/\/www.zunoticia.com\/noticias-de-hidalgo\/wp-json\/wp\/v2\/media?parent=584559"}],"wp:term":[{"taxonomy":"category","embeddable":true,"href":"https:\/\/www.zunoticia.com\/noticias-de-hidalgo\/wp-json\/wp\/v2\/categories?post=584559"},{"taxonomy":"post_tag","embeddable":true,"href":"https:\/\/www.zunoticia.com\/noticias-de-hidalgo\/wp-json\/wp\/v2\/tags?post=584559"}],"curies":[{"name":"wp","href":"https:\/\/api.w.org\/{rel}","templated":true}]}}