{"id":584571,"date":"2025-02-27T15:06:11","date_gmt":"2025-02-27T21:06:11","guid":{"rendered":"https:\/\/www.zunoticia.com\/noticias-de-hidalgo\/?p=584571"},"modified":"2025-02-27T15:06:13","modified_gmt":"2025-02-27T21:06:13","slug":"choca-camion-con-una-camioneta","status":"publish","type":"post","link":"https:\/\/www.zunoticia.com\/noticias-de-hidalgo\/2025\/02\/27\/choca-camion-con-una-camioneta\/","title":{"rendered":"Choca cami\u00f3n con una camioneta"},"content":{"rendered":"<aside class=\"mashsb-container mashsb-main mashsb-stretched\"><div class=\"mashsb-box\"><div class=\"mashsb-count mash-large\" style=\"float:left\"><div class=\"counts mashsbcount\">0<\/div><span class=\"mashsb-sharetext\">SHARES<\/span><\/div><div class=\"mashsb-buttons\"><a class=\"mashicon-facebook mash-large mash-center mashsb-noshadow\" href=\"https:\/\/www.facebook.com\/sharer.php?u=https%3A%2F%2Fwww.zunoticia.com%2Fnoticias-de-hidalgo%2F2025%2F02%2F27%2Fchoca-camion-con-una-camioneta%2F\" target=\"_top\" rel=\"nofollow\"><span class=\"icon\"><\/span><span class=\"text\">Share<\/span><\/a><a class=\"mashicon-twitter mash-large mash-center mashsb-noshadow\" href=\"https:\/\/twitter.com\/intent\/tweet?text=&amp;url=https:\/\/www.zunoticia.com\/noticias-de-hidalgo\/2025\/02\/27\/choca-camion-con-una-camioneta\/\" target=\"_top\" rel=\"nofollow\"><span class=\"icon\"><\/span><span class=\"text\">Tweet<\/span><\/a><div class=\"onoffswitch2 mash-large mashsb-noshadow\" style=\"display:none\"><\/div><\/div>\n            <\/div>\n                <div style=\"clear:both\"><\/div><div class=\"mashsb-toggle-container\"><\/div><\/aside>\n            <!-- Share buttons by mashshare.net - Version: 4.0.47-->\n<p><em>Por Roberto Ram\u00edrez \/Zunoticia<\/em><\/p>\n\n\n\n<p><strong>Huejutla, Hgo.<\/strong> &#8211; Cuantiosos da\u00f1os materiales dej\u00f3 el choque entre un cami\u00f3n y una camioneta, sobre la v\u00eda federal M\u00e9xico-Tampico; elementos de la Guardia Nacional Carreteras atendieron el incidente para deslindar responsabilidades.<\/p>\n\n\n\n<p>El percance ocurri\u00f3 a la altura de Santa Clara, en el entronque a la comunidad de Axcaco, donde un cami\u00f3n y una camioneta se impactaron, esto presuntamente ante el exceso de velocidad y falta de precauci\u00f3n de uno de los conductores.<\/p>\n\n\n\n<p>Oficiales de la Guardia Nacional Carreteras arribaron en el lugar, pero las unidades ya se hab\u00edan movido y uno de los veh\u00edculos participantes en este accidente fue hallado a la altura de la gasolinera de Tehuetl\u00e1n; que es un cami\u00f3n color blanco, en donde lo estaba atendiendo su aseguradora y fue intervenido por oficiales de esa corporaci\u00f3n.<\/p>\n\n\n\n<p><\/p>\n","protected":false},"excerpt":{"rendered":"<p>Por Roberto Ram\u00edrez \/Zunoticia Huejutla, Hgo. &#8211; Cuantiosos da\u00f1os materiales dej\u00f3 el choque entre un cami\u00f3n y una camioneta, sobre la v\u00eda federal M\u00e9xico-Tampico; elementos de la Guardia Nacional Carreteras atendieron el incidente para deslindar responsabilidades. El percance ocurri\u00f3 a la altura de Santa Clara, en el entronque a la comunidad de Axcaco, donde un&hellip; <a class=\"more-link\" href=\"https:\/\/www.zunoticia.com\/noticias-de-hidalgo\/2025\/02\/27\/choca-camion-con-una-camioneta\/\">Seguir leyendo <span class=\"screen-reader-text\">Choca cami\u00f3n con una camioneta<\/span><\/a><\/p>\n","protected":false},"author":20,"featured_media":584572,"comment_status":"open","ping_status":"open","sticky":false,"template":"","format":"standard","meta":{"rop_custom_images_group":[],"rop_custom_messages_group":[],"rop_publish_now":"initial","rop_publish_now_accounts":{"facebook_10159540855086992_322828327761733":""},"rop_publish_now_history":[],"rop_publish_now_status":"pending","footnotes":""},"categories":[178],"tags":[259],"class_list":["post-584571","post","type-post","status-publish","format-standard","has-post-thumbnail","hentry","category-policiaca","tag-policiaca","entry"],"_links":{"self":[{"href":"https:\/\/www.zunoticia.com\/noticias-de-hidalgo\/wp-json\/wp\/v2\/posts\/584571","targetHints":{"allow":["GET"]}}],"collection":[{"href":"https:\/\/www.zunoticia.com\/noticias-de-hidalgo\/wp-json\/wp\/v2\/posts"}],"about":[{"href":"https:\/\/www.zunoticia.com\/noticias-de-hidalgo\/wp-json\/wp\/v2\/types\/post"}],"author":[{"embeddable":true,"href":"https:\/\/www.zunoticia.com\/noticias-de-hidalgo\/wp-json\/wp\/v2\/users\/20"}],"replies":[{"embeddable":true,"href":"https:\/\/www.zunoticia.com\/noticias-de-hidalgo\/wp-json\/wp\/v2\/comments?post=584571"}],"version-history":[{"count":1,"href":"https:\/\/www.zunoticia.com\/noticias-de-hidalgo\/wp-json\/wp\/v2\/posts\/584571\/revisions"}],"predecessor-version":[{"id":584573,"href":"https:\/\/www.zunoticia.com\/noticias-de-hidalgo\/wp-json\/wp\/v2\/posts\/584571\/revisions\/584573"}],"wp:featuredmedia":[{"embeddable":true,"href":"https:\/\/www.zunoticia.com\/noticias-de-hidalgo\/wp-json\/wp\/v2\/media\/584572"}],"wp:attachment":[{"href":"https:\/\/www.zunoticia.com\/noticias-de-hidalgo\/wp-json\/wp\/v2\/media?parent=584571"}],"wp:term":[{"taxonomy":"category","embeddable":true,"href":"https:\/\/www.zunoticia.com\/noticias-de-hidalgo\/wp-json\/wp\/v2\/categories?post=584571"},{"taxonomy":"post_tag","embeddable":true,"href":"https:\/\/www.zunoticia.com\/noticias-de-hidalgo\/wp-json\/wp\/v2\/tags?post=584571"}],"curies":[{"name":"wp","href":"https:\/\/api.w.org\/{rel}","templated":true}]}}