{"id":584583,"date":"2025-02-27T16:54:49","date_gmt":"2025-02-27T22:54:49","guid":{"rendered":"https:\/\/www.zunoticia.com\/noticias-de-hidalgo\/?p=584583"},"modified":"2025-02-27T16:54:52","modified_gmt":"2025-02-27T22:54:52","slug":"programan-cabalgata-y-caminata-por-el-dia-de-la-mujer","status":"publish","type":"post","link":"https:\/\/www.zunoticia.com\/noticias-de-hidalgo\/2025\/02\/27\/programan-cabalgata-y-caminata-por-el-dia-de-la-mujer\/","title":{"rendered":"Programan Cabalgata y caminata por el D\u00eda de la Mujer"},"content":{"rendered":"<aside class=\"mashsb-container mashsb-main mashsb-stretched\"><div class=\"mashsb-box\"><div class=\"mashsb-count mash-large\" style=\"float:left\"><div class=\"counts mashsbcount\">0<\/div><span class=\"mashsb-sharetext\">SHARES<\/span><\/div><div class=\"mashsb-buttons\"><a class=\"mashicon-facebook mash-large mash-center mashsb-noshadow\" href=\"https:\/\/www.facebook.com\/sharer.php?u=https%3A%2F%2Fwww.zunoticia.com%2Fnoticias-de-hidalgo%2F2025%2F02%2F27%2Fprograman-cabalgata-y-caminata-por-el-dia-de-la-mujer%2F\" target=\"_top\" rel=\"nofollow\"><span class=\"icon\"><\/span><span class=\"text\">Share<\/span><\/a><a class=\"mashicon-twitter mash-large mash-center mashsb-noshadow\" href=\"https:\/\/twitter.com\/intent\/tweet?text=&amp;url=https:\/\/www.zunoticia.com\/noticias-de-hidalgo\/2025\/02\/27\/programan-cabalgata-y-caminata-por-el-dia-de-la-mujer\/\" target=\"_top\" rel=\"nofollow\"><span class=\"icon\"><\/span><span class=\"text\">Tweet<\/span><\/a><div class=\"onoffswitch2 mash-large mashsb-noshadow\" style=\"display:none\"><\/div><\/div>\n            <\/div>\n                <div style=\"clear:both\"><\/div><div class=\"mashsb-toggle-container\"><\/div><\/aside>\n            <!-- Share buttons by mashshare.net - Version: 4.0.47-->\n<p><em>Por Enedino Hern\u00e1ndez Alonso\/Zunoticia<\/em><\/p>\n\n\n\n<p><strong>Huejutla, Hgo. &#8211;<\/strong> Como parte de las acciones enfocadas a fortalecer la inspiraci\u00f3n, reflexi\u00f3n y el empoderamiento de la mujer, durante este fin de semana se llevar\u00e1 a cabo una cabalgata y caminata en esta ciudad de Huejutla de Reyes.<\/p>\n\n\n\n<p>La presidenta de la Fundaci\u00f3n Creando Al Mundo, Julia Hern\u00e1ndez, confirm\u00f3 que, al Sonido de las Mujeres se invita a las f\u00e9minas a unirse a estas actividades de la cabalgata y caminata.<\/p>\n\n\n\n<p>Se\u00f1al\u00f3 que, la cabalgata se ha programado para a las 17:00 horas, cinco de la tarde, del domingo 9 de marzo, inici\u00e1ndose en la carretera Huejutla -Chalahuiyapa, a la altura de los corrales de la Asociaci\u00f3n Ganadera frente a los terrenos de la Feria.<\/p>\n\n\n\n<p>La cabalgata pasar\u00e1 por la plazuela Ju\u00e1rez, ah\u00ed estar\u00e1n los contingentes que en caminata se unir\u00e1n para llegar a la plaza 21 de Mayo, en donde se realizar\u00e1 un evento cultural para conmemorar el D\u00eda Internacional de la Mujer.<\/p>\n","protected":false},"excerpt":{"rendered":"<p>Por Enedino Hern\u00e1ndez Alonso\/Zunoticia Huejutla, Hgo. &#8211; Como parte de las acciones enfocadas a fortalecer la inspiraci\u00f3n, reflexi\u00f3n y el empoderamiento de la mujer, durante este fin de semana se llevar\u00e1 a cabo una cabalgata y caminata en esta ciudad de Huejutla de Reyes. La presidenta de la Fundaci\u00f3n Creando Al Mundo, Julia Hern\u00e1ndez, confirm\u00f3&hellip; <a class=\"more-link\" href=\"https:\/\/www.zunoticia.com\/noticias-de-hidalgo\/2025\/02\/27\/programan-cabalgata-y-caminata-por-el-dia-de-la-mujer\/\">Seguir leyendo <span class=\"screen-reader-text\">Programan Cabalgata y caminata por el D\u00eda de la Mujer<\/span><\/a><\/p>\n","protected":false},"author":20,"featured_media":584584,"comment_status":"open","ping_status":"open","sticky":false,"template":"","format":"standard","meta":{"rop_custom_images_group":[],"rop_custom_messages_group":[],"rop_publish_now":"initial","rop_publish_now_accounts":{"facebook_10159540855086992_322828327761733":""},"rop_publish_now_history":[],"rop_publish_now_status":"pending","footnotes":""},"categories":[181],"tags":[121],"class_list":["post-584583","post","type-post","status-publish","format-standard","has-post-thumbnail","hentry","category-huejutla","tag-huejutla","entry"],"_links":{"self":[{"href":"https:\/\/www.zunoticia.com\/noticias-de-hidalgo\/wp-json\/wp\/v2\/posts\/584583","targetHints":{"allow":["GET"]}}],"collection":[{"href":"https:\/\/www.zunoticia.com\/noticias-de-hidalgo\/wp-json\/wp\/v2\/posts"}],"about":[{"href":"https:\/\/www.zunoticia.com\/noticias-de-hidalgo\/wp-json\/wp\/v2\/types\/post"}],"author":[{"embeddable":true,"href":"https:\/\/www.zunoticia.com\/noticias-de-hidalgo\/wp-json\/wp\/v2\/users\/20"}],"replies":[{"embeddable":true,"href":"https:\/\/www.zunoticia.com\/noticias-de-hidalgo\/wp-json\/wp\/v2\/comments?post=584583"}],"version-history":[{"count":1,"href":"https:\/\/www.zunoticia.com\/noticias-de-hidalgo\/wp-json\/wp\/v2\/posts\/584583\/revisions"}],"predecessor-version":[{"id":584585,"href":"https:\/\/www.zunoticia.com\/noticias-de-hidalgo\/wp-json\/wp\/v2\/posts\/584583\/revisions\/584585"}],"wp:featuredmedia":[{"embeddable":true,"href":"https:\/\/www.zunoticia.com\/noticias-de-hidalgo\/wp-json\/wp\/v2\/media\/584584"}],"wp:attachment":[{"href":"https:\/\/www.zunoticia.com\/noticias-de-hidalgo\/wp-json\/wp\/v2\/media?parent=584583"}],"wp:term":[{"taxonomy":"category","embeddable":true,"href":"https:\/\/www.zunoticia.com\/noticias-de-hidalgo\/wp-json\/wp\/v2\/categories?post=584583"},{"taxonomy":"post_tag","embeddable":true,"href":"https:\/\/www.zunoticia.com\/noticias-de-hidalgo\/wp-json\/wp\/v2\/tags?post=584583"}],"curies":[{"name":"wp","href":"https:\/\/api.w.org\/{rel}","templated":true}]}}