{"id":584593,"date":"2025-02-27T17:09:54","date_gmt":"2025-02-27T23:09:54","guid":{"rendered":"https:\/\/www.zunoticia.com\/noticias-de-hidalgo\/?p=584593"},"modified":"2025-02-27T17:09:56","modified_gmt":"2025-02-27T23:09:56","slug":"volco-camioneta-cargada-de-grava","status":"publish","type":"post","link":"https:\/\/www.zunoticia.com\/noticias-de-hidalgo\/2025\/02\/27\/volco-camioneta-cargada-de-grava\/","title":{"rendered":"Volc\u00f3 camioneta cargada de grava"},"content":{"rendered":"<aside class=\"mashsb-container mashsb-main mashsb-stretched\"><div class=\"mashsb-box\"><div class=\"mashsb-count mash-large\" style=\"float:left\"><div class=\"counts mashsbcount\">0<\/div><span class=\"mashsb-sharetext\">SHARES<\/span><\/div><div class=\"mashsb-buttons\"><a class=\"mashicon-facebook mash-large mash-center mashsb-noshadow\" href=\"https:\/\/www.facebook.com\/sharer.php?u=https%3A%2F%2Fwww.zunoticia.com%2Fnoticias-de-hidalgo%2F2025%2F02%2F27%2Fvolco-camioneta-cargada-de-grava%2F\" target=\"_top\" rel=\"nofollow\"><span class=\"icon\"><\/span><span class=\"text\">Share<\/span><\/a><a class=\"mashicon-twitter mash-large mash-center mashsb-noshadow\" href=\"https:\/\/twitter.com\/intent\/tweet?text=&amp;url=https:\/\/www.zunoticia.com\/noticias-de-hidalgo\/2025\/02\/27\/volco-camioneta-cargada-de-grava\/\" target=\"_top\" rel=\"nofollow\"><span class=\"icon\"><\/span><span class=\"text\">Tweet<\/span><\/a><div class=\"onoffswitch2 mash-large mashsb-noshadow\" style=\"display:none\"><\/div><\/div>\n            <\/div>\n                <div style=\"clear:both\"><\/div><div class=\"mashsb-toggle-container\"><\/div><\/aside>\n            <!-- Share buttons by mashshare.net - Version: 4.0.47-->\n<p><em>Por Roberto Ram\u00edrez \/Zunoticia<\/em><\/p>\n\n\n\n<p><strong>Huejutla, Hgo<\/strong>. &#8211; Una camioneta que iba cargada de grava y sub\u00eda una calle accidentada, en la colonia Adolfo L\u00f3pez Mateos, volc\u00f3 dejando da\u00f1os materiales, golpes leves al chofer y el copiloto, polic\u00edas municipales acudieron al lugar para tomar conocimiento de los hechos.<\/p>\n\n\n\n<p>Fue la tarde de este jueves cuando el veh\u00edculo de la marca Nissan, color blanco, que pretend\u00eda subir sobre la calle Iturbide, al tener una falla mec\u00e1nica y por su cargamento, se fue de reversa hasta terminar volcado; los ocupantes s\u00f3lo sufrieron contusiones.<\/p>\n\n\n\n<p>Elementos de la Secretar\u00eda de Seguridad P\u00fablica Municipal acudieron al lugar para intervenir en el hecho y ordenar el remolque de la unidad accidentada al corral\u00f3n. Accidente que solo dej\u00f3 cuantiosos da\u00f1os materiales.<\/p>\n\n\n\n<p>Por lo accidentado de esa calle, las maniobras de rescate del veh\u00edculo fueron muy dif\u00edciles y despu\u00e9s de dos horas lograron levantar la unidad.<\/p>\n\n\n\n<figure class=\"wp-block-gallery has-nested-images columns-default is-cropped wp-block-gallery-1 is-layout-flex wp-block-gallery-is-layout-flex\">\n<figure class=\"wp-block-image size-large\"><img fetchpriority=\"high\" decoding=\"async\" width=\"1040\" height=\"597\" data-id=\"584595\" src=\"https:\/\/www.zunoticia.com\/noticias-de-hidalgo\/wp-content\/uploads\/2025\/02\/WhatsApp-Image-2025-02-27-at-5.02.50-PM.jpeg\" alt=\"\" class=\"wp-image-584595\"\/><\/figure>\n\n\n\n<figure class=\"wp-block-image size-large\"><img decoding=\"async\" width=\"1152\" height=\"864\" data-id=\"584596\" src=\"https:\/\/www.zunoticia.com\/noticias-de-hidalgo\/wp-content\/uploads\/2025\/02\/WhatsApp-Image-2025-02-27-at-5.02.23-PM.jpeg\" alt=\"\" class=\"wp-image-584596\"\/><\/figure>\n<\/figure>\n","protected":false},"excerpt":{"rendered":"<p>Por Roberto Ram\u00edrez \/Zunoticia Huejutla, Hgo. &#8211; Una camioneta que iba cargada de grava y sub\u00eda una calle accidentada, en la colonia Adolfo L\u00f3pez Mateos, volc\u00f3 dejando da\u00f1os materiales, golpes leves al chofer y el copiloto, polic\u00edas municipales acudieron al lugar para tomar conocimiento de los hechos. Fue la tarde de este jueves cuando el&hellip; <a class=\"more-link\" href=\"https:\/\/www.zunoticia.com\/noticias-de-hidalgo\/2025\/02\/27\/volco-camioneta-cargada-de-grava\/\">Seguir leyendo <span class=\"screen-reader-text\">Volc\u00f3 camioneta cargada de grava<\/span><\/a><\/p>\n","protected":false},"author":20,"featured_media":584594,"comment_status":"open","ping_status":"open","sticky":false,"template":"","format":"standard","meta":{"rop_custom_images_group":[],"rop_custom_messages_group":[],"rop_publish_now":"initial","rop_publish_now_accounts":{"facebook_10159540855086992_322828327761733":""},"rop_publish_now_history":[],"rop_publish_now_status":"pending","footnotes":""},"categories":[178],"tags":[259],"class_list":["post-584593","post","type-post","status-publish","format-standard","has-post-thumbnail","hentry","category-policiaca","tag-policiaca","entry"],"_links":{"self":[{"href":"https:\/\/www.zunoticia.com\/noticias-de-hidalgo\/wp-json\/wp\/v2\/posts\/584593","targetHints":{"allow":["GET"]}}],"collection":[{"href":"https:\/\/www.zunoticia.com\/noticias-de-hidalgo\/wp-json\/wp\/v2\/posts"}],"about":[{"href":"https:\/\/www.zunoticia.com\/noticias-de-hidalgo\/wp-json\/wp\/v2\/types\/post"}],"author":[{"embeddable":true,"href":"https:\/\/www.zunoticia.com\/noticias-de-hidalgo\/wp-json\/wp\/v2\/users\/20"}],"replies":[{"embeddable":true,"href":"https:\/\/www.zunoticia.com\/noticias-de-hidalgo\/wp-json\/wp\/v2\/comments?post=584593"}],"version-history":[{"count":1,"href":"https:\/\/www.zunoticia.com\/noticias-de-hidalgo\/wp-json\/wp\/v2\/posts\/584593\/revisions"}],"predecessor-version":[{"id":584597,"href":"https:\/\/www.zunoticia.com\/noticias-de-hidalgo\/wp-json\/wp\/v2\/posts\/584593\/revisions\/584597"}],"wp:featuredmedia":[{"embeddable":true,"href":"https:\/\/www.zunoticia.com\/noticias-de-hidalgo\/wp-json\/wp\/v2\/media\/584594"}],"wp:attachment":[{"href":"https:\/\/www.zunoticia.com\/noticias-de-hidalgo\/wp-json\/wp\/v2\/media?parent=584593"}],"wp:term":[{"taxonomy":"category","embeddable":true,"href":"https:\/\/www.zunoticia.com\/noticias-de-hidalgo\/wp-json\/wp\/v2\/categories?post=584593"},{"taxonomy":"post_tag","embeddable":true,"href":"https:\/\/www.zunoticia.com\/noticias-de-hidalgo\/wp-json\/wp\/v2\/tags?post=584593"}],"curies":[{"name":"wp","href":"https:\/\/api.w.org\/{rel}","templated":true}]}}