{"id":584606,"date":"2025-02-27T17:43:31","date_gmt":"2025-02-27T23:43:31","guid":{"rendered":"https:\/\/www.zunoticia.com\/noticias-de-hidalgo\/?p=584606"},"modified":"2025-02-27T17:43:33","modified_gmt":"2025-02-27T23:43:33","slug":"personal-del-municipio-poda-arboles-ornamentales-del-parque-y-calles-principales","status":"publish","type":"post","link":"https:\/\/www.zunoticia.com\/noticias-de-hidalgo\/2025\/02\/27\/personal-del-municipio-poda-arboles-ornamentales-del-parque-y-calles-principales\/","title":{"rendered":"Personal del municipio poda \u00e1rboles ornamentales del parque y calles principales"},"content":{"rendered":"<aside class=\"mashsb-container mashsb-main mashsb-stretched\"><div class=\"mashsb-box\"><div class=\"mashsb-count mash-large\" style=\"float:left\"><div class=\"counts mashsbcount\">0<\/div><span class=\"mashsb-sharetext\">SHARES<\/span><\/div><div class=\"mashsb-buttons\"><a class=\"mashicon-facebook mash-large mash-center mashsb-noshadow\" href=\"https:\/\/www.facebook.com\/sharer.php?u=https%3A%2F%2Fwww.zunoticia.com%2Fnoticias-de-hidalgo%2F2025%2F02%2F27%2Fpersonal-del-municipio-poda-arboles-ornamentales-del-parque-y-calles-principales%2F\" target=\"_top\" rel=\"nofollow\"><span class=\"icon\"><\/span><span class=\"text\">Share<\/span><\/a><a class=\"mashicon-twitter mash-large mash-center mashsb-noshadow\" href=\"https:\/\/twitter.com\/intent\/tweet?text=&amp;url=https:\/\/www.zunoticia.com\/noticias-de-hidalgo\/2025\/02\/27\/personal-del-municipio-poda-arboles-ornamentales-del-parque-y-calles-principales\/\" target=\"_top\" rel=\"nofollow\"><span class=\"icon\"><\/span><span class=\"text\">Tweet<\/span><\/a><div class=\"onoffswitch2 mash-large mashsb-noshadow\" style=\"display:none\"><\/div><\/div>\n            <\/div>\n                <div style=\"clear:both\"><\/div><div class=\"mashsb-toggle-container\"><\/div><\/aside>\n            <!-- Share buttons by mashshare.net - Version: 4.0.47-->\n<p><em>Por Salvador Altamirano\/Zunoticia<\/em><\/p>\n\n\n\n<p><strong>Atlapexco, Hgo.-<\/strong> Con motivo de la proximidad de las celebraciones del Carnaval y fiesta patronal de San Jos\u00e9, personal al servicio del municipio lleva a cabo labores de ornamentaci\u00f3n en arbustos del Centro Hist\u00f3rico y \u00e1rboles de calles principales.<\/p>\n\n\n\n<p>Se ha observado durante estos d\u00edas previos, que en el parque se poda y da forma a los arbustos decorativos, y en las calles se corta la broza de los \u00e1rboles que han crecido en acotamientos e invaden las arterias.<\/p>\n\n\n\n<p>Al respecto, Juan Francisco Aguirre, quien refiri\u00f3 residir en el municipio, coment\u00f3 que con lo anterior se rejuvenece la imagen de la poblaci\u00f3n, ya que los \u00e1rboles desramados y podamos -dijo-, lucen espectaculares.<\/p>\n\n\n\n<p>Para finalizar, coment\u00f3 que, exceptuando el d\u00eda de plaza o tianguis, Atlapexco es de poco movimiento, pero es un pueblo tranquilo y muy aseado en donde da gusto vivir.<\/p>\n\n\n\n<figure class=\"wp-block-image size-full\"><img fetchpriority=\"high\" decoding=\"async\" width=\"933\" height=\"524\" src=\"https:\/\/www.zunoticia.com\/noticias-de-hidalgo\/wp-content\/uploads\/2025\/02\/Zunoticia-Huejutla-1-241.png\" alt=\"\" class=\"wp-image-584608\"\/><\/figure>\n","protected":false},"excerpt":{"rendered":"<p>Por Salvador Altamirano\/Zunoticia Atlapexco, Hgo.- Con motivo de la proximidad de las celebraciones del Carnaval y fiesta patronal de San Jos\u00e9, personal al servicio del municipio lleva a cabo labores de ornamentaci\u00f3n en arbustos del Centro Hist\u00f3rico y \u00e1rboles de calles principales. Se ha observado durante estos d\u00edas previos, que en el parque se poda&hellip; <a class=\"more-link\" href=\"https:\/\/www.zunoticia.com\/noticias-de-hidalgo\/2025\/02\/27\/personal-del-municipio-poda-arboles-ornamentales-del-parque-y-calles-principales\/\">Seguir leyendo <span class=\"screen-reader-text\">Personal del municipio poda \u00e1rboles ornamentales del parque y calles principales<\/span><\/a><\/p>\n","protected":false},"author":20,"featured_media":584607,"comment_status":"open","ping_status":"open","sticky":false,"template":"","format":"standard","meta":{"rop_custom_images_group":[],"rop_custom_messages_group":[],"rop_publish_now":"initial","rop_publish_now_accounts":{"facebook_10159540855086992_322828327761733":""},"rop_publish_now_history":[],"rop_publish_now_status":"pending","footnotes":""},"categories":[182,179],"tags":[133,229],"class_list":["post-584606","post","type-post","status-publish","format-standard","has-post-thumbnail","hentry","category-atlapexco","category-huasteca","tag-atlapexco","tag-huasteca","entry"],"_links":{"self":[{"href":"https:\/\/www.zunoticia.com\/noticias-de-hidalgo\/wp-json\/wp\/v2\/posts\/584606","targetHints":{"allow":["GET"]}}],"collection":[{"href":"https:\/\/www.zunoticia.com\/noticias-de-hidalgo\/wp-json\/wp\/v2\/posts"}],"about":[{"href":"https:\/\/www.zunoticia.com\/noticias-de-hidalgo\/wp-json\/wp\/v2\/types\/post"}],"author":[{"embeddable":true,"href":"https:\/\/www.zunoticia.com\/noticias-de-hidalgo\/wp-json\/wp\/v2\/users\/20"}],"replies":[{"embeddable":true,"href":"https:\/\/www.zunoticia.com\/noticias-de-hidalgo\/wp-json\/wp\/v2\/comments?post=584606"}],"version-history":[{"count":1,"href":"https:\/\/www.zunoticia.com\/noticias-de-hidalgo\/wp-json\/wp\/v2\/posts\/584606\/revisions"}],"predecessor-version":[{"id":584609,"href":"https:\/\/www.zunoticia.com\/noticias-de-hidalgo\/wp-json\/wp\/v2\/posts\/584606\/revisions\/584609"}],"wp:featuredmedia":[{"embeddable":true,"href":"https:\/\/www.zunoticia.com\/noticias-de-hidalgo\/wp-json\/wp\/v2\/media\/584607"}],"wp:attachment":[{"href":"https:\/\/www.zunoticia.com\/noticias-de-hidalgo\/wp-json\/wp\/v2\/media?parent=584606"}],"wp:term":[{"taxonomy":"category","embeddable":true,"href":"https:\/\/www.zunoticia.com\/noticias-de-hidalgo\/wp-json\/wp\/v2\/categories?post=584606"},{"taxonomy":"post_tag","embeddable":true,"href":"https:\/\/www.zunoticia.com\/noticias-de-hidalgo\/wp-json\/wp\/v2\/tags?post=584606"}],"curies":[{"name":"wp","href":"https:\/\/api.w.org\/{rel}","templated":true}]}}