{"id":584639,"date":"2025-02-27T21:17:59","date_gmt":"2025-02-28T03:17:59","guid":{"rendered":"https:\/\/www.zunoticia.com\/noticias-de-hidalgo\/?p=584639"},"modified":"2025-02-27T21:18:01","modified_gmt":"2025-02-28T03:18:01","slug":"celebra-edda-vite-la-formacion-y-aportacion-de-especialistas-para-la-salud-pediatrica-mexicana","status":"publish","type":"post","link":"https:\/\/www.zunoticia.com\/noticias-de-hidalgo\/2025\/02\/27\/celebra-edda-vite-la-formacion-y-aportacion-de-especialistas-para-la-salud-pediatrica-mexicana\/","title":{"rendered":"Celebra Edda Vite la formaci\u00f3n y aportaci\u00f3n de especialistas para la salud pedi\u00e1trica mexicana"},"content":{"rendered":"<aside class=\"mashsb-container mashsb-main mashsb-stretched\"><div class=\"mashsb-box\"><div class=\"mashsb-count mash-large\" style=\"float:left\"><div class=\"counts mashsbcount\">0<\/div><span class=\"mashsb-sharetext\">SHARES<\/span><\/div><div class=\"mashsb-buttons\"><a class=\"mashicon-facebook mash-large mash-center mashsb-noshadow\" href=\"https:\/\/www.facebook.com\/sharer.php?u=https%3A%2F%2Fwww.zunoticia.com%2Fnoticias-de-hidalgo%2F2025%2F02%2F27%2Fcelebra-edda-vite-la-formacion-y-aportacion-de-especialistas-para-la-salud-pediatrica-mexicana%2F\" target=\"_top\" rel=\"nofollow\"><span class=\"icon\"><\/span><span class=\"text\">Share<\/span><\/a><a class=\"mashicon-twitter mash-large mash-center mashsb-noshadow\" href=\"https:\/\/twitter.com\/intent\/tweet?text=&amp;url=https:\/\/www.zunoticia.com\/noticias-de-hidalgo\/2025\/02\/27\/celebra-edda-vite-la-formacion-y-aportacion-de-especialistas-para-la-salud-pediatrica-mexicana\/\" target=\"_top\" rel=\"nofollow\"><span class=\"icon\"><\/span><span class=\"text\">Tweet<\/span><\/a><div class=\"onoffswitch2 mash-large mashsb-noshadow\" style=\"display:none\"><\/div><\/div>\n            <\/div>\n                <div style=\"clear:both\"><\/div><div class=\"mashsb-toggle-container\"><\/div><\/aside>\n            <!-- Share buttons by mashshare.net - Version: 4.0.47-->\n<p><em>Por Redacci\u00f3n\/Zunoticia<\/em><\/p>\n\n\n\n<p><strong>Pachuca de Soto, Hgo.-<\/strong> &#8220;Cada tratamiento que ustedes aplican es una oportunidad para devolverle a un ni\u00f1o, ni\u00f1a o adolescente la sonrisa, la fuerza y la posibilidad de so\u00f1ar en grande. Su labor impactar\u00e1 vidas y familias, y eso es invaluable&#8221;, expres\u00f3 Edda Vite Ramos, presidenta del Patronato del Sistema DIF Hidalgo, durante la ceremonia de graduaci\u00f3n de 12 m\u00e9dicos residentes en las especialidades de pediatr\u00eda y odontopediatr\u00eda del Hospital del Ni\u00f1o DIFH (HNDIFH).<\/p>\n\n\n\n<figure class=\"wp-block-image size-full\"><img fetchpriority=\"high\" decoding=\"async\" width=\"1280\" height=\"971\" src=\"https:\/\/www.zunoticia.com\/noticias-de-hidalgo\/wp-content\/uploads\/2025\/02\/eZy-Watermark_27-02-2025_09-10-43-0480p.m.jpg\" alt=\"\" class=\"wp-image-584641\"\/><\/figure>\n\n\n\n<p>Edda Vite celebr\u00f3 el hecho de que profesionistas de estados como Monterrey, Oaxaca y Quer\u00e9taro, as\u00ed como de municipios como Huejutla, Actopan e Ixmiquilpan, hayan escogido al HNDIFH para continuar con su preparaci\u00f3n profesional. Al mismo tiempo, destac\u00f3 que, ahora, el DIF Hidalgo tiene m\u00e1s aliados en la atenci\u00f3n especializada hacia la ni\u00f1ez.<\/p>\n\n\n\n<figure class=\"wp-block-image size-full\"><img decoding=\"async\" width=\"1280\" height=\"718\" src=\"https:\/\/www.zunoticia.com\/noticias-de-hidalgo\/wp-content\/uploads\/2025\/02\/eZy-Watermark_27-02-2025_09-11-13-7280p.m.jpg\" alt=\"\" class=\"wp-image-584642\"\/><\/figure>\n\n\n\n<p>Precis\u00f3 que han elegido una de las profesiones m\u00e1s exigentes, en la que el sacrificio, el esfuerzo y el compromiso son fundamentales. La medicina no es solo una profesi\u00f3n; es una vocaci\u00f3n que requiere fortaleza y entrega.<\/p>\n\n\n\n<p>De igual forma, la presidenta del Patronato destac\u00f3 ante las familias de los reci\u00e9n graduados que el HNDIFH es el \u00fanico hospital de alta especialidad en el pa\u00eds que depende de un Sistema DIF Estatal. El costo de su operaci\u00f3n supera los 500 millones de pesos anuales, ya que es una instituci\u00f3n clave para garantizar que la ni\u00f1ez hidalguense que m\u00e1s lo necesita pueda acceder a servicios de salud de calidad.<\/p>\n\n\n\n<figure class=\"wp-block-image size-full\"><img decoding=\"async\" width=\"1280\" height=\"705\" src=\"https:\/\/www.zunoticia.com\/noticias-de-hidalgo\/wp-content\/uploads\/2025\/02\/eZy-Watermark_27-02-2025_09-10-59-0110p.m.jpg\" alt=\"\" class=\"wp-image-584643\"\/><\/figure>\n\n\n\n<p>Acompa\u00f1ada por Enrique Espinosa Aquino, director del Instituto de la Salud (ICSa), y C\u00e9sar Guti\u00e9rrez Ch\u00e1vez, director del HNDIFH, alent\u00f3 a los graduados de la generaci\u00f3n 2022-2025 a mantener su preparaci\u00f3n constante y actualizarse para enfrentar los desaf\u00edos m\u00e9dicos con excelencia.<\/p>\n\n\n\n<p>El evento cont\u00f3 con la presencia de autoridades m\u00e9dicas, docentes y familiares, quienes celebraron el logro de los graduados. Con esta nueva generaci\u00f3n de especialistas, el Sistema DIF Hidalgo reafirma su compromiso con la salud infantil y la formaci\u00f3n de profesionales altamente capacitados.<\/p>\n\n\n\n<p>Algunos de los graduados han decidido continuar sus estudios en la especialidad de neonatolog\u00eda, lo que refleja su compromiso de estos j\u00f3venes con la formaci\u00f3n continua y la mejora en la atenci\u00f3n infantil.<\/p>\n","protected":false},"excerpt":{"rendered":"<p>Por Redacci\u00f3n\/Zunoticia Pachuca de Soto, Hgo.- &#8220;Cada tratamiento que ustedes aplican es una oportunidad para devolverle a un ni\u00f1o, ni\u00f1a o adolescente la sonrisa, la fuerza y la posibilidad de so\u00f1ar en grande. Su labor impactar\u00e1 vidas y familias, y eso es invaluable&#8221;, expres\u00f3 Edda Vite Ramos, presidenta del Patronato del Sistema DIF Hidalgo, durante&hellip; <a class=\"more-link\" href=\"https:\/\/www.zunoticia.com\/noticias-de-hidalgo\/2025\/02\/27\/celebra-edda-vite-la-formacion-y-aportacion-de-especialistas-para-la-salud-pediatrica-mexicana\/\">Seguir leyendo <span class=\"screen-reader-text\">Celebra Edda Vite la formaci\u00f3n y aportaci\u00f3n de especialistas para la salud pedi\u00e1trica mexicana<\/span><\/a><\/p>\n","protected":false},"author":12,"featured_media":584644,"comment_status":"open","ping_status":"open","sticky":false,"template":"","format":"standard","meta":{"rop_custom_images_group":[],"rop_custom_messages_group":[],"rop_publish_now":"initial","rop_publish_now_accounts":{"facebook_10159540855086992_322828327761733":""},"rop_publish_now_history":[],"rop_publish_now_status":"pending","footnotes":""},"categories":[208],"tags":[214],"class_list":["post-584639","post","type-post","status-publish","format-standard","has-post-thumbnail","hentry","category-estado","tag-estado","entry"],"_links":{"self":[{"href":"https:\/\/www.zunoticia.com\/noticias-de-hidalgo\/wp-json\/wp\/v2\/posts\/584639","targetHints":{"allow":["GET"]}}],"collection":[{"href":"https:\/\/www.zunoticia.com\/noticias-de-hidalgo\/wp-json\/wp\/v2\/posts"}],"about":[{"href":"https:\/\/www.zunoticia.com\/noticias-de-hidalgo\/wp-json\/wp\/v2\/types\/post"}],"author":[{"embeddable":true,"href":"https:\/\/www.zunoticia.com\/noticias-de-hidalgo\/wp-json\/wp\/v2\/users\/12"}],"replies":[{"embeddable":true,"href":"https:\/\/www.zunoticia.com\/noticias-de-hidalgo\/wp-json\/wp\/v2\/comments?post=584639"}],"version-history":[{"count":1,"href":"https:\/\/www.zunoticia.com\/noticias-de-hidalgo\/wp-json\/wp\/v2\/posts\/584639\/revisions"}],"predecessor-version":[{"id":584646,"href":"https:\/\/www.zunoticia.com\/noticias-de-hidalgo\/wp-json\/wp\/v2\/posts\/584639\/revisions\/584646"}],"wp:featuredmedia":[{"embeddable":true,"href":"https:\/\/www.zunoticia.com\/noticias-de-hidalgo\/wp-json\/wp\/v2\/media\/584644"}],"wp:attachment":[{"href":"https:\/\/www.zunoticia.com\/noticias-de-hidalgo\/wp-json\/wp\/v2\/media?parent=584639"}],"wp:term":[{"taxonomy":"category","embeddable":true,"href":"https:\/\/www.zunoticia.com\/noticias-de-hidalgo\/wp-json\/wp\/v2\/categories?post=584639"},{"taxonomy":"post_tag","embeddable":true,"href":"https:\/\/www.zunoticia.com\/noticias-de-hidalgo\/wp-json\/wp\/v2\/tags?post=584639"}],"curies":[{"name":"wp","href":"https:\/\/api.w.org\/{rel}","templated":true}]}}