{"id":584647,"date":"2025-02-27T21:27:10","date_gmt":"2025-02-28T03:27:10","guid":{"rendered":"https:\/\/www.zunoticia.com\/noticias-de-hidalgo\/?p=584647"},"modified":"2025-02-27T21:27:11","modified_gmt":"2025-02-28T03:27:11","slug":"cerca-del-80-de-la-poblacion-padece-caries","status":"publish","type":"post","link":"https:\/\/www.zunoticia.com\/noticias-de-hidalgo\/2025\/02\/27\/cerca-del-80-de-la-poblacion-padece-caries\/","title":{"rendered":"Cerca del 80% de la poblaci\u00f3n padece caries"},"content":{"rendered":"<aside class=\"mashsb-container mashsb-main mashsb-stretched\"><div class=\"mashsb-box\"><div class=\"mashsb-count mash-large\" style=\"float:left\"><div class=\"counts mashsbcount\">0<\/div><span class=\"mashsb-sharetext\">SHARES<\/span><\/div><div class=\"mashsb-buttons\"><a class=\"mashicon-facebook mash-large mash-center mashsb-noshadow\" href=\"https:\/\/www.facebook.com\/sharer.php?u=https%3A%2F%2Fwww.zunoticia.com%2Fnoticias-de-hidalgo%2F2025%2F02%2F27%2Fcerca-del-80-de-la-poblacion-padece-caries%2F\" target=\"_top\" rel=\"nofollow\"><span class=\"icon\"><\/span><span class=\"text\">Share<\/span><\/a><a class=\"mashicon-twitter mash-large mash-center mashsb-noshadow\" href=\"https:\/\/twitter.com\/intent\/tweet?text=&amp;url=https:\/\/www.zunoticia.com\/noticias-de-hidalgo\/2025\/02\/27\/cerca-del-80-de-la-poblacion-padece-caries\/\" target=\"_top\" rel=\"nofollow\"><span class=\"icon\"><\/span><span class=\"text\">Tweet<\/span><\/a><div class=\"onoffswitch2 mash-large mashsb-noshadow\" style=\"display:none\"><\/div><\/div>\n            <\/div>\n                <div style=\"clear:both\"><\/div><div class=\"mashsb-toggle-container\"><\/div><\/aside>\n            <!-- Share buttons by mashshare.net - Version: 4.0.47-->\n<p><em>Por Redacci\u00f3n\/Zunoticia<\/em><\/p>\n\n\n\n<p><strong>Yahualica, Hgo.-<\/strong> De acuerdo con los resultados de los m\u00e9dicos adscritos a la Universidad Aut\u00f3noma de la Ciudad de M\u00e9xico, entre un 70 y 80% de la poblaci\u00f3n tiene el problema de la caries dental.<\/p>\n\n\n\n<p>En su visita a los poblados de este municipio, la brigada m\u00e9dica se\u00f1al\u00f3 que, la falta de h\u00e1bitos de higiene bucal es un factor predisponente para el desarrollo de esta enfermedad.<\/p>\n\n\n\n<p>El Odont\u00f3logo Cristian Redol\u00f3n Escamilla explic\u00f3, \u201cEl acudir a temprana edad con el dentista tambi\u00e9n es determinante para que las cifras se encuentren elevadas, puesto que la poblaci\u00f3n m\u00e1s vulnerable todav\u00eda son los ni\u00f1os de los 5 a los 13 a\u00f1os, debido a que es cuando m\u00e1s se tiene la ingesta de alimentos chatarra, ricos en az\u00facares, que eleva por supuesto este tipo de problemas\u201d, subray\u00f3.<\/p>\n\n\n\n<p>Precis\u00f3 que, la p\u00e9rdida temprana de piezas dentarias por esta enfermedad conlleva a problemas de salud e incluso ausentismo escolar, porque presentan dolores o faltan peri\u00f3dicamente, aparte de los gastos en atenci\u00f3n, lo que se pudiera evitar al tener buenos h\u00e1bitos y visitas frecuentes con el dentista para detectar a tiempo este tipo de situaciones.<\/p>\n\n\n\n<p>Prosigui\u00f3, \u201cSabemos que la Secretar\u00eda de Salud tiene un programa preventivo que se lleva a las escuelas, en donde les llevan charlas a estudiantes para explicarles qu\u00e9 es la salud bucal, los problemas que pueden presentar si no tienen un aseo adecuado y constante y posteriormente se les ense\u00f1a la t\u00e9cnica del cepillado, la detecci\u00f3n de placa dentobacteriana y aplicaci\u00f3n de fl\u00faor para inhibir este proceso carioso, pero, definitivamente, es muy importante que los ni\u00f1os adquieran una cultura bucal\u201d, finaliz\u00f3.<\/p>\n","protected":false},"excerpt":{"rendered":"<p>Por Redacci\u00f3n\/Zunoticia Yahualica, Hgo.- De acuerdo con los resultados de los m\u00e9dicos adscritos a la Universidad Aut\u00f3noma de la Ciudad de M\u00e9xico, entre un 70 y 80% de la poblaci\u00f3n tiene el problema de la caries dental. En su visita a los poblados de este municipio, la brigada m\u00e9dica se\u00f1al\u00f3 que, la falta de h\u00e1bitos&hellip; <a class=\"more-link\" href=\"https:\/\/www.zunoticia.com\/noticias-de-hidalgo\/2025\/02\/27\/cerca-del-80-de-la-poblacion-padece-caries\/\">Seguir leyendo <span class=\"screen-reader-text\">Cerca del 80% de la poblaci\u00f3n padece caries<\/span><\/a><\/p>\n","protected":false},"author":12,"featured_media":584632,"comment_status":"open","ping_status":"open","sticky":false,"template":"","format":"standard","meta":{"rop_custom_images_group":[],"rop_custom_messages_group":[],"rop_publish_now":"initial","rop_publish_now_accounts":{"facebook_10159540855086992_322828327761733":""},"rop_publish_now_history":[],"rop_publish_now_status":"pending","footnotes":""},"categories":[179,203],"tags":[123],"class_list":["post-584647","post","type-post","status-publish","format-standard","has-post-thumbnail","hentry","category-huasteca","category-yahualica","tag-yahualica","entry"],"_links":{"self":[{"href":"https:\/\/www.zunoticia.com\/noticias-de-hidalgo\/wp-json\/wp\/v2\/posts\/584647","targetHints":{"allow":["GET"]}}],"collection":[{"href":"https:\/\/www.zunoticia.com\/noticias-de-hidalgo\/wp-json\/wp\/v2\/posts"}],"about":[{"href":"https:\/\/www.zunoticia.com\/noticias-de-hidalgo\/wp-json\/wp\/v2\/types\/post"}],"author":[{"embeddable":true,"href":"https:\/\/www.zunoticia.com\/noticias-de-hidalgo\/wp-json\/wp\/v2\/users\/12"}],"replies":[{"embeddable":true,"href":"https:\/\/www.zunoticia.com\/noticias-de-hidalgo\/wp-json\/wp\/v2\/comments?post=584647"}],"version-history":[{"count":1,"href":"https:\/\/www.zunoticia.com\/noticias-de-hidalgo\/wp-json\/wp\/v2\/posts\/584647\/revisions"}],"predecessor-version":[{"id":584650,"href":"https:\/\/www.zunoticia.com\/noticias-de-hidalgo\/wp-json\/wp\/v2\/posts\/584647\/revisions\/584650"}],"wp:featuredmedia":[{"embeddable":true,"href":"https:\/\/www.zunoticia.com\/noticias-de-hidalgo\/wp-json\/wp\/v2\/media\/584632"}],"wp:attachment":[{"href":"https:\/\/www.zunoticia.com\/noticias-de-hidalgo\/wp-json\/wp\/v2\/media?parent=584647"}],"wp:term":[{"taxonomy":"category","embeddable":true,"href":"https:\/\/www.zunoticia.com\/noticias-de-hidalgo\/wp-json\/wp\/v2\/categories?post=584647"},{"taxonomy":"post_tag","embeddable":true,"href":"https:\/\/www.zunoticia.com\/noticias-de-hidalgo\/wp-json\/wp\/v2\/tags?post=584647"}],"curies":[{"name":"wp","href":"https:\/\/api.w.org\/{rel}","templated":true}]}}