{"id":584804,"date":"2025-03-01T16:11:44","date_gmt":"2025-03-01T22:11:44","guid":{"rendered":"https:\/\/www.zunoticia.com\/noticias-de-hidalgo\/?p=584804"},"modified":"2025-03-01T16:11:46","modified_gmt":"2025-03-01T22:11:46","slug":"seph-y-snte-conmemoran-61-aniversario-de-la-educacion-indigena","status":"publish","type":"post","link":"https:\/\/www.zunoticia.com\/noticias-de-hidalgo\/2025\/03\/01\/seph-y-snte-conmemoran-61-aniversario-de-la-educacion-indigena\/","title":{"rendered":"SEPH y SNTE conmemoran 61 Aniversario de la Educaci\u00f3n Ind\u00edgena"},"content":{"rendered":"<aside class=\"mashsb-container mashsb-main mashsb-stretched\"><div class=\"mashsb-box\"><div class=\"mashsb-count mash-large\" style=\"float:left\"><div class=\"counts mashsbcount\">0<\/div><span class=\"mashsb-sharetext\">SHARES<\/span><\/div><div class=\"mashsb-buttons\"><a class=\"mashicon-facebook mash-large mash-center mashsb-noshadow\" href=\"https:\/\/www.facebook.com\/sharer.php?u=https%3A%2F%2Fwww.zunoticia.com%2Fnoticias-de-hidalgo%2F2025%2F03%2F01%2Fseph-y-snte-conmemoran-61-aniversario-de-la-educacion-indigena%2F\" target=\"_top\" rel=\"nofollow\"><span class=\"icon\"><\/span><span class=\"text\">Share<\/span><\/a><a class=\"mashicon-twitter mash-large mash-center mashsb-noshadow\" href=\"https:\/\/twitter.com\/intent\/tweet?text=&amp;url=https:\/\/www.zunoticia.com\/noticias-de-hidalgo\/2025\/03\/01\/seph-y-snte-conmemoran-61-aniversario-de-la-educacion-indigena\/\" target=\"_top\" rel=\"nofollow\"><span class=\"icon\"><\/span><span class=\"text\">Tweet<\/span><\/a><div class=\"onoffswitch2 mash-large mashsb-noshadow\" style=\"display:none\"><\/div><\/div>\n            <\/div>\n                <div style=\"clear:both\"><\/div><div class=\"mashsb-toggle-container\"><\/div><\/aside>\n            <!-- Share buttons by mashshare.net - Version: 4.0.47-->\n<ul class=\"wp-block-list\">\n<li>Rindieron homenaje a la labor de los docentes que impulsan la educaci\u00f3n ind\u00edgena en Hidalgo.<\/li>\n<\/ul>\n\n\n\n<p><em>Por Redacci\u00f3n\/Zunoticia<\/em><\/p>\n\n\n\n<p><strong>Pachuca de Soto, Hgo.-<\/strong> El secretario de Educaci\u00f3n P\u00fablica de Hidalgo, Natividad Castrej\u00f3n Valdez, y el secretario general de la secci\u00f3n 15 del Sindicato Nacional de Trabajadores de la Educaci\u00f3n (SNTE), Said Vargas S\u00e1enz, reconocieron el trabajo que realizan las y los docentes que imparten su conocimiento a ni\u00f1as y ni\u00f1os que viven en las regiones m\u00e1s apartadas del pa\u00eds y del estado.&nbsp;<\/p>\n\n\n\n<p>Lo anterior, en las actividades que se realizaron en el Valle del Mezquital para conmemorar el 61 Aniversario de la Educaci\u00f3n Ind\u00edgena, de la cual el Estado de Hidalgo fue pionero.&nbsp;<\/p>\n\n\n\n<p>Natividad Castrej\u00f3n resalt\u00f3 la labor de miles de docentes que han trabajado incansablemente durante seis d\u00e9cadas en el servicio educativo, demostrando una vocaci\u00f3n, entrega y responsabilidad ejemplar, &#8220;ustedes docentes demuestran un gran compromiso con sus comunidades, preservando y fomentando la identidad, el amor a sus lenguas originarias, las costumbres, culturas, cosmovisi\u00f3n y orgullo de ni\u00f1as y ni\u00f1os del estado&#8221;.&nbsp;<\/p>\n\n\n\n<p>Por su parte, Said Vargas destac\u00f3 que la educaci\u00f3n ind\u00edgena refuerza valores, lenguas, y tradiciones, y promueve el fortalecimiento de la pr\u00e1ctica docente basada en la Nueva Escuela Mexicana (NEM), \u201cagradezco a las y los docentes por recuperar con sus m\u00faltiples actividades la lengua materna, esto impacta en la educaci\u00f3n ind\u00edgena&#8221;.<\/p>\n\n\n\n<p>Por su parte, el presidente municipal de Ixmiquilpan, Emmanuel Hern\u00e1ndez Pascual, puntualiz\u00f3 la importancia de fortalecer el tejido social y se\u00f1al\u00f3 que la educaci\u00f3n ind\u00edgena es fundamental para transformar el pa\u00eds y la entidad.<\/p>\n\n\n\n<p><br><br>Feria Pluricultural Deportiva San Salvador 2025<\/p>\n\n\n\n<p>El secretario de Educaci\u00f3n P\u00fablica de Hidalgo, acompa\u00f1\u00f3 al presidente del municipio de San Salvador Norberto Mart\u00ednez Cruz, para dar el banderazo de salida de la carrera de ciclismo y la presentaci\u00f3n de la banda de la escuela secundaria T\u00e9cnica 14 de Tepatepec, como parte de las actividades que se realizan en la Feria Pluricultural Deportiva San Salvador 2025.<\/p>\n\n\n\n<p>En este evento estuvieron presentes la diputada local y presidenta de la Comisi\u00f3n de la Ni\u00f1ez, la Juventud, el Deporte y la Familia Karla Perales Arrieta; la subsecretar\u00eda de Educaci\u00f3n B\u00e1sica, Nancy Adriana Le\u00f3n Vite; el representante del Comit\u00e9 Ejecutivo Nacional del SNTE en Hidalgo, Jes\u00fas Jaime Roch\u00edn Carrillo; el diputado Local Jos\u00e9 Mar\u00eda Alejandro P\u00e9rez Ram\u00edrez; el secretario del Trabajo y Conflictos de Primaria Ind\u00edgena de la secci\u00f3n 15 del SNTE, Artemio Monterrubio Hern\u00e1ndez.<\/p>\n","protected":false},"excerpt":{"rendered":"<p>Por Redacci\u00f3n\/Zunoticia Pachuca de Soto, Hgo.- El secretario de Educaci\u00f3n P\u00fablica de Hidalgo, Natividad Castrej\u00f3n Valdez, y el secretario general de la secci\u00f3n 15 del Sindicato Nacional de Trabajadores de la Educaci\u00f3n (SNTE), Said Vargas S\u00e1enz, reconocieron el trabajo que realizan las y los docentes que imparten su conocimiento a ni\u00f1as y ni\u00f1os que viven&hellip; <a class=\"more-link\" href=\"https:\/\/www.zunoticia.com\/noticias-de-hidalgo\/2025\/03\/01\/seph-y-snte-conmemoran-61-aniversario-de-la-educacion-indigena\/\">Seguir leyendo <span class=\"screen-reader-text\">SEPH y SNTE conmemoran 61 Aniversario de la Educaci\u00f3n Ind\u00edgena<\/span><\/a><\/p>\n","protected":false},"author":20,"featured_media":584805,"comment_status":"open","ping_status":"open","sticky":false,"template":"","format":"standard","meta":{"rop_custom_images_group":[],"rop_custom_messages_group":[],"rop_publish_now":"initial","rop_publish_now_accounts":{"facebook_10159540855086992_322828327761733":""},"rop_publish_now_history":[],"rop_publish_now_status":"pending","footnotes":""},"categories":[181],"tags":[121],"class_list":["post-584804","post","type-post","status-publish","format-standard","has-post-thumbnail","hentry","category-huejutla","tag-huejutla","entry"],"_links":{"self":[{"href":"https:\/\/www.zunoticia.com\/noticias-de-hidalgo\/wp-json\/wp\/v2\/posts\/584804","targetHints":{"allow":["GET"]}}],"collection":[{"href":"https:\/\/www.zunoticia.com\/noticias-de-hidalgo\/wp-json\/wp\/v2\/posts"}],"about":[{"href":"https:\/\/www.zunoticia.com\/noticias-de-hidalgo\/wp-json\/wp\/v2\/types\/post"}],"author":[{"embeddable":true,"href":"https:\/\/www.zunoticia.com\/noticias-de-hidalgo\/wp-json\/wp\/v2\/users\/20"}],"replies":[{"embeddable":true,"href":"https:\/\/www.zunoticia.com\/noticias-de-hidalgo\/wp-json\/wp\/v2\/comments?post=584804"}],"version-history":[{"count":1,"href":"https:\/\/www.zunoticia.com\/noticias-de-hidalgo\/wp-json\/wp\/v2\/posts\/584804\/revisions"}],"predecessor-version":[{"id":584806,"href":"https:\/\/www.zunoticia.com\/noticias-de-hidalgo\/wp-json\/wp\/v2\/posts\/584804\/revisions\/584806"}],"wp:featuredmedia":[{"embeddable":true,"href":"https:\/\/www.zunoticia.com\/noticias-de-hidalgo\/wp-json\/wp\/v2\/media\/584805"}],"wp:attachment":[{"href":"https:\/\/www.zunoticia.com\/noticias-de-hidalgo\/wp-json\/wp\/v2\/media?parent=584804"}],"wp:term":[{"taxonomy":"category","embeddable":true,"href":"https:\/\/www.zunoticia.com\/noticias-de-hidalgo\/wp-json\/wp\/v2\/categories?post=584804"},{"taxonomy":"post_tag","embeddable":true,"href":"https:\/\/www.zunoticia.com\/noticias-de-hidalgo\/wp-json\/wp\/v2\/tags?post=584804"}],"curies":[{"name":"wp","href":"https:\/\/api.w.org\/{rel}","templated":true}]}}