{"id":584813,"date":"2025-03-01T17:55:23","date_gmt":"2025-03-01T23:55:23","guid":{"rendered":"https:\/\/www.zunoticia.com\/noticias-de-hidalgo\/?p=584813"},"modified":"2025-03-01T17:55:24","modified_gmt":"2025-03-01T23:55:24","slug":"alumnos-de-la-huasteca-acudiran-a-conferencia-y-congreso-en-pachuca","status":"publish","type":"post","link":"https:\/\/www.zunoticia.com\/noticias-de-hidalgo\/2025\/03\/01\/alumnos-de-la-huasteca-acudiran-a-conferencia-y-congreso-en-pachuca\/","title":{"rendered":"Alumnos de la huasteca acudir\u00e1n a conferencia y congreso en Pachuca"},"content":{"rendered":"<aside class=\"mashsb-container mashsb-main mashsb-stretched\"><div class=\"mashsb-box\"><div class=\"mashsb-count mash-large\" style=\"float:left\"><div class=\"counts mashsbcount\">0<\/div><span class=\"mashsb-sharetext\">SHARES<\/span><\/div><div class=\"mashsb-buttons\"><a class=\"mashicon-facebook mash-large mash-center mashsb-noshadow\" href=\"https:\/\/www.facebook.com\/sharer.php?u=https%3A%2F%2Fwww.zunoticia.com%2Fnoticias-de-hidalgo%2F2025%2F03%2F01%2Falumnos-de-la-huasteca-acudiran-a-conferencia-y-congreso-en-pachuca%2F\" target=\"_top\" rel=\"nofollow\"><span class=\"icon\"><\/span><span class=\"text\">Share<\/span><\/a><a class=\"mashicon-twitter mash-large mash-center mashsb-noshadow\" href=\"https:\/\/twitter.com\/intent\/tweet?text=&amp;url=https:\/\/www.zunoticia.com\/noticias-de-hidalgo\/2025\/03\/01\/alumnos-de-la-huasteca-acudiran-a-conferencia-y-congreso-en-pachuca\/\" target=\"_top\" rel=\"nofollow\"><span class=\"icon\"><\/span><span class=\"text\">Tweet<\/span><\/a><div class=\"onoffswitch2 mash-large mashsb-noshadow\" style=\"display:none\"><\/div><\/div>\n            <\/div>\n                <div style=\"clear:both\"><\/div><div class=\"mashsb-toggle-container\"><\/div><\/aside>\n            <!-- Share buttons by mashshare.net - Version: 4.0.47-->\n<p><em>Por Enedino Hern\u00e1ndez Alonso\/Zunoticia<\/em><\/p>\n\n\n\n<p><strong>Huejutla, Hgo<\/strong>.- M\u00e1s de un centenar de alumnos de esta zona de la huasteca se preparan para participar en una Conferencia y en un Congreso Estudiantil, para renovar la dirigencia de la Federaci\u00f3n Nacional de Estudiantes Revolucionarios \u201cRafael Ram\u00edrez\u201d (FNERRR).<\/p>\n\n\n\n<p>F\u00e9lix Bautista Hern\u00e1ndez, quien es estudiante y morador del Albergue \u201cFelipe \u00c1ngeles\u201d en Huejutla, se\u00f1al\u00f3 que, la Conferencia y el Congreso Estudiantil se ha programado para el s\u00e1bado 8 de marzo en la ciudad de Pachuca.<\/p>\n\n\n\n<p>Adelant\u00f3 que, a estas actividades se espera que acudan alumnos de diversas instituciones de la huasteca, en especial de quienes son moradores del Albergue Estudiantil de Huejutla y del Bachillerato Nicol\u00e1s Romero, Plantel Ixcatepec.<\/p>\n\n\n\n<p>Dijo que, primeramente, los alumnos participar\u00e1n en una conferencia y posteriormente, quienes son integrantes de la FNERRR participar\u00e1n en un congreso en donde se proceder\u00e1 a elegir a la nueva dirigencia.<\/p>\n\n\n\n<p>F\u00e9lix Bautista, hizo un llamado a los j\u00f3venes para que se preparen y acudan a esta actividad, en donde elegir\u00e1n a sus representantes y, sobre todo, para que sigan en la lucha que se tiene para obtener respuestas a las necesidades.<\/p>\n\n\n\n<p>Concluy\u00f3 que, son diversas las necesidades que se tienen en el Albergue Estudiantil en Huejutla y en el Bachillerato Nicol\u00e1s Romero de Ixcatepec, en donde se requiere de aulas, insumos, infraestructura, entre otras cosas.<\/p>\n\n\n\n<p><\/p>\n","protected":false},"excerpt":{"rendered":"<p>Por Enedino Hern\u00e1ndez Alonso\/Zunoticia Huejutla, Hgo.- M\u00e1s de un centenar de alumnos de esta zona de la huasteca se preparan para participar en una Conferencia y en un Congreso Estudiantil, para renovar la dirigencia de la Federaci\u00f3n Nacional de Estudiantes Revolucionarios \u201cRafael Ram\u00edrez\u201d (FNERRR). F\u00e9lix Bautista Hern\u00e1ndez, quien es estudiante y morador del Albergue \u201cFelipe&hellip; <a class=\"more-link\" href=\"https:\/\/www.zunoticia.com\/noticias-de-hidalgo\/2025\/03\/01\/alumnos-de-la-huasteca-acudiran-a-conferencia-y-congreso-en-pachuca\/\">Seguir leyendo <span class=\"screen-reader-text\">Alumnos de la huasteca acudir\u00e1n a conferencia y congreso en Pachuca<\/span><\/a><\/p>\n","protected":false},"author":20,"featured_media":584814,"comment_status":"open","ping_status":"open","sticky":false,"template":"","format":"standard","meta":{"rop_custom_images_group":[],"rop_custom_messages_group":[],"rop_publish_now":"initial","rop_publish_now_accounts":{"facebook_10159540855086992_322828327761733":""},"rop_publish_now_history":[],"rop_publish_now_status":"pending","footnotes":""},"categories":[179],"tags":[229],"class_list":["post-584813","post","type-post","status-publish","format-standard","has-post-thumbnail","hentry","category-huasteca","tag-huasteca","entry"],"_links":{"self":[{"href":"https:\/\/www.zunoticia.com\/noticias-de-hidalgo\/wp-json\/wp\/v2\/posts\/584813","targetHints":{"allow":["GET"]}}],"collection":[{"href":"https:\/\/www.zunoticia.com\/noticias-de-hidalgo\/wp-json\/wp\/v2\/posts"}],"about":[{"href":"https:\/\/www.zunoticia.com\/noticias-de-hidalgo\/wp-json\/wp\/v2\/types\/post"}],"author":[{"embeddable":true,"href":"https:\/\/www.zunoticia.com\/noticias-de-hidalgo\/wp-json\/wp\/v2\/users\/20"}],"replies":[{"embeddable":true,"href":"https:\/\/www.zunoticia.com\/noticias-de-hidalgo\/wp-json\/wp\/v2\/comments?post=584813"}],"version-history":[{"count":1,"href":"https:\/\/www.zunoticia.com\/noticias-de-hidalgo\/wp-json\/wp\/v2\/posts\/584813\/revisions"}],"predecessor-version":[{"id":584815,"href":"https:\/\/www.zunoticia.com\/noticias-de-hidalgo\/wp-json\/wp\/v2\/posts\/584813\/revisions\/584815"}],"wp:featuredmedia":[{"embeddable":true,"href":"https:\/\/www.zunoticia.com\/noticias-de-hidalgo\/wp-json\/wp\/v2\/media\/584814"}],"wp:attachment":[{"href":"https:\/\/www.zunoticia.com\/noticias-de-hidalgo\/wp-json\/wp\/v2\/media?parent=584813"}],"wp:term":[{"taxonomy":"category","embeddable":true,"href":"https:\/\/www.zunoticia.com\/noticias-de-hidalgo\/wp-json\/wp\/v2\/categories?post=584813"},{"taxonomy":"post_tag","embeddable":true,"href":"https:\/\/www.zunoticia.com\/noticias-de-hidalgo\/wp-json\/wp\/v2\/tags?post=584813"}],"curies":[{"name":"wp","href":"https:\/\/api.w.org\/{rel}","templated":true}]}}