{"id":584819,"date":"2025-03-01T18:14:17","date_gmt":"2025-03-02T00:14:17","guid":{"rendered":"https:\/\/www.zunoticia.com\/noticias-de-hidalgo\/?p=584819"},"modified":"2025-03-01T18:14:19","modified_gmt":"2025-03-02T00:14:19","slug":"considera-lider-de-la-uctahh-positiva-la-alineacion-del-tianguis-dominical","status":"publish","type":"post","link":"https:\/\/www.zunoticia.com\/noticias-de-hidalgo\/2025\/03\/01\/considera-lider-de-la-uctahh-positiva-la-alineacion-del-tianguis-dominical\/","title":{"rendered":"Considera l\u00edder de la UCTAHH positiva la alineaci\u00f3n del tianguis dominical"},"content":{"rendered":"<aside class=\"mashsb-container mashsb-main mashsb-stretched\"><div class=\"mashsb-box\"><div class=\"mashsb-count mash-large\" style=\"float:left\"><div class=\"counts mashsbcount\">0<\/div><span class=\"mashsb-sharetext\">SHARES<\/span><\/div><div class=\"mashsb-buttons\"><a class=\"mashicon-facebook mash-large mash-center mashsb-noshadow\" href=\"https:\/\/www.facebook.com\/sharer.php?u=https%3A%2F%2Fwww.zunoticia.com%2Fnoticias-de-hidalgo%2F2025%2F03%2F01%2Fconsidera-lider-de-la-uctahh-positiva-la-alineacion-del-tianguis-dominical%2F\" target=\"_top\" rel=\"nofollow\"><span class=\"icon\"><\/span><span class=\"text\">Share<\/span><\/a><a class=\"mashicon-twitter mash-large mash-center mashsb-noshadow\" href=\"https:\/\/twitter.com\/intent\/tweet?text=&amp;url=https:\/\/www.zunoticia.com\/noticias-de-hidalgo\/2025\/03\/01\/considera-lider-de-la-uctahh-positiva-la-alineacion-del-tianguis-dominical\/\" target=\"_top\" rel=\"nofollow\"><span class=\"icon\"><\/span><span class=\"text\">Tweet<\/span><\/a><div class=\"onoffswitch2 mash-large mashsb-noshadow\" style=\"display:none\"><\/div><\/div>\n            <\/div>\n                <div style=\"clear:both\"><\/div><div class=\"mashsb-toggle-container\"><\/div><\/aside>\n            <!-- Share buttons by mashshare.net - Version: 4.0.47-->\n<p>Por Enedino Hern\u00e1ndez Alonso\/Zunoticia<\/p>\n\n\n\n<p><strong>Huejutla, Hgo.<\/strong>&#8211; El coordinador general de la Uni\u00f3n de Comerciantes Tianguistas y Ambulantes de la Huasteca Hidalguense (UCTAHH), Antonio Ramos, consider\u00f3 como positivo el proceso de \u201calineaci\u00f3n\u201d que actualmente realizan las autoridades competentes en el tianguis dominical.<\/p>\n\n\n\n<p>Expuso que, con toda oportunidad personal del \u00e1rea de Reglamentos de la Presidencia Municipal de Huejutla y directivos de las organizaciones de comerciantes han realizado domingo a domingo recorridos para alinear a quienes expenden diversos productos en el tianguis dominical.<\/p>\n\n\n\n<p>Dijo que, los recorridos se han realizado por las calles Eloxochitl\u00e1n, las avenidas M\u00e9xico y Nuevo Le\u00f3n y calles aleda\u00f1as al Mercado de Huejutla; los comerciantes han acatado las instrucciones para su alineaci\u00f3n adecu\u00e1ndose a las medidas correspondientes, con sus estructuras y lonas requeridas.<\/p>\n\n\n\n<p>Subray\u00f3 que, la gran mayor\u00eda de los comerciantes que normalmente se ponen entre semana, cumplen con las recomendaciones que han emitido las autoridades municipales, y se espera a quienes trabajan los domingos para que tambi\u00e9n hagan lo propio.<\/p>\n\n\n\n<p>Antonio Ramos, afirm\u00f3 que, se ha observado que en estos \u00faltimos domingos de tianguis ya se tiene un poco m\u00e1s de espacio para que los clientes puedan caminar y comprar sus cosas, por lo que dijo, conf\u00eda que todos cumplan con las recomendaciones para una mayor seguridad y tranquilidad.<\/p>\n","protected":false},"excerpt":{"rendered":"<p>Por Enedino Hern\u00e1ndez Alonso\/Zunoticia Huejutla, Hgo.&#8211; El coordinador general de la Uni\u00f3n de Comerciantes Tianguistas y Ambulantes de la Huasteca Hidalguense (UCTAHH), Antonio Ramos, consider\u00f3 como positivo el proceso de \u201calineaci\u00f3n\u201d que actualmente realizan las autoridades competentes en el tianguis dominical. Expuso que, con toda oportunidad personal del \u00e1rea de Reglamentos de la Presidencia Municipal&hellip; <a class=\"more-link\" href=\"https:\/\/www.zunoticia.com\/noticias-de-hidalgo\/2025\/03\/01\/considera-lider-de-la-uctahh-positiva-la-alineacion-del-tianguis-dominical\/\">Seguir leyendo <span class=\"screen-reader-text\">Considera l\u00edder de la UCTAHH positiva la alineaci\u00f3n del tianguis dominical<\/span><\/a><\/p>\n","protected":false},"author":20,"featured_media":584820,"comment_status":"open","ping_status":"open","sticky":false,"template":"","format":"standard","meta":{"rop_custom_images_group":[],"rop_custom_messages_group":[],"rop_publish_now":"initial","rop_publish_now_accounts":{"facebook_10159540855086992_322828327761733":""},"rop_publish_now_history":[],"rop_publish_now_status":"pending","footnotes":""},"categories":[181],"tags":[121],"class_list":["post-584819","post","type-post","status-publish","format-standard","has-post-thumbnail","hentry","category-huejutla","tag-huejutla","entry"],"_links":{"self":[{"href":"https:\/\/www.zunoticia.com\/noticias-de-hidalgo\/wp-json\/wp\/v2\/posts\/584819","targetHints":{"allow":["GET"]}}],"collection":[{"href":"https:\/\/www.zunoticia.com\/noticias-de-hidalgo\/wp-json\/wp\/v2\/posts"}],"about":[{"href":"https:\/\/www.zunoticia.com\/noticias-de-hidalgo\/wp-json\/wp\/v2\/types\/post"}],"author":[{"embeddable":true,"href":"https:\/\/www.zunoticia.com\/noticias-de-hidalgo\/wp-json\/wp\/v2\/users\/20"}],"replies":[{"embeddable":true,"href":"https:\/\/www.zunoticia.com\/noticias-de-hidalgo\/wp-json\/wp\/v2\/comments?post=584819"}],"version-history":[{"count":1,"href":"https:\/\/www.zunoticia.com\/noticias-de-hidalgo\/wp-json\/wp\/v2\/posts\/584819\/revisions"}],"predecessor-version":[{"id":584821,"href":"https:\/\/www.zunoticia.com\/noticias-de-hidalgo\/wp-json\/wp\/v2\/posts\/584819\/revisions\/584821"}],"wp:featuredmedia":[{"embeddable":true,"href":"https:\/\/www.zunoticia.com\/noticias-de-hidalgo\/wp-json\/wp\/v2\/media\/584820"}],"wp:attachment":[{"href":"https:\/\/www.zunoticia.com\/noticias-de-hidalgo\/wp-json\/wp\/v2\/media?parent=584819"}],"wp:term":[{"taxonomy":"category","embeddable":true,"href":"https:\/\/www.zunoticia.com\/noticias-de-hidalgo\/wp-json\/wp\/v2\/categories?post=584819"},{"taxonomy":"post_tag","embeddable":true,"href":"https:\/\/www.zunoticia.com\/noticias-de-hidalgo\/wp-json\/wp\/v2\/tags?post=584819"}],"curies":[{"name":"wp","href":"https:\/\/api.w.org\/{rel}","templated":true}]}}