{"id":584831,"date":"2025-03-01T19:56:10","date_gmt":"2025-03-02T01:56:10","guid":{"rendered":"https:\/\/www.zunoticia.com\/noticias-de-hidalgo\/?p=584831"},"modified":"2025-03-01T19:56:12","modified_gmt":"2025-03-02T01:56:12","slug":"planton-en-el-imss-ante-la-falta-de-una-ambulancia","status":"publish","type":"post","link":"https:\/\/www.zunoticia.com\/noticias-de-hidalgo\/2025\/03\/01\/planton-en-el-imss-ante-la-falta-de-una-ambulancia\/","title":{"rendered":"Plant\u00f3n en el IMSS ante la falta de una ambulancia"},"content":{"rendered":"<aside class=\"mashsb-container mashsb-main mashsb-stretched\"><div class=\"mashsb-box\"><div class=\"mashsb-count mash-large\" style=\"float:left\"><div class=\"counts mashsbcount\">0<\/div><span class=\"mashsb-sharetext\">SHARES<\/span><\/div><div class=\"mashsb-buttons\"><a class=\"mashicon-facebook mash-large mash-center mashsb-noshadow\" href=\"https:\/\/www.facebook.com\/sharer.php?u=https%3A%2F%2Fwww.zunoticia.com%2Fnoticias-de-hidalgo%2F2025%2F03%2F01%2Fplanton-en-el-imss-ante-la-falta-de-una-ambulancia%2F\" target=\"_top\" rel=\"nofollow\"><span class=\"icon\"><\/span><span class=\"text\">Share<\/span><\/a><a class=\"mashicon-twitter mash-large mash-center mashsb-noshadow\" href=\"https:\/\/twitter.com\/intent\/tweet?text=&amp;url=https:\/\/www.zunoticia.com\/noticias-de-hidalgo\/2025\/03\/01\/planton-en-el-imss-ante-la-falta-de-una-ambulancia\/\" target=\"_top\" rel=\"nofollow\"><span class=\"icon\"><\/span><span class=\"text\">Tweet<\/span><\/a><div class=\"onoffswitch2 mash-large mashsb-noshadow\" style=\"display:none\"><\/div><\/div>\n            <\/div>\n                <div style=\"clear:both\"><\/div><div class=\"mashsb-toggle-container\"><\/div><\/aside>\n            <!-- Share buttons by mashshare.net - Version: 4.0.47-->\n<p><em>Por Roberto Ram\u00edrez \/Zunoticia<\/em><\/p>\n\n\n\n<p><strong>Huejutla, Hgo.<\/strong> &#8211; Ante la falta de una unidad de emergencia en el Instituto Mexicano del Seguro Social &#8211; IMSS- para el traslado de un paciente grave, habitantes de este municipio llevaron un plat\u00f3n para que se agilizara ese servicio.&nbsp;&nbsp;<\/p>\n\n\n\n<p>Un grupo de personas de este municipio llegaron a esa cl\u00ednica para apoyar a la familia de un paciente, quien necesitaba un trasladado urgente a la ciudad de Pachuca, pero no hab\u00eda una ambulancia con las especificaciones de ox\u00edgeno y exigieron que se cumpliera con este servicio.<\/p>\n\n\n\n<p>Por varios minutos en ese hospital se vivieron momentos tensos, en donde finalmente el paciente que estaba en el lugar fue atendido de acuerdo con lo que necesitaba, y tras cumplir con este requerimiento la gente se retir\u00f3 de la cl\u00ednica.<\/p>\n\n\n\n<p><\/p>\n","protected":false},"excerpt":{"rendered":"<p>Por Roberto Ram\u00edrez \/Zunoticia Huejutla, Hgo. &#8211; Ante la falta de una unidad de emergencia en el Instituto Mexicano del Seguro Social &#8211; IMSS- para el traslado de un paciente grave, habitantes de este municipio llevaron un plat\u00f3n para que se agilizara ese servicio.&nbsp;&nbsp; Un grupo de personas de este municipio llegaron a esa cl\u00ednica&hellip; <a class=\"more-link\" href=\"https:\/\/www.zunoticia.com\/noticias-de-hidalgo\/2025\/03\/01\/planton-en-el-imss-ante-la-falta-de-una-ambulancia\/\">Seguir leyendo <span class=\"screen-reader-text\">Plant\u00f3n en el IMSS ante la falta de una ambulancia<\/span><\/a><\/p>\n","protected":false},"author":20,"featured_media":584832,"comment_status":"open","ping_status":"open","sticky":false,"template":"","format":"standard","meta":{"rop_custom_images_group":[],"rop_custom_messages_group":[],"rop_publish_now":"initial","rop_publish_now_accounts":{"facebook_10159540855086992_322828327761733":""},"rop_publish_now_history":[],"rop_publish_now_status":"pending","footnotes":""},"categories":[178],"tags":[259],"class_list":["post-584831","post","type-post","status-publish","format-standard","has-post-thumbnail","hentry","category-policiaca","tag-policiaca","entry"],"_links":{"self":[{"href":"https:\/\/www.zunoticia.com\/noticias-de-hidalgo\/wp-json\/wp\/v2\/posts\/584831","targetHints":{"allow":["GET"]}}],"collection":[{"href":"https:\/\/www.zunoticia.com\/noticias-de-hidalgo\/wp-json\/wp\/v2\/posts"}],"about":[{"href":"https:\/\/www.zunoticia.com\/noticias-de-hidalgo\/wp-json\/wp\/v2\/types\/post"}],"author":[{"embeddable":true,"href":"https:\/\/www.zunoticia.com\/noticias-de-hidalgo\/wp-json\/wp\/v2\/users\/20"}],"replies":[{"embeddable":true,"href":"https:\/\/www.zunoticia.com\/noticias-de-hidalgo\/wp-json\/wp\/v2\/comments?post=584831"}],"version-history":[{"count":1,"href":"https:\/\/www.zunoticia.com\/noticias-de-hidalgo\/wp-json\/wp\/v2\/posts\/584831\/revisions"}],"predecessor-version":[{"id":584833,"href":"https:\/\/www.zunoticia.com\/noticias-de-hidalgo\/wp-json\/wp\/v2\/posts\/584831\/revisions\/584833"}],"wp:featuredmedia":[{"embeddable":true,"href":"https:\/\/www.zunoticia.com\/noticias-de-hidalgo\/wp-json\/wp\/v2\/media\/584832"}],"wp:attachment":[{"href":"https:\/\/www.zunoticia.com\/noticias-de-hidalgo\/wp-json\/wp\/v2\/media?parent=584831"}],"wp:term":[{"taxonomy":"category","embeddable":true,"href":"https:\/\/www.zunoticia.com\/noticias-de-hidalgo\/wp-json\/wp\/v2\/categories?post=584831"},{"taxonomy":"post_tag","embeddable":true,"href":"https:\/\/www.zunoticia.com\/noticias-de-hidalgo\/wp-json\/wp\/v2\/tags?post=584831"}],"curies":[{"name":"wp","href":"https:\/\/api.w.org\/{rel}","templated":true}]}}