{"id":584864,"date":"2025-03-02T14:14:07","date_gmt":"2025-03-02T20:14:07","guid":{"rendered":"https:\/\/www.zunoticia.com\/noticias-de-hidalgo\/?p=584864"},"modified":"2025-03-02T14:14:09","modified_gmt":"2025-03-02T20:14:09","slug":"unesco-celebrara-acuerdo-con-ayuntamiento","status":"publish","type":"post","link":"https:\/\/www.zunoticia.com\/noticias-de-hidalgo\/2025\/03\/02\/unesco-celebrara-acuerdo-con-ayuntamiento\/","title":{"rendered":"UNESCO celebrar\u00e1 acuerdo con Ayuntamiento"},"content":{"rendered":"<aside class=\"mashsb-container mashsb-main mashsb-stretched\"><div class=\"mashsb-box\"><div class=\"mashsb-count mash-large\" style=\"float:left\"><div class=\"counts mashsbcount\">0<\/div><span class=\"mashsb-sharetext\">SHARES<\/span><\/div><div class=\"mashsb-buttons\"><a class=\"mashicon-facebook mash-large mash-center mashsb-noshadow\" href=\"https:\/\/www.facebook.com\/sharer.php?u=https%3A%2F%2Fwww.zunoticia.com%2Fnoticias-de-hidalgo%2F2025%2F03%2F02%2Funesco-celebrara-acuerdo-con-ayuntamiento%2F\" target=\"_top\" rel=\"nofollow\"><span class=\"icon\"><\/span><span class=\"text\">Share<\/span><\/a><a class=\"mashicon-twitter mash-large mash-center mashsb-noshadow\" href=\"https:\/\/twitter.com\/intent\/tweet?text=&amp;url=https:\/\/www.zunoticia.com\/noticias-de-hidalgo\/2025\/03\/02\/unesco-celebrara-acuerdo-con-ayuntamiento\/\" target=\"_top\" rel=\"nofollow\"><span class=\"icon\"><\/span><span class=\"text\">Tweet<\/span><\/a><div class=\"onoffswitch2 mash-large mashsb-noshadow\" style=\"display:none\"><\/div><\/div>\n            <\/div>\n                <div style=\"clear:both\"><\/div><div class=\"mashsb-toggle-container\"><\/div><\/aside>\n            <!-- Share buttons by mashshare.net - Version: 4.0.47-->\n<p><em>Por Redacci\u00f3n\/Zunoticia<\/em><\/p>\n\n\n\n<p><strong>Tlanchinol, Hgo.-<\/strong> Con el fin de impulsar el desarrollo comunitario y el rescate de la identidad cultural mediante acciones enfocadas a las necesidades de cada lugar, la Organizaci\u00f3n de las Naciones Unidas para la Educaci\u00f3n, la Ciencia y la Cultura, UNESCO, trabajar\u00e1 con los ayuntamientos mediante la entrega de una gu\u00eda t\u00e9cnica.<\/p>\n\n\n\n<p>Lo anterior fue dado a conocer por la titular de Desarrollo Econ\u00f3mico, Mar\u00eda del Rosario Esp\u00edndola Hern\u00e1ndez, quien particip\u00f3 en d\u00edas pasados en una reuni\u00f3n que se llev\u00f3 a cabo en la Ciudad de Pachuca en donde se realiz\u00f3 la primera Reuni\u00f3n Estatal de Cultura, evento en el cual estuvieron presentes todos los presidentes y presidentas municipales de los 84 municipios de Hidalgo, as\u00ed como tambi\u00e9n los titulares de cultura de cada uno de ellos.<\/p>\n\n\n\n<figure class=\"wp-block-image size-full\"><img fetchpriority=\"high\" decoding=\"async\" width=\"593\" height=\"395\" src=\"https:\/\/www.zunoticia.com\/noticias-de-hidalgo\/wp-content\/uploads\/2025\/03\/eZy-Watermark_02-03-2025_01-19-23-3750p.m.jpg\" alt=\"\" class=\"wp-image-584847\"\/><\/figure>\n\n\n\n<p>A dicha reuni\u00f3n acudi\u00f3 Mar\u00eda del Rosario Esp\u00edndola Hern\u00e1ndez, Secretaria de Desarrollo Econ\u00f3mico, en representaci\u00f3n del Presidente Municipal, Gabino Hern\u00e1ndez Vite y el Jefe del Departamento de Cultura, Jos\u00e9 Alberto Bustamante Vera.<\/p>\n\n\n\n<p>Se cont\u00f3 con la presencia de autoridades federales y estatales, entre ellas Roberto Rico Ram\u00edrez, Coordinador Nacional del Programa \u201cEl libro Bus en tu escuela\u201d; Milagros Karina Gardu\u00f1o Guzm\u00e1n en representaci\u00f3n de la Secretar\u00eda de Cultura Federal; Cynthia Citlalli Delgado Mendoza, Diputada Presidenta de la Comisi\u00f3n de Cultura del Congreso de Hidalgo y Neyda Naranjo Titular del \u00e1rea de Cultura.<\/p>\n\n\n\n<p>En esta reuni\u00f3n se dieron a conocer a Presidentes Municipales y Titulares de Cultura, los distintos programas y acciones que se encuentran a su alcance para generar estrategias en materia cultural, que respondan a sus necesidades espec\u00edficas y, sobre todo, contribuyan al bienestar de sus habitantes con un enfoque inclusivo, poniendo principal inter\u00e9s en la preservaci\u00f3n del patrimonio e identidad de cada comunidad.<\/p>\n\n\n\n<p>Tambi\u00e9n se dio a conocer una vinculaci\u00f3n con la UNESCO, misma que en los pr\u00f3ximos d\u00edas dar\u00e1 paso a la entrega de una gu\u00eda t\u00e9cnica que orientar\u00e1 a cada municipio en la elaboraci\u00f3n de programas de cultura enfocado a sus necesidades y condiciones&nbsp;espec\u00edficas.<\/p>\n","protected":false},"excerpt":{"rendered":"<p>Por Redacci\u00f3n\/Zunoticia Tlanchinol, Hgo.- Con el fin de impulsar el desarrollo comunitario y el rescate de la identidad cultural mediante acciones enfocadas a las necesidades de cada lugar, la Organizaci\u00f3n de las Naciones Unidas para la Educaci\u00f3n, la Ciencia y la Cultura, UNESCO, trabajar\u00e1 con los ayuntamientos mediante la entrega de una gu\u00eda t\u00e9cnica. Lo&hellip; <a class=\"more-link\" href=\"https:\/\/www.zunoticia.com\/noticias-de-hidalgo\/2025\/03\/02\/unesco-celebrara-acuerdo-con-ayuntamiento\/\">Seguir leyendo <span class=\"screen-reader-text\">UNESCO celebrar\u00e1 acuerdo con Ayuntamiento<\/span><\/a><\/p>\n","protected":false},"author":12,"featured_media":584846,"comment_status":"open","ping_status":"open","sticky":false,"template":"","format":"standard","meta":{"rop_custom_images_group":[],"rop_custom_messages_group":[],"rop_publish_now":"initial","rop_publish_now_accounts":{"facebook_10159540855086992_322828327761733":""},"rop_publish_now_history":[],"rop_publish_now_status":"pending","footnotes":""},"categories":[219,201],"tags":[127],"class_list":["post-584864","post","type-post","status-publish","format-standard","has-post-thumbnail","hentry","category-sierra","category-tlanchinol","tag-tlanchinol","entry"],"_links":{"self":[{"href":"https:\/\/www.zunoticia.com\/noticias-de-hidalgo\/wp-json\/wp\/v2\/posts\/584864","targetHints":{"allow":["GET"]}}],"collection":[{"href":"https:\/\/www.zunoticia.com\/noticias-de-hidalgo\/wp-json\/wp\/v2\/posts"}],"about":[{"href":"https:\/\/www.zunoticia.com\/noticias-de-hidalgo\/wp-json\/wp\/v2\/types\/post"}],"author":[{"embeddable":true,"href":"https:\/\/www.zunoticia.com\/noticias-de-hidalgo\/wp-json\/wp\/v2\/users\/12"}],"replies":[{"embeddable":true,"href":"https:\/\/www.zunoticia.com\/noticias-de-hidalgo\/wp-json\/wp\/v2\/comments?post=584864"}],"version-history":[{"count":1,"href":"https:\/\/www.zunoticia.com\/noticias-de-hidalgo\/wp-json\/wp\/v2\/posts\/584864\/revisions"}],"predecessor-version":[{"id":584865,"href":"https:\/\/www.zunoticia.com\/noticias-de-hidalgo\/wp-json\/wp\/v2\/posts\/584864\/revisions\/584865"}],"wp:featuredmedia":[{"embeddable":true,"href":"https:\/\/www.zunoticia.com\/noticias-de-hidalgo\/wp-json\/wp\/v2\/media\/584846"}],"wp:attachment":[{"href":"https:\/\/www.zunoticia.com\/noticias-de-hidalgo\/wp-json\/wp\/v2\/media?parent=584864"}],"wp:term":[{"taxonomy":"category","embeddable":true,"href":"https:\/\/www.zunoticia.com\/noticias-de-hidalgo\/wp-json\/wp\/v2\/categories?post=584864"},{"taxonomy":"post_tag","embeddable":true,"href":"https:\/\/www.zunoticia.com\/noticias-de-hidalgo\/wp-json\/wp\/v2\/tags?post=584864"}],"curies":[{"name":"wp","href":"https:\/\/api.w.org\/{rel}","templated":true}]}}